{"id":136886,"date":"2025-09-25T01:04:17","date_gmt":"2025-09-25T01:04:17","guid":{"rendered":"https:\/\/www.europesays.com\/es\/136886\/"},"modified":"2025-09-25T01:04:17","modified_gmt":"2025-09-25T01:04:17","slug":"nottingham-forest-las-notas-de-los-jugadores-las-sustituciones-acompanaron-al-futbol-de-antony","status":"publish","type":"post","link":"https:\/\/www.europesays.com\/es\/136886\/","title":{"rendered":"Nottingham Forest, las notas de los jugadores: las sustituciones acompa\u00f1aron al f\u00fatbol de Antony"},"content":{"rendered":"<p><img decoding=\"async\" class=\"voc-author__img\" src=\"https:\/\/www.europesays.com\/es\/wp-content\/uploads\/2025\/08\/1756350549_985_autor-6376-foto-1.jpeg\" alt=\"Orsay\"\/><\/p>\n<p>24\/09\/2025<br \/>\n<br \/><strong><br \/>\nActualizado 25\/09\/2025 a las 01:25h.<br \/>\n<\/strong><\/p>\n<p>      <a href=\"https:\/\/www.abc.es\/deportes\/alfinaldelapalmera\/noticias-betis\/javascript:void(0)\" data-voc-component=\"modal-open-dropdown\" data-target=\"open-comments-news-body-start\" class=\"voc-social__icon voc-social__icon--comments nibara-element\" title=\"Comentarios\" rel=\"nofollow noopener\" target=\"_blank\"><\/p>\n<p><\/a><\/p>\n<p class=\"voc-save-news__paragraph\">Esta funcionalidad es s\u00f3lo para suscriptores<\/p>\n<p><a href=\"https:\/\/secure.abc.es\/suscripcion#vca=suscribete&amp;vso=abcdesevilla&amp;vmc=on&amp;vli=comentarios-btn-flujo\" data-voc-vtm-id=\"comienzoSuscripcionON\" data-voc-vtm-info=\"btncomentar\" class=\"voc-btn voc-btn--w voc-btn--xs voc-save-news__btn\" rel=\"nofollow noopener\" target=\"_blank\"><br \/>\nSuscribete<br \/>\n<\/a><\/p>\n<p class=\"voc-p\" style=\"\">Empate del <strong>Betis<\/strong> con el <strong>Nottingham Forest<\/strong> (2-2) en el encuentro celebrado en el estadio de la Cartuja correspondiente a la primera jornada de la fase de liga de la Europa League.<\/p>\n<p class=\"voc-p\" style=\"\">El Betis se adelant\u00f3 en el marcador con un buen  &#8230; remate de <strong>Bakambu<\/strong> tras asistencia de Antony. Sin embargo la ventaja dur\u00f3 muy poco. En apenas cinco minutos, los que fueron del 18 al 23, el Nottingham Forest le dio la vuelta al marcador con dos goles de Igor Jesus. <\/p>\n<p class=\"voc-p\" style=\"\">El t\u00e9cnico verdiblanco realiz\u00f3 tres sustituciones en el tiempo de descanso y otras dos en el tramo final. Cuando apenas quedaban cinco minutos para el 90 lleg\u00f3 el definitivo 2-2 con gol de <strong>Antony<\/strong> a pase de Marc Roca. <\/p>\n<p>AS\u00cd JUGARON<\/p>\n<p><img decoding=\"async\" loading=\"lazy\" src=\"https:\/\/www.europesays.com\/es\/wp-content\/uploads\/2025\/09\/PAULOPEZ-U57518431257MDB-198x111@diario_abc.jpg\" class=\"voc-img\" width=\"198\" height=\"111\" alt=\"Imagen principal - APROBADO\"\/><\/p>\n<p class=\"voc-pretitle\">PAU L\u00d3PEZ<\/p>\n<p>APROBADO<\/p>\n<p class=\"voc-p\">Tuvo tarea, especialmente en el tramo de m\u00e1ximo dominio del Nottingham en el primer tiempo. Poco que hacer en los dos goles.<\/p>\n<p><img decoding=\"async\" loading=\"lazy\" src=\"https:\/\/www.europesays.com\/es\/wp-content\/uploads\/2025\/09\/ORTIZ-U34751225316wgR-198x111@diario_abc.jpg\" class=\"voc-img\" width=\"198\" height=\"111\" alt=\"Imagen principal - APROBADO\"\/><\/p>\n<p class=\"voc-pretitle\">ORTIZ<\/p>\n<p>APROBADO<\/p>\n<p class=\"voc-p\">Novedad en el once titular. Much\u00edsima voluntad pero sufri\u00f3 una barbaridad cuando el equipo ingl\u00e9s llegaba por su zona. Respir\u00f3 en el segundo tiempo e incluso estuvo en varias incorporaciones al ataque.<\/p>\n<p><img decoding=\"async\" loading=\"lazy\" src=\"https:\/\/www.europesays.com\/es\/wp-content\/uploads\/2025\/09\/NATAN-U06526184681AaM-198x111@diario_abc.jpg\" class=\"voc-img\" width=\"198\" height=\"111\" alt=\"Imagen principal - SUSPENSO\"\/><\/p>\n<p class=\"voc-pretitle\">NATAN<\/p>\n<p>SUSPENSO<\/p>\n<p class=\"voc-p\">Primer tiempo aut\u00e9nticamente para olvidar, superado en casi todas las llegadas del rival. Comenz\u00f3 a ganar algo de confianza tras el descanso.<\/p>\n<p><img decoding=\"async\" loading=\"lazy\" src=\"https:\/\/www.europesays.com\/es\/wp-content\/uploads\/2025\/09\/VALENTN-U14413476372Gvr-198x111@diario_abc.jpg\" class=\"voc-img\" width=\"198\" height=\"111\" alt=\"Imagen principal - SUSPENSO\"\/><\/p>\n<p class=\"voc-pretitle\">VALENT\u00cdN G\u00d3MEZ<\/p>\n<p>SUSPENSO<\/p>\n<p class=\"voc-p\">Transmite inseguridad en muchas facetas del juego. Le falta contundencia a la hora de ir al cruce. Atento en el cruce en una clara ocasi\u00f3n del Nottingham. <\/p>\n<p><img decoding=\"async\" loading=\"lazy\" src=\"https:\/\/www.europesays.com\/es\/wp-content\/uploads\/2025\/09\/JUIOR-U37854264128cKg-198x111@diario_abc.jpg\" class=\"voc-img\" width=\"198\" height=\"111\" alt=\"Imagen principal - SUSPENSO\"\/><\/p>\n<p class=\"voc-pretitle\">JUNIOR<\/p>\n<p>SUSPENSO<\/p>\n<p class=\"voc-p\">Nada de nada. Lo pas\u00f3 mal cuando el Nottingham iba varias velocidades m\u00e1s que el Betis en el primer tiempo. Sustituido al descanso. <\/p>\n<p><img decoding=\"async\" loading=\"lazy\" src=\"https:\/\/www.europesays.com\/es\/wp-content\/uploads\/2025\/09\/ALTIMIRA-U71147851666jaQ-198x111@diario_abc.jpg\" class=\"voc-img\" width=\"198\" height=\"111\" alt=\"Imagen principal - SUSPENSO\"\/><\/p>\n<p class=\"voc-pretitle\">ALTIMIRA<\/p>\n<p>SUSPENSO<\/p>\n<p class=\"voc-p\">Totalmente arrollado por la superioridad de Anderson y compa\u00f1\u00eda en la medular del Nottingham Forest durante el primer tiempo. Entre los tres futbolistas que fueron sustituidos en el descanso<\/p>\n<p><img decoding=\"async\" loading=\"lazy\" src=\"https:\/\/www.europesays.com\/es\/wp-content\/uploads\/2025\/09\/amrabat-U22552515375IGU-198x111@diario_abc.jpg\" class=\"voc-img\" width=\"198\" height=\"111\" alt=\"Imagen principal - APROBADO\"\/><\/p>\n<p class=\"voc-pretitle\">AMRABAT<\/p>\n<p>APROBADO<\/p>\n<p class=\"voc-p\">De menos a m\u00e1s. Perdido en el transcurso del primer tiempo y mejorando en la reanudaci\u00f3n cuando empez\u00f3 a ganar balones en el centro del campo. <\/p>\n<p><img decoding=\"async\" loading=\"lazy\" src=\"https:\/\/www.europesays.com\/es\/wp-content\/uploads\/2025\/09\/antony-betis-U73552185028ZsK-198x111@diario_abc.jpg\" class=\"voc-img\" width=\"198\" height=\"111\" alt=\"Imagen principal - NOTABLE\"\/><\/p>\n<p class=\"voc-pretitle\">ANTONY<\/p>\n<p>NOTABLE<\/p>\n<p class=\"voc-p\">Entre otras cosas vino para encontrar el camino en partidos complicados como el de hoy. Pidi\u00f3 el bal\u00f3n en todo momento. Encontr\u00f3 a Bakambu en la jugada del primer gol y estuvo muy atento para seguir la acci\u00f3n del empate rematando el pase de Marc Roca.   <\/p>\n<p><img decoding=\"async\" loading=\"lazy\" src=\"https:\/\/www.europesays.com\/es\/wp-content\/uploads\/2025\/09\/LOCELSO-U13655051530Zff-198x111@diario_abc.jpg\" class=\"voc-img\" width=\"198\" height=\"111\" alt=\"Imagen principal - APROBADO\"\/><\/p>\n<p class=\"voc-pretitle\">LO CELSO<\/p>\n<p>APROBADO<\/p>\n<p class=\"voc-p\">Le falt\u00f3 precisi\u00f3n a la hora de encontrar el \u00faltimo pase en la frontal del \u00e1rea rival. Sustituido a falta de un cuarto de hora. <\/p>\n<p><img decoding=\"async\" loading=\"lazy\" src=\"https:\/\/www.europesays.com\/es\/wp-content\/uploads\/2025\/09\/ABDE-U50801243224zUD-198x111@diario_abc.jpg\" class=\"voc-img\" width=\"198\" height=\"111\" alt=\"Imagen principal - SUSPENSO\"\/><\/p>\n<p class=\"voc-pretitle\">ABDE<\/p>\n<p>SUSPENSO<\/p>\n<p class=\"voc-p\">Poco que ver con el que destac\u00f3 hace muy pocos d\u00edas en el triunfo ante la Real Sociedad. Sustituido al descanso.<\/p>\n<p><img decoding=\"async\" loading=\"lazy\" src=\"https:\/\/www.europesays.com\/es\/wp-content\/uploads\/2025\/09\/BAKAMBU-U16757138073nHy-198x111@diario_abc.jpg\" class=\"voc-img\" width=\"198\" height=\"111\" alt=\"Imagen principal - BIEN\"\/><\/p>\n<p class=\"voc-pretitle\">BAKAMBU<\/p>\n<p>BIEN<\/p>\n<p class=\"voc-p\">El inicio de partido record\u00f3 al delantero que marcaba y marcaba en primavera. R\u00e1pido para girarse y rematar en la acci\u00f3n del gol b\u00e9tico. Le falt\u00f3 algo de aire en el segundo tiempo. Fue sustituido.<\/p>\n<p><img decoding=\"async\" loading=\"lazy\" src=\"https:\/\/www.europesays.com\/es\/wp-content\/uploads\/2025\/09\/RICARDO-U54184306240iWz-198x111@diario_abc.jpg\" class=\"voc-img\" width=\"198\" height=\"111\" alt=\"Imagen principal - APROBADO\"\/><\/p>\n<p class=\"voc-pretitle\">RICARDO RODR\u00cdGUEZ<\/p>\n<p>APROBADO<\/p>\n<p class=\"voc-p\">El equipo ingl\u00e9s lleg\u00f3 menos en el segundo tiempo. Se incorpor\u00f3 al ataque.  <\/p>\n<p><img decoding=\"async\" loading=\"lazy\" src=\"https:\/\/www.europesays.com\/es\/wp-content\/uploads\/2025\/09\/MARCROCA-U20213608637LAF-198x111@diario_abc.jpg\" class=\"voc-img\" width=\"198\" height=\"111\" alt=\"Imagen principal - BIEN\"\/><\/p>\n<p class=\"voc-pretitle\">MARC ROCA<\/p>\n<p>BIEN<\/p>\n<p class=\"voc-p\">Contribuy\u00f3 en una acci\u00f3n decisiva con el pase que remat\u00f3 Antony para el segundo gol b\u00e9tico<\/p>\n<p><img decoding=\"async\" loading=\"lazy\" src=\"https:\/\/www.europesays.com\/es\/wp-content\/uploads\/2025\/09\/RIQUELME-U16068314221LIi-198x111@diario_abc.jpg\" class=\"voc-img\" width=\"198\" height=\"111\" alt=\"Imagen principal - BIEN\"\/><\/p>\n<p class=\"voc-pretitle\">RIQUELME<\/p>\n<p>BIEN<\/p>\n<p class=\"voc-p\">De lo mejor que se le ha visto hasta el momento. Fue ganando presencia con el paso de los minutos. Falt\u00f3 algo m\u00e1s de precisi\u00f3n a la hora de conectar con los compa\u00f1eros.   <\/p>\n<p><img decoding=\"async\" loading=\"lazy\" src=\"https:\/\/www.europesays.com\/es\/wp-content\/uploads\/2025\/09\/CUCHO-U26403555885WDR-198x111@diario_abc.jpg\" class=\"voc-img\" width=\"198\" height=\"111\" alt=\"Imagen principal - BIEN\"\/><\/p>\n<p class=\"voc-pretitle\">CUCHO HERN\u00c1NDEZ<\/p>\n<p>BIEN<\/p>\n<p class=\"voc-p\">Ve el f\u00fatbol con mucha claridad. Recibe, se gira y lo mismo busca a un compa\u00f1ero que intenta encontrar porter\u00eda. Estuvo en la jugada del empate.  <\/p>\n<p><img decoding=\"async\" loading=\"lazy\" src=\"https:\/\/www.europesays.com\/es\/wp-content\/uploads\/2025\/09\/FORNALS-U84217624370nQK-198x111@diario_abc.jpg\" class=\"voc-img\" width=\"198\" height=\"111\" alt=\"Imagen principal - BIEN\"\/><\/p>\n<p class=\"voc-pretitle\">FORNALS<\/p>\n<p>BIEN<\/p>\n<p class=\"voc-p\">Transmiti\u00f3 buenas sensaciones a pesar de que estuvo poco m\u00e1s de un cuarto de hora en el campo. <\/p>\n<p><img decoding=\"async\" loading=\"lazy\" src=\"https:\/\/www.europesays.com\/es\/wp-content\/uploads\/2025\/09\/PELLEGRINI-U75651151155cYS-198x111@diario_abc.jpg\" class=\"voc-img\" width=\"198\" height=\"111\" alt=\"Imagen principal - BIEN\"\/><\/p>\n<p class=\"voc-pretitle\">PELLEGRINI<\/p>\n<p>BIEN<\/p>\n<p class=\"voc-p\">Lo tuvo claro al descanso y tambi\u00e9n cuando se acercaba el tramo final. Los cambios le dieron un giro al partido. <\/p>\n<p><img loading=\"lazy\" decoding=\"async\" width=\"530\" height=\"64\" class=\"logo-premium\" src=\"data:image\/gif;base64,R0lGODlhAQABAAAAACH5BAEKAAEALAAAAAABAAEAAAICTAEAOw==\" alt=\"ABC Premium\"\/><br \/>\nL\u00edmite de sesiones alcanzadas<\/p>\n<ul class=\"listado\">\n<li>El acceso al contenido Premium est\u00e1 abierto por cortes\u00eda del establecimiento donde te encuentras, pero ahora mismo hay demasiados usuarios conectados a la vez. Por favor, int\u00e9ntalo pasados unos minutos.<\/li>\n<\/ul>\n<p>Volver a intentar<\/p>\n<p><img loading=\"lazy\" decoding=\"async\" width=\"530\" height=\"64\" class=\"logo-premium\" src=\"data:image\/gif;base64,R0lGODlhAQABAAAAACH5BAEKAAEALAAAAAABAAEAAAICTAEAOw==\" alt=\"ABC Premium\"\/><br \/>\nHas superado el l\u00edmite de sesiones<\/p>\n<ul class=\"listado\">\n<li>S\u00f3lo puedes tener tres sesiones iniciadas a la vez. Hemos cerrado la sesi\u00f3n m\u00e1s antigua para que sigas navegando sin l\u00edmites en el resto.<\/li>\n<\/ul>\n<p>Sigue navegando<\/p>\n<p>\nArt\u00edculo solo para suscriptores\n<\/p>\n<p class=\"voc-btn__text\">\nVer comentarios<br \/>\n(0)\n<\/p>\n<p>Reportar un error<\/p>\n<p class=\"voc-save-news__paragraph\">Esta funcionalidad es s\u00f3lo para suscriptores<\/p>\n<p><a href=\"https:\/\/secure.abc.es\/suscripcion#vca=suscribete&amp;vso=abcdesevilla&amp;vmc=on&amp;vli=comentarios-btn-flujo\" data-voc-vtm-id=\"comienzoSuscripcionON\" data-voc-vtm-info=\"btncomentar\" class=\"voc-btn voc-btn--w voc-btn--xs voc-save-news__btn\" rel=\"nofollow noopener\" target=\"_blank\"><br \/>\nSuscribete<br \/>\n<\/a><\/p>\n","protected":false},"excerpt":{"rendered":"24\/09\/2025 Actualizado 25\/09\/2025 a las 01:25h. Esta funcionalidad es s\u00f3lo para suscriptores Suscribete Empate del Betis con el&hellip;\n","protected":false},"author":2,"featured_media":136887,"comment_status":"","ping_status":"","sticky":false,"template":"","format":"standard","meta":{"footnotes":""},"categories":[93],"tags":[291,168,25,24,5596,2713,17754,25244,23,167],"class_list":{"0":"post-136886","1":"post","2":"type-post","3":"status-publish","4":"format-standard","5":"has-post-thumbnail","7":"category-deportes","8":"tag-betis","9":"tag-deportes","10":"tag-es","11":"tag-espana","12":"tag-forest","13":"tag-jugadores","14":"tag-notas","15":"tag-nottingham","16":"tag-spain","17":"tag-sports"},"share_on_mastodon":{"url":"","error":""},"_links":{"self":[{"href":"https:\/\/www.europesays.com\/es\/wp-json\/wp\/v2\/posts\/136886","targetHints":{"allow":["GET"]}}],"collection":[{"href":"https:\/\/www.europesays.com\/es\/wp-json\/wp\/v2\/posts"}],"about":[{"href":"https:\/\/www.europesays.com\/es\/wp-json\/wp\/v2\/types\/post"}],"author":[{"embeddable":true,"href":"https:\/\/www.europesays.com\/es\/wp-json\/wp\/v2\/users\/2"}],"replies":[{"embeddable":true,"href":"https:\/\/www.europesays.com\/es\/wp-json\/wp\/v2\/comments?post=136886"}],"version-history":[{"count":0,"href":"https:\/\/www.europesays.com\/es\/wp-json\/wp\/v2\/posts\/136886\/revisions"}],"wp:featuredmedia":[{"embeddable":true,"href":"https:\/\/www.europesays.com\/es\/wp-json\/wp\/v2\/media\/136887"}],"wp:attachment":[{"href":"https:\/\/www.europesays.com\/es\/wp-json\/wp\/v2\/media?parent=136886"}],"wp:term":[{"taxonomy":"category","embeddable":true,"href":"https:\/\/www.europesays.com\/es\/wp-json\/wp\/v2\/categories?post=136886"},{"taxonomy":"post_tag","embeddable":true,"href":"https:\/\/www.europesays.com\/es\/wp-json\/wp\/v2\/tags?post=136886"}],"curies":[{"name":"wp","href":"https:\/\/api.w.org\/{rel}","templated":true}]}}