{"id":136890,"date":"2025-09-25T01:06:09","date_gmt":"2025-09-25T01:06:09","guid":{"rendered":"https:\/\/www.europesays.com\/es\/136890\/"},"modified":"2025-09-25T01:06:09","modified_gmt":"2025-09-25T01:06:09","slug":"tu-padre-esta-vibrando-con-esto","status":"publish","type":"post","link":"https:\/\/www.europesays.com\/es\/136890\/","title":{"rendered":"Tu padre est\u00e1 vibrando con esto"},"content":{"rendered":"<p class=\"c-paragraph\">Despu\u00e9s de meses de trabajo, <a href=\"https:\/\/www.20minutos.es\/tags\/personas\/alba-flores.html\" title=\"Alba Flores\" rel=\"nofollow noopener\" target=\"_blank\">Alba Flores<\/a> ha presentado\u00a0<b>Flores para Antonio, <\/b>un documental dirigido por Isaki Lacuesta y Elena Molina en el que la actriz homenajea y\u00a0busca la verdad su padre, Antonio Flores, con motivo del 30 aniversario de su muerte. Lo ha hecho en <a href=\"https:\/\/www.20minutos.es\/tags\/temas\/festival-de-san-sebastian.html\" title=\"Festival de San Sebasti\u00e1n\" rel=\"nofollow noopener\" target=\"_blank\">Festival de San Sebasti\u00e1n<\/a>, donde ha estado arropada por su familia.<\/p>\n<p class=\"c-paragraph\"><b>Sus t\u00edas <a href=\"https:\/\/www.20minutos.es\/tags\/personas\/rosario-flores.html\" title=\"Rosario Flores\" rel=\"nofollow noopener\" target=\"_blank\">Rosario<\/a> y <a href=\"https:\/\/www.20minutos.es\/tags\/personas\/lolita-flores.html\" title=\"Lolita Flores\" rel=\"nofollow noopener\" target=\"_blank\">Lolita<\/a> y sus primos han acompa\u00f1ado a la actriz <\/b>en todo momento durante su paso por la capital donostiarra y han aprovechado el visionado del proyecto para elogiarla.<\/p>\n<p class=\"c-paragraph\">Uno de los mensajes que ha destacado ha sido el de <a href=\"https:\/\/www.20minutos.es\/tags\/personas\/elena-furiase.html\" title=\"Elena Furiase\" rel=\"nofollow noopener\" target=\"_blank\">Elena Furiase<\/a>. La tambi\u00e9n actriz ha publicado en sus redes sociales <b>un texto dedicado a su prima<\/b>, en el que ha alabado su gran trabajo.<\/p>\n<p class=\"c-paragraph\">\u00abOrgullos\u00edsima de ti, prima m\u00eda.\u00a0<b><b>El t\u00edo Antonio, tu padre, est\u00e1 vibrando con todo esto\u00bb,<\/b><\/b>\u00a0recoge en una primera instancia el escrito que ha compartido a trav\u00e9s de una historia de Instagram.<\/p>\n<p class=\"c-paragraph\">\u00ab\u00a1Y es gracias a t\u00ed! Y al incre\u00edble equipo que te ha acompa\u00f1ado en este viaje\u00bb, a\u00f1ade la hija de Lolita Flores, mostrando su completa admiraci\u00f3n hacia su prima Alba. <b>\u00abGracias por esta constelaci\u00f3n familiar que tanta falta nos hac\u00eda\u00bb<\/b>, finaliza con su dedicatoria.<\/p>\n","protected":false},"excerpt":{"rendered":"Despu\u00e9s de meses de trabajo, Alba Flores ha presentado\u00a0Flores para Antonio, un documental dirigido por Isaki Lacuesta y&hellip;\n","protected":false},"author":2,"featured_media":136891,"comment_status":"","ping_status":"","sticky":false,"template":"","format":"standard","meta":{"footnotes":""},"categories":[91],"tags":[9623,7113,19640,146,147,25,24,9646,43211,8079,23],"class_list":{"0":"post-136890","1":"post","2":"type-post","3":"status-publish","4":"format-standard","5":"has-post-thumbnail","7":"category-entretenimiento","8":"tag-alba","9":"tag-elena","10":"tag-emotivo","11":"tag-entertainment","12":"tag-entretenimiento","13":"tag-es","14":"tag-espana","15":"tag-flores","16":"tag-furiase","17":"tag-mensaje","18":"tag-spain"},"share_on_mastodon":{"url":"","error":""},"_links":{"self":[{"href":"https:\/\/www.europesays.com\/es\/wp-json\/wp\/v2\/posts\/136890","targetHints":{"allow":["GET"]}}],"collection":[{"href":"https:\/\/www.europesays.com\/es\/wp-json\/wp\/v2\/posts"}],"about":[{"href":"https:\/\/www.europesays.com\/es\/wp-json\/wp\/v2\/types\/post"}],"author":[{"embeddable":true,"href":"https:\/\/www.europesays.com\/es\/wp-json\/wp\/v2\/users\/2"}],"replies":[{"embeddable":true,"href":"https:\/\/www.europesays.com\/es\/wp-json\/wp\/v2\/comments?post=136890"}],"version-history":[{"count":0,"href":"https:\/\/www.europesays.com\/es\/wp-json\/wp\/v2\/posts\/136890\/revisions"}],"wp:featuredmedia":[{"embeddable":true,"href":"https:\/\/www.europesays.com\/es\/wp-json\/wp\/v2\/media\/136891"}],"wp:attachment":[{"href":"https:\/\/www.europesays.com\/es\/wp-json\/wp\/v2\/media?parent=136890"}],"wp:term":[{"taxonomy":"category","embeddable":true,"href":"https:\/\/www.europesays.com\/es\/wp-json\/wp\/v2\/categories?post=136890"},{"taxonomy":"post_tag","embeddable":true,"href":"https:\/\/www.europesays.com\/es\/wp-json\/wp\/v2\/tags?post=136890"}],"curies":[{"name":"wp","href":"https:\/\/api.w.org\/{rel}","templated":true}]}}