{"id":136894,"date":"2025-09-25T01:08:09","date_gmt":"2025-09-25T01:08:09","guid":{"rendered":"https:\/\/www.europesays.com\/es\/136894\/"},"modified":"2025-09-25T01:08:09","modified_gmt":"2025-09-25T01:08:09","slug":"los-accionistas-de-sabadell-tendran-el-5-de-bbva-si-la-opa-alcanza-el-30-expansion","status":"publish","type":"post","link":"https:\/\/www.europesays.com\/es\/136894\/","title":{"rendered":"Los accionistas de Sabadell tendr\u00e1n el 5% de BBVA si la opa alcanza el 30% &#8211; Expansi\u00f3n"},"content":{"rendered":"<ol>\n<li><a href=\"https:\/\/news.google.com\/rss\/articles\/CBMiiAFBVV95cUxNSFRodExXRy1INUZOY2hqWDc1NlNaYkhaQ1JLNEhoNWdXbkl5blhKS1M3OHdlQ1haaW40X29RYkhmUXZOTmVoOWlNbzJoNEg0dnRCWlBMaUJ0ZjdYQzNxVXI2WTdxZ3Z6VHJjVnAyN29Vam9qeEZsZUYwdWI3SDZ6aEF1bnc4VmE20gGIAUFVX3lxTFB3NnBqd0Ntbi0xdEQtWkJEVlhKbDVYNFpFcTQwb0tIVVlTMFB2LVpFMy1Ubnd1ODNPdGc3M0NkZGpuNFdva09reFoycmF5eThxWmJiZ3hzR0o0c1g5OTAtU05sdWk4UzJSVGxJcnp1VkJVZUR4SU5jWkNnWG1XYmdFcWExWW5Zc2w?oc=5\" target=\"_blank\" rel=\"nofollow noopener\">Los accionistas de Sabadell tendr\u00e1n el 5% de BBVA si la opa alcanza el 30%<\/a>&nbsp;&nbsp;Expansi\u00f3n<\/li>\n<li><a href=\"https:\/\/news.google.com\/rss\/articles\/CBMivgFBVV95cUxPWi12QTJpX0FmWWJvQm11Z1FfRXlhYVpfTC1GcHNWNlFXcmE3MHlWTW15UTZGOVhxMEhlY3V3WGo5ZkZuUmhxOW0tOWxCQVlPWWVJcEEwYjUxSDUzYUZraHlHTFpTQWJ4dTI1ay1RTXNFd1M3OFFnR3F4RzBVeWk3Y3NBajJfT1FNNmJsTUJnMVJPYXRzcWJFcmNFekY5UExjbmN6STAwRllNcXBmUGVwMEVqMUMxNHVKcE1UVk1n?oc=5\" target=\"_blank\" rel=\"nofollow noopener\">El BBVA f\u00eda a BlackRock, Norges y Vanguard amarrar el 30% de la opa al Sabadell<\/a>&nbsp;&nbsp;EL PA\u00cdS<\/li>\n<li><a href=\"https:\/\/news.google.com\/rss\/articles\/CBMiiAFBVV95cUxPSG9MeHhYd2JwMVR1TVpPZW5SOGdqRVhvOW84QmlhSDF1WElkb1dDY25URWpxUTk4Q29HcThkaUsxbENRYkhkY185S0lZNXBtUFhzVUE1THlZbXhmdnd3M1gtTHlUSTF1dzA2eDJHWnB0MXBOLU5GWnFNbEtVWTdYUWdMLUJZTkVv0gGIAUFVX3lxTE9FOXBIZjNrZ2Z5bGxCc252UXJudHNuM3ZNSzZJZHJJUXNmQ1pTYTVrak1PaEswWFlNU2kwVTFXSERfLUpqUTlqMWM0V2tUaUxNTlY5YnQ1eWVSNld2UTRucFdnZFdxQjRoc3JFN1RsWHROYmZMU1YtMWVwX1YwTWJheHc4WjZlenA?oc=5\" target=\"_blank\" rel=\"nofollow noopener\">BBVA-Sabadell: las 10 claves de una segunda opa<\/a>&nbsp;&nbsp;Expansi\u00f3n<\/li>\n<li><a href=\"https:\/\/news.google.com\/rss\/articles\/CBMisgFBVV95cUxQR2hfREJYcWZYZm5zeU1sNjZWaWZ1LUdnN1U3SG45eHB3ejFwZDFuRVVza1lYbVZwLUNONWJZeUxyRU5FYUhpOGp5UFNveWtjbDhzVzZwb242M3hwTEJWcWdWRnRXbHF5cWUyQ2xKdi1aT0hBZnpnUUxYUDRBVVN4Wmw3N2NWSXNMcWpYSEZtcjVQQ2RWaWJ5RFhfSUw5ekVHM25yZ1duaXNEOFY0MHpCeHlB?oc=5\" target=\"_blank\" rel=\"nofollow noopener\">Radiograf\u00eda de los accionistas del Sabadell: fondos solapados, socios, minoristas\u2026<\/a>&nbsp;&nbsp;El Confidencial<\/li>\n<li><a href=\"https:\/\/news.google.com\/rss\/articles\/CBMi_gFBVV95cUxOaFJzR3R6WmxST1RQVWFGZUE0UlUxc3JmYnA4YkEzcDA0Q0JKS0dDNjJXNEpGZS1YaGtsMlE2SDVNZ05oOVV0UC1BQjJaRnVILXRNZGJQVXB4OURzeUZ3UnhEam15VE9yUFp6UnNCLXRjZTFOci1hbUpwdVByTDJCZzlhMW1kSzNRZlFfYmdjUlZpRlVzUkIxVkdRYjVfNDYtN0dmXzVWTlhrd2FrSEJLTUtPcVdTQUFGYVV0UlBrM3kzWkJuWHhwTGxkdmlfUkszaHpHREpScVlOMk1HNEc1SEEzOTNJSGlMLWRFWWFkaTB6dkFKSHFhMTZNNzdJUdIB_gFBVV95cUxOcXhDa21OYkZQYUV4V28yZTJQVFlGWnlZTVhPU21hWDNzQ0h5dXBQQS1jNmFKTE8xOWlwMWxlcFZ3UWxzYlRuUmc1OUplWXRnNUxaX1EtT25EQXRCdU5XWE85c0xkdE5vWVJ3Z0tQSzZtT2h5enFSdGRGVVFoT2pnZVNzQTcxc2t0S1VqNFg2VTRrY1VuYThFNmRZdkJWMWI3dkFNbE1lV0FqQ214VGdQZzVCeEt4WHJXQ0JrcTRzQ0dreEN5YVdOb29GWlR3LVVYbFVJeFkwVEswNk9ONEV6MTdmSzhZVDlGZm1CTGVKZVEwV01zaXdVdGpJTEpSdw?oc=5\" target=\"_blank\" rel=\"nofollow noopener\">El mensaje del Consejero Delegado del Banco Sabadell al BBVA por la OPA: \u00abNo habr\u00e1 un s\u00ed quiero, no habr\u00e1<\/a>&nbsp;&nbsp;Antena 3<\/li>\n<\/ol>\n","protected":false},"excerpt":{"rendered":"Los accionistas de Sabadell tendr\u00e1n el 5% de BBVA si la opa alcanza el 30%&nbsp;&nbsp;Expansi\u00f3n El BBVA f\u00eda&hellip;\n","protected":false},"author":2,"featured_media":136895,"comment_status":"","ping_status":"","sticky":false,"template":"","format":"standard","meta":{"footnotes":""},"categories":[80],"tags":[5219,3285,82,95,94,6133,25,24,23],"class_list":{"0":"post-136894","1":"post","2":"type-post","3":"status-publish","4":"format-standard","5":"has-post-thumbnail","7":"category-economia","8":"tag-banca","9":"tag-bbva","10":"tag-business","11":"tag-economia","12":"tag-economy","13":"tag-empresas-banca","14":"tag-es","15":"tag-espana","16":"tag-spain"},"share_on_mastodon":{"url":"","error":""},"_links":{"self":[{"href":"https:\/\/www.europesays.com\/es\/wp-json\/wp\/v2\/posts\/136894","targetHints":{"allow":["GET"]}}],"collection":[{"href":"https:\/\/www.europesays.com\/es\/wp-json\/wp\/v2\/posts"}],"about":[{"href":"https:\/\/www.europesays.com\/es\/wp-json\/wp\/v2\/types\/post"}],"author":[{"embeddable":true,"href":"https:\/\/www.europesays.com\/es\/wp-json\/wp\/v2\/users\/2"}],"replies":[{"embeddable":true,"href":"https:\/\/www.europesays.com\/es\/wp-json\/wp\/v2\/comments?post=136894"}],"version-history":[{"count":0,"href":"https:\/\/www.europesays.com\/es\/wp-json\/wp\/v2\/posts\/136894\/revisions"}],"wp:featuredmedia":[{"embeddable":true,"href":"https:\/\/www.europesays.com\/es\/wp-json\/wp\/v2\/media\/136895"}],"wp:attachment":[{"href":"https:\/\/www.europesays.com\/es\/wp-json\/wp\/v2\/media?parent=136894"}],"wp:term":[{"taxonomy":"category","embeddable":true,"href":"https:\/\/www.europesays.com\/es\/wp-json\/wp\/v2\/categories?post=136894"},{"taxonomy":"post_tag","embeddable":true,"href":"https:\/\/www.europesays.com\/es\/wp-json\/wp\/v2\/tags?post=136894"}],"curies":[{"name":"wp","href":"https:\/\/api.w.org\/{rel}","templated":true}]}}