{"id":136904,"date":"2025-09-25T01:14:09","date_gmt":"2025-09-25T01:14:09","guid":{"rendered":"https:\/\/www.europesays.com\/es\/136904\/"},"modified":"2025-09-25T01:14:09","modified_gmt":"2025-09-25T01:14:09","slug":"finalizara-en-el-primer-asalto-3","status":"publish","type":"post","link":"https:\/\/www.europesays.com\/es\/136904\/","title":{"rendered":"\u00abFinalizar\u00e1 en el primer asalto\u00bb"},"content":{"rendered":"<p><img decoding=\"async\" class=\"voc-author__img\" src=\"https:\/\/www.europesays.com\/es\/wp-content\/uploads\/2025\/09\/1758762849_494_autor-1617-foto-9.jpeg\" alt=\"\u00c1lvaro Colmenero\"\/><\/p>\n<p class=\"voc-p\" style=\"\"><strong>Aleksandre Topuria<\/strong> ya tiene<a href=\"https:\/\/www.abc.es\/deportes\/mma\/aleksandre-topuria-peleara-bekzat-almakhan-noviembre-ufc-20250903162803-nt.html\" target=\"_self\" data-voc-vtm-id=\"in-text-traffic\" title=\" un nuevo compromiso en el horizonte.\" rel=\"nofollow noopener\"> un nuevo compromiso en el horizonte.<\/a> El Conquistador, como se le conoce dentro del oct\u00e1gono, buscar\u00e1 sumar su segundo triunfo dentro de la UFC el pr\u00f3ximo 22 de noviembre, en el primer evento que har\u00e1 la compa\u00f1\u00eda estadounidense en tierras catar\u00edes. Despu\u00e9s de su exitoso estreno en la mayor liga de artes marciales mixtas, el pasado mes de febrero, Aleksandre quiere continuar escalando en la divisi\u00f3n del peso gallo (135 libras, 61,2 kilos). <\/p>\n<p class=\"voc-p\" style=\"\">Para ello, tendr\u00e1 que imponerse a un duro peleador, <strong>Bekzat Almakhan<\/strong>, un atleta de origen kazajo que<a href=\"https:\/\/www.abc.es\/deportes\/mma\/aleksandre-topuria-peleara-bekzat-almakhan-noviembre-ufc-20250903162803-nt.html\" target=\"_self\" data-voc-vtm-id=\"in-text-traffic\" title=\" llegar\u00e1 al combate\" rel=\"nofollow noopener\"> llegar\u00e1 al combate<\/a> despu\u00e9s de haber vencido a Brad Katona en el primer asalto, este mismo a\u00f1o. Almakhan debut\u00f3 en 2024 en la UFC con una derrota frente al contendiente Umar Nurmagomedov, pero lo hizo entrando en la pelea en corto aviso y<strong> dando mucha guerra<\/strong> dentro del pleito. La realidad es que es un tipo muy peligroso dentro del oct\u00e1gono.<\/p>\n<p class=\"voc-p\" style=\"\">Sin embargo, Ilia Topuria tiene <a href=\"https:\/\/www.abc.es\/deportes\/mma\/aleksandre-topuria-peleara-bekzat-almakhan-noviembre-ufc-20250903162803-nt.html\" target=\"_self\" data-voc-vtm-id=\"in-text-traffic\" title=\"muy claro el resultado\" rel=\"nofollow noopener\">muy claro el resultado<\/a> que obtendr\u00e1 Aleksandre en Catar. \u00abEs un combate que, de cara al p\u00fablico, parece muy complicado, ya que es un rival a respetar y a tenerlo en cuenta, pero no tengo ninguna duda de las habilidades de mi hermano. <strong>Estoy seguro de que finalizar\u00e1 en el primer asalto, le veo muy preparado<\/strong>\u00bb, se\u00f1al\u00f3 El Matador en la rueda de prensa previa a WOW 22, el evento de la promotora espa\u00f1ola de la que es accionista. <\/p>\n<p class=\"voc-p\" style=\"\">La hinchada espa\u00f1ola cuenta ya los d\u00edas para que llegue el combate de Aleksandre, en quien hay depositadas muchas esperanzas para que pueda llegar a las cotas m\u00e1s altas dentro de la UFC. Aunque El Conquistador tiene los pies en la tierras, y ya se\u00f1al\u00f3 a ABC que ir\u00eda \u00abpaso a paso\u00bb, sin dar saltos demasiado grandes, lo cierto es que tiene unas habilidades extraordinarias y, si todo sigue su curso, es probable que le veamos disputando las peleas m\u00e1s importantes dentro de la compa\u00f1\u00eda estadounidense. <\/p>\n<p>Reportar un error<\/p>\n","protected":false},"excerpt":{"rendered":"Aleksandre Topuria ya tiene un nuevo compromiso en el horizonte. El Conquistador, como se le conoce dentro del&hellip;\n","protected":false},"author":2,"featured_media":136905,"comment_status":"","ping_status":"","sticky":false,"template":"","format":"standard","meta":{"footnotes":""},"categories":[276],"tags":[33177,17223,168,25,24,43212,347,3968,977,12391,349,23,167,348,343],"class_list":{"0":"post-136904","1":"post","2":"type-post","3":"status-publish","4":"format-standard","5":"has-post-thumbnail","7":"category-ufc","8":"tag-aleksandre","9":"tag-asalto","10":"tag-deportes","11":"tag-es","12":"tag-espana","13":"tag-finalizara","14":"tag-ilia","15":"tag-pelea","16":"tag-primer","17":"tag-pronostica","18":"tag-siguiente","19":"tag-spain","20":"tag-sports","21":"tag-topuria","22":"tag-ufc"},"share_on_mastodon":{"url":"","error":""},"_links":{"self":[{"href":"https:\/\/www.europesays.com\/es\/wp-json\/wp\/v2\/posts\/136904","targetHints":{"allow":["GET"]}}],"collection":[{"href":"https:\/\/www.europesays.com\/es\/wp-json\/wp\/v2\/posts"}],"about":[{"href":"https:\/\/www.europesays.com\/es\/wp-json\/wp\/v2\/types\/post"}],"author":[{"embeddable":true,"href":"https:\/\/www.europesays.com\/es\/wp-json\/wp\/v2\/users\/2"}],"replies":[{"embeddable":true,"href":"https:\/\/www.europesays.com\/es\/wp-json\/wp\/v2\/comments?post=136904"}],"version-history":[{"count":0,"href":"https:\/\/www.europesays.com\/es\/wp-json\/wp\/v2\/posts\/136904\/revisions"}],"wp:featuredmedia":[{"embeddable":true,"href":"https:\/\/www.europesays.com\/es\/wp-json\/wp\/v2\/media\/136905"}],"wp:attachment":[{"href":"https:\/\/www.europesays.com\/es\/wp-json\/wp\/v2\/media?parent=136904"}],"wp:term":[{"taxonomy":"category","embeddable":true,"href":"https:\/\/www.europesays.com\/es\/wp-json\/wp\/v2\/categories?post=136904"},{"taxonomy":"post_tag","embeddable":true,"href":"https:\/\/www.europesays.com\/es\/wp-json\/wp\/v2\/tags?post=136904"}],"curies":[{"name":"wp","href":"https:\/\/api.w.org\/{rel}","templated":true}]}}