{"id":136942,"date":"2025-09-25T01:33:16","date_gmt":"2025-09-25T01:33:16","guid":{"rendered":"https:\/\/www.europesays.com\/es\/136942\/"},"modified":"2025-09-25T01:33:16","modified_gmt":"2025-09-25T01:33:16","slug":"nunez-se-averguenza-de-page-por-celebrar-la-derrota-de-sanchez-cuando-su-numero-2-voto-a-favor-ceder-la-politica-de-inmigracion-a-cataluna","status":"publish","type":"post","link":"https:\/\/www.europesays.com\/es\/136942\/","title":{"rendered":"N\u00fa\u00f1ez se \u00abaverg\u00fcenza\u00bb de Page por celebrar la derrota de S\u00e1nchez cuando su n\u00famero 2 vot\u00f3 a favor ceder la pol\u00edtica de inmigraci\u00f3n a Catalu\u00f1a"},"content":{"rendered":"<p class=\"voc-pretitle\">\ncatalu\u00f1a\n<\/p>\n<p>El presidente del PP de Castilla-La Mancha pide al bar\u00f3n socialista \u00abque deje de re\u00edrse de los castellanomanchegos, que no se merecen un presidente as\u00ed\u00bb<\/p>\n<p><img fetchpriority=\"high\" class=\"voc-img\" src=\"https:\/\/www.europesays.com\/es\/wp-content\/uploads\/2025\/09\/N\u00d1EZJDA(4)-RHL8AkGQvLj6HJv52rsjIOL-1200x840@diario_abc.jpg\" loading=\"eager\" decoding=\"async\" alt=\"Paco N\u00fa\u00f1ez, presidente del PP de Castilla-La Mancha\" width=\"1200\" height=\"840\"\/><\/p>\n<p>Paco N\u00fa\u00f1ez, presidente del PP de Castilla-La Mancha      <\/p>\n<p class=\"voc-p\" style=\"\">El presidente del Partido Popular de Castilla-La Mancha, Paco N\u00fa\u00f1ez, ha exigido este mi\u00e9rcoles a Emiliano Garc\u00eda-Page \u00abque<strong> deje de re\u00edrse de los castellanomanchegos\u00bb<\/strong> y que \u00abpare ya este teatro\u00bb tras sus declaraciones en las que celebraba que no se traspasasen las competencias de inmigraci\u00f3n a Catalu\u00f1a, a pesar de que los diputados socialistas de la regi\u00f3n votaron a favor de la medida en el Congreso.<\/p>\n<p class=\"voc-p\" style=\"\"><strong>\u00abLos castellanomanchegos no nos merecemos un presidente as\u00ed\u00bb<\/strong>, ha afirmado N\u00fa\u00f1ez, que ha acusado al dirigente socialista de mostrarse satisfecho con un resultado contrario a lo que orden\u00f3 a su grupo parlamentario. En este sentido, record\u00f3 que entre los diputados que votaron a favor se encontraba su n\u00famero dos, Sergio Guti\u00e9rrez, junto con el resto de parlamentarios socialistas por Castilla-La Mancha.<\/p>\n<p class=\"voc-p\" style=\"\">El l\u00edder popular se\u00f1al\u00f3 que coincide en que la<strong> propuesta \u00abcuenta con un tinte racista\u00bb<\/strong>, pero subray\u00f3 que \u00abla diferencia es que los diputados del PP en el Congreso por Castilla-La Mancha votaron en contra de la misma, mientras que los diputados de Page la votaron a favor\u00bb, lo que a su juicio <strong>\u00abinhabilita que Page se pueda alegrar como si \u00e9l fuera el salvador de la patria\u00bb.<\/strong><\/p>\n<p class=\"voc-p\" style=\"\">Por \u00faltimo, N\u00fa\u00f1ez<strong> calific\u00f3 de \u00abverg\u00fcenza\u00bb la actitud del presidente auton\u00f3mico<\/strong>, al que acus\u00f3 de buscar permanentemente titulares para aparentar ser \u00abun socialista moderado\u00bb. \u00abLo que realmente es un c\u00ednico en pol\u00edtica que no se merece estar en el cargo que ostenta, mintiendo permanentemente al conjunto de nuestros paisanos\u00bb, concluy\u00f3.<\/p>\n<p>Reportar un error<\/p>\n","protected":false},"excerpt":{"rendered":"catalu\u00f1a El presidente del PP de Castilla-La Mancha pide al bar\u00f3n socialista \u00abque deje de re\u00edrse de los&hellip;\n","protected":false},"author":2,"featured_media":136943,"comment_status":"","ping_status":"","sticky":false,"template":"","format":"standard","meta":{"footnotes":""},"categories":[8],"tags":[43214,17,18,1980,34428,16218,2244,25,24,14269,13,14,11,590,19,20,9,10,15,16,5533,2855,25476,952,199,23,12,21,22,23661],"class_list":{"0":"post-136942","1":"post","2":"type-post","3":"status-publish","4":"format-standard","5":"has-post-thumbnail","7":"category-espana","8":"tag-averguenza","9":"tag-breaking-news","10":"tag-breakingnews","11":"tag-cataluna","12":"tag-ceder","13":"tag-celebrar","14":"tag-derrota","15":"tag-es","16":"tag-espana","17":"tag-favor","18":"tag-featured-news","19":"tag-featurednews","20":"tag-headlines","21":"tag-inmigracion","22":"tag-latest-news","23":"tag-latestnews","24":"tag-news","25":"tag-noticias","26":"tag-noticias-destacadas","27":"tag-noticiasdestacadas","28":"tag-numero","29":"tag-nunez","30":"tag-page","31":"tag-politica","32":"tag-sanchez","33":"tag-spain","34":"tag-titulares","35":"tag-ultimas-noticias","36":"tag-ultimasnoticias","37":"tag-voto"},"share_on_mastodon":{"url":"","error":""},"_links":{"self":[{"href":"https:\/\/www.europesays.com\/es\/wp-json\/wp\/v2\/posts\/136942","targetHints":{"allow":["GET"]}}],"collection":[{"href":"https:\/\/www.europesays.com\/es\/wp-json\/wp\/v2\/posts"}],"about":[{"href":"https:\/\/www.europesays.com\/es\/wp-json\/wp\/v2\/types\/post"}],"author":[{"embeddable":true,"href":"https:\/\/www.europesays.com\/es\/wp-json\/wp\/v2\/users\/2"}],"replies":[{"embeddable":true,"href":"https:\/\/www.europesays.com\/es\/wp-json\/wp\/v2\/comments?post=136942"}],"version-history":[{"count":0,"href":"https:\/\/www.europesays.com\/es\/wp-json\/wp\/v2\/posts\/136942\/revisions"}],"wp:featuredmedia":[{"embeddable":true,"href":"https:\/\/www.europesays.com\/es\/wp-json\/wp\/v2\/media\/136943"}],"wp:attachment":[{"href":"https:\/\/www.europesays.com\/es\/wp-json\/wp\/v2\/media?parent=136942"}],"wp:term":[{"taxonomy":"category","embeddable":true,"href":"https:\/\/www.europesays.com\/es\/wp-json\/wp\/v2\/categories?post=136942"},{"taxonomy":"post_tag","embeddable":true,"href":"https:\/\/www.europesays.com\/es\/wp-json\/wp\/v2\/tags?post=136942"}],"curies":[{"name":"wp","href":"https:\/\/api.w.org\/{rel}","templated":true}]}}