{"id":136950,"date":"2025-09-25T01:41:11","date_gmt":"2025-09-25T01:41:11","guid":{"rendered":"https:\/\/www.europesays.com\/es\/136950\/"},"modified":"2025-09-25T01:41:11","modified_gmt":"2025-09-25T01:41:11","slug":"lidia-castro-ciclista-internacional-en-el-mundial-de-kigali-ivan-romeo-es-un-idolo-para-toda-la-escuela-vallisoletana-y-un-modelo-a-seguir","status":"publish","type":"post","link":"https:\/\/www.europesays.com\/es\/136950\/","title":{"rendered":"Lidia Castro, Ciclista internacional en el Mundial de Kigali: \u00abIv\u00e1n Romeo es un \u00eddolo para toda la escuela vallisoletana y un modelo a seguir\u00bb"},"content":{"rendered":"<p>A Lidia Castro (Valladolid, 2008) la sonrisilla la delata. \u00abS\u00ed, estoy muy ilusionada\u00bb, comienza cuando se le pregunta por su viaje al Mundial de Ciclismo  &#8230; de Kigali, s\u00ed, el de Remco Evenepoel, Tadej Pogacar&#8230; O, mejor, el de Marlen Reusser, Mireia Benito o el de Lotte Kopecky, en las que la vallisoletana tiene a sus referentes dentro del asfalto. O el Mundial de Iv\u00e1n Romeo, tambi\u00e9n debutante con la selecci\u00f3n espa\u00f1ola \u2013como Lidia\u2013, aunque con unas categor\u00edas de diferencia. \u00abQu\u00e9 decir de Iv\u00e1n&#8230; Es un \u00eddolo para toda nuestra escuela, para la escuela de Juan Carlos Dom\u00ednguez. Es un modelo a seguir\u00bb, admite la joven corredora de 17 a\u00f1os, que compite en la categor\u00eda j\u00fanior.<\/p>\n<p><a href=\"http:\/\/www.elnortedecastilla.es\/deportes\/ciclismo\/romeo-undecimo-nueva-exhibicion-evenepoel-dobla-pogacar-20250921165644-nt.html#vtm_modulosEngag=mod-rel:deportes:noticia:1:cmp:1-not\" class=\"v-a-link\" aria-label=\"Imagen\" rel=\"nofollow noopener\" target=\"_blank\"><\/p>\n<p><img decoding=\"async\" loading=\"lazy\" src=\"https:\/\/www.europesays.com\/es\/wp-content\/uploads\/2025\/09\/1501041869-kfMF--366x256@El Norte.jpg\" class=\"v-a-img\" width=\"258\" height=\"180\" alt=\"\" data-voc-vtm-id=\"in-text-traffic\"\/><\/p>\n<p><\/a><\/p>\n<p class=\"v-p\">La corredora de La Flecha competir\u00e1 este s\u00e1bado en la prueba en ruta de su categor\u00eda (8:20 horas), con un trazado de 74 kil\u00f3metros y 1.493 metros de desnivel. \u00abEs un recorrido sin un gran puerto, pero con un par de repechos que se van a hacer muy duros seg\u00fan vayan pasado las vueltas, ya que hay que pasarlos varias veces\u00bb, analiza la deportista que ha completado una gran temporada, y que aunque no se hac\u00eda ilusiones con la llamada de la selecci\u00f3n, s\u00ed la ten\u00eda en mente. <\/p>\n<p class=\"v-p\">\u00abMe hizo mucha ilusi\u00f3n, es verdad que hab\u00eda completado una buena temporada tanto a nivel nacional como internacional&#8230; Pero cuando me llamaron, fue una gran alegr\u00eda\u00bb, desvela Lidia, que inmediatamente nada m\u00e1s terminar el Mundial, centrar\u00e1 sus fuerzas en el Europeo de Dr\u00f4me y Ard\u00e8che, que se disputa en Francia, entre el 1 y el 5 de octubre. \u00abEs una oportunidad para aprovechar el pico de forma\u00bb, se\u00f1ala en relaci\u00f3n a una pr\u00e1ctica que van a seguir la mayor\u00eda de los mundialistas en Kigali.<\/p>\n<p class=\"v-p\">Lidia debuta en la cita ruandesa con ganas de hacer equipo y, en principio, a las \u00f3rdenes de la l\u00edder del equipo, la navarra Paula Ostiz, que el pasado martes se proclam\u00f3 subcampeona del mundo en la prueba contrarreloj. \u00abTengo muchas ganas de aportar al equipo y creo que con Paula podemos lograr la victoria\u00bb, destaca con ilusi\u00f3n.<\/p>\n<p class=\"v-p\">Ser\u00e1, como en las carreras absolutas un trazado de eliminaci\u00f3n, en el que, previsiblemente, con cada vueltas haya corredoras que se queden descolgadas, incluso retiradas. \u00abHay mucho nivel, pero tambi\u00e9n en Espa\u00f1a\u00bb, defiende la joven vallisoletana, que asegura que el ciclismo femenino avanza a marchas forzadas y cada vez hay m\u00e1s corredoras y talento.<\/p>\n<p class=\"v-p\">Entre ellas, est\u00e1 la vallisoletana, que ha recibido la llamada del Jayco Alula, equipo profesional de ciclismo \u2013con cuadro masculino y femenino en la \u00e9lite\u2013 para realizar una concentraci\u00f3n en Calpe en el mes de diciembre. \u00abFue otro alegr\u00f3n, y una motivaci\u00f3n extra\u00bb, subraya, aunque la llamada de la formaci\u00f3n australiana no sea la primera, ya que Lidia ya estuvo el pasado invierno en el &#8216;stage&#8217; del UAE en Benidorm, una llamada que adem\u00e1s le hizo renunciar al Mundial de Ciclocross para compartir d\u00edas con el propio Pogacar.<\/p>\n","protected":false},"excerpt":{"rendered":"A Lidia Castro (Valladolid, 2008) la sonrisilla la delata. \u00abS\u00ed, estoy muy ilusionada\u00bb, comienza cuando se le pregunta&hellip;\n","protected":false},"author":2,"featured_media":136951,"comment_status":"","ping_status":"","sticky":false,"template":"","format":"standard","meta":{"footnotes":""},"categories":[273],"tags":[313,312,168,25,9076,24,5900,4358,3431,4359,1791,23,167,28913],"class_list":{"0":"post-136950","1":"post","2":"type-post","3":"status-publish","4":"format-standard","5":"has-post-thumbnail","7":"category-ciclismo","8":"tag-ciclismo","9":"tag-cycling","10":"tag-deportes","11":"tag-es","12":"tag-escuela","13":"tag-espana","14":"tag-idolo","15":"tag-ivan","16":"tag-modelo","17":"tag-romeo","18":"tag-seguir","19":"tag-spain","20":"tag-sports","21":"tag-vallisoletana"},"share_on_mastodon":{"url":"","error":""},"_links":{"self":[{"href":"https:\/\/www.europesays.com\/es\/wp-json\/wp\/v2\/posts\/136950","targetHints":{"allow":["GET"]}}],"collection":[{"href":"https:\/\/www.europesays.com\/es\/wp-json\/wp\/v2\/posts"}],"about":[{"href":"https:\/\/www.europesays.com\/es\/wp-json\/wp\/v2\/types\/post"}],"author":[{"embeddable":true,"href":"https:\/\/www.europesays.com\/es\/wp-json\/wp\/v2\/users\/2"}],"replies":[{"embeddable":true,"href":"https:\/\/www.europesays.com\/es\/wp-json\/wp\/v2\/comments?post=136950"}],"version-history":[{"count":0,"href":"https:\/\/www.europesays.com\/es\/wp-json\/wp\/v2\/posts\/136950\/revisions"}],"wp:featuredmedia":[{"embeddable":true,"href":"https:\/\/www.europesays.com\/es\/wp-json\/wp\/v2\/media\/136951"}],"wp:attachment":[{"href":"https:\/\/www.europesays.com\/es\/wp-json\/wp\/v2\/media?parent=136950"}],"wp:term":[{"taxonomy":"category","embeddable":true,"href":"https:\/\/www.europesays.com\/es\/wp-json\/wp\/v2\/categories?post=136950"},{"taxonomy":"post_tag","embeddable":true,"href":"https:\/\/www.europesays.com\/es\/wp-json\/wp\/v2\/tags?post=136950"}],"curies":[{"name":"wp","href":"https:\/\/api.w.org\/{rel}","templated":true}]}}