{"id":136954,"date":"2025-09-25T01:43:09","date_gmt":"2025-09-25T01:43:09","guid":{"rendered":"https:\/\/www.europesays.com\/es\/136954\/"},"modified":"2025-09-25T01:43:09","modified_gmt":"2025-09-25T01:43:09","slug":"el-lobe-huesca-cumple-con-el-tramite-amistoso-ante-el-casademont-sub22-60-76","status":"publish","type":"post","link":"https:\/\/www.europesays.com\/es\/136954\/","title":{"rendered":"El Lobe Huesca cumple con el tr\u00e1mite amistoso ante el Casademont sub22 (60-76)"},"content":{"rendered":"<p class=\"paragraph\">El <a href=\"https:\/\/www.heraldo.es\/tags\/instituciones_empresas\/penas_huesca.html\" title=\"Pe\u00f1as Huesca\" rel=\"nofollow noopener\" target=\"_blank\">Lobe Huesca La Magia<\/a> cumpli\u00f3 con el tr\u00e1mite amistoso ante el Casademont Sub22 (60-76) en el encuentro disputado en el polideportivo Juan de Lanuza de Utebo, y encara con mayor confianza el tercer duelo de Copa Espa\u00f1a, que llevar\u00e1 a los de Rafa Sanz hasta Salou (17.30). Despu\u00e9s de dos victorias anteriores en la competici\u00f3n copera, el cuadro pe\u00f1ista ya atisba la ronda eliminatoria de un torneo que para el t\u00e9cnico resulta \u00abinteresante y convence bastante\u00bb.<\/p>\n<p class=\"paragraph\">El choque de esta tarde era el primer amistoso al que hac\u00eda frente el cuadro oscense. Los verdiblancos comenzaron el encuentro algo dubitativos, <b>lleg\u00e1ndose a poner siete puntos abajo<\/b>. Sin embargo, la reacci\u00f3n apenas tard\u00f3 en llegar, y los primeros diez minutos concluyeron con un parcial de 16-26. Un arre\u00f3n inicial que continu\u00f3 en el segundo cuarto,\u00a0cuando el Lobe segu\u00eda haciendo mucho da\u00f1o tanto desde el exterior como en la pintura. El combinado capitalino estaba siendo condenado por la falta de acierto. <b>Al descanso, 25-44<\/b>.<\/p>\n<p class=\"paragraph\">El <a href=\"https:\/\/www.heraldo.es\/tags\/instituciones_empresas\/basket-zaragoza.html\" title=\"Casademont Zaragoza\" rel=\"nofollow noopener\" target=\"_blank\">Casademont <\/a>busc\u00f3 la reacci\u00f3n en la segunda mitad. Aunque la renta era excesiva -19 puntos al descanso-, los locales lograron mantener las distancias, y <b>llevar\u00edan el marcador hasta el 41-57 al t\u00e9rmino del tercer cuarto<\/b>. Ya en el \u00faltimo periodo, las diferencias se ampliar\u00edan gracias a las facilidades en el tiro pe\u00f1ista y las prisas de un conjunto capitalino venido a menos. Tras la conclusi\u00f3n de este encuentro de preparaci\u00f3n, 60-76 como marcador final que dice poco m\u00e1s que el mero resultado.<\/p>\n<p class=\"paragraph\"><b>Menci\u00f3n especial para los pe\u00f1istas H\u00e9ctor Figueroa<\/b>, que sum\u00f3 31 puntos incluidos siete triples -con un 53% de acierto-, e Ismael Corraliza, que tambi\u00e9n se fue a las dos cifras gracias a sus diez puntos. En las filas zaragozanas,\u00a0Seydina Limamoulaye con once puntos y tres rebotes, y Youssouf Traor\u00e9 con ocho puntos y nueve rebotes, los m\u00e1s destacados.<\/p>\n<p>Ficha t\u00e9cnica<\/p>\n<p class=\"paragraph\"><b>Casademont sub22<\/b>: Hugo (6); Jorge (2); Matija (1), S\u00e1nchez (3); Rub\u00e9n (7); Carlos (3); Mambi (8); Moreno (7); Anthony (5); Keita (2); Cativiela (5) y Seydina (11).<\/p>\n<p class=\"paragraph\"><b>Lobe Huesca La Magia<\/b>: Thiam (6); Oliver (6); Jaden Wells (9); Lacruz (0); Terreros (3); Figueroa (31); Corraliza (10); Badmus (2); Pedro (6); Fortu\u00f1o y Guillem (3).<\/p>\n<p class=\"paragraph\"><b>Parciales<\/b>: 16-26; 9-18; 16-13; 19-19.<\/p>\n<p class=\"paragraph\"><b>Incidencias<\/b>: Encuentro amistoso disputado en el\u00a0Pabell\u00f3n Municipal de Utebo &#8216;Juan de Lanuza&#8217;.<\/p>\n","protected":false},"excerpt":{"rendered":"El Lobe Huesca La Magia cumpli\u00f3 con el tr\u00e1mite amistoso ante el Casademont Sub22 (60-76) en el encuentro&hellip;\n","protected":false},"author":2,"featured_media":136955,"comment_status":"","ping_status":"","sticky":false,"template":"","format":"standard","meta":{"footnotes":""},"categories":[269],"tags":[3331,299,298,43217,43216,43218,168,622,25,24,43215,1045,37931,1429,3977,23,167],"class_list":{"0":"post-136954","1":"post","2":"type-post","3":"status-publish","4":"format-standard","5":"has-post-thumbnail","7":"category-baloncesto","8":"tag-amistoso","9":"tag-baloncesto","10":"tag-basketball","11":"tag-casademont-sub22-lobe-huesca","12":"tag-casademont-sub22-penas-huesca","13":"tag-cb-penas-huesca","14":"tag-deportes","15":"tag-equipo","16":"tag-es","17":"tag-espana","18":"tag-lobe-huesca-la-magia","19":"tag-partido","20":"tag-penas-huesca","21":"tag-plantilla","22":"tag-segunda-feb","23":"tag-spain","24":"tag-sports"},"share_on_mastodon":{"url":"","error":""},"_links":{"self":[{"href":"https:\/\/www.europesays.com\/es\/wp-json\/wp\/v2\/posts\/136954","targetHints":{"allow":["GET"]}}],"collection":[{"href":"https:\/\/www.europesays.com\/es\/wp-json\/wp\/v2\/posts"}],"about":[{"href":"https:\/\/www.europesays.com\/es\/wp-json\/wp\/v2\/types\/post"}],"author":[{"embeddable":true,"href":"https:\/\/www.europesays.com\/es\/wp-json\/wp\/v2\/users\/2"}],"replies":[{"embeddable":true,"href":"https:\/\/www.europesays.com\/es\/wp-json\/wp\/v2\/comments?post=136954"}],"version-history":[{"count":0,"href":"https:\/\/www.europesays.com\/es\/wp-json\/wp\/v2\/posts\/136954\/revisions"}],"wp:featuredmedia":[{"embeddable":true,"href":"https:\/\/www.europesays.com\/es\/wp-json\/wp\/v2\/media\/136955"}],"wp:attachment":[{"href":"https:\/\/www.europesays.com\/es\/wp-json\/wp\/v2\/media?parent=136954"}],"wp:term":[{"taxonomy":"category","embeddable":true,"href":"https:\/\/www.europesays.com\/es\/wp-json\/wp\/v2\/categories?post=136954"},{"taxonomy":"post_tag","embeddable":true,"href":"https:\/\/www.europesays.com\/es\/wp-json\/wp\/v2\/tags?post=136954"}],"curies":[{"name":"wp","href":"https:\/\/api.w.org\/{rel}","templated":true}]}}