{"id":136981,"date":"2025-09-25T01:57:07","date_gmt":"2025-09-25T01:57:07","guid":{"rendered":"https:\/\/www.europesays.com\/es\/136981\/"},"modified":"2025-09-25T01:57:07","modified_gmt":"2025-09-25T01:57:07","slug":"ayuso-declara-la-guerra-total-a-la-marana-de-normas-obsoletas-en-madrid","status":"publish","type":"post","link":"https:\/\/www.europesays.com\/es\/136981\/","title":{"rendered":"Ayuso declara la guerra total a la \u00abmara\u00f1a\u00bb de normas obsoletas en Madrid"},"content":{"rendered":"<p style=\"\">Los madrile\u00f1os tienen que convivir a diario con <a href=\"https:\/\/www.abc.es\/espana\/madrid\/leyes-caducidad-sorpresas-madrid-ofrece-puerto-seguro-20250922022152-nt.html\" target=\"_self\" data-voc-vtm-id=\"in-text-traffic\" title=\"centenares de normas que regulan cualquier actividad y que, a menudo, convierten un tr\u00e1mite ordinario en una odisea administrativa\" data-mrf-link=\"www.abc.es\" rel=\"nofollow noopener\">centenares de normas que regulan cualquier actividad y que, a menudo, convierten un tr\u00e1mite ordinario en una odisea administrativa<\/a>. Los datos impresionan: seg\u00fan el Banco de Espa\u00f1a, desde la democracia se han generado m\u00e1s de 400. &#8230; 000 normas nuevas en Espa\u00f1a. La Comunidad de Madrid es la regi\u00f3n con menor volumen normativo: 390 normas anuales frente a las 770 de Catalu\u00f1a. Toda una mara\u00f1a legal y burocr\u00e1tica a la que el <strong>Gobierno de Ayuso<\/strong> ha declarado la \u00abguerra total\u00bb para reducir de forma dr\u00e1stica la hiperregulaci\u00f3n.<\/p>\n<p class=\"voc-p\" style=\"\">La Comunidad puso en marcha hace cuatro a\u00f1os una l\u00ednea abierta contra la hiperregulaci\u00f3n y que se ha convertido \u00aben la mayor operaci\u00f3n de desregulaci\u00f3n de Espa\u00f1a\u00bb, seg\u00fan destacan desde la Consejer\u00eda de Econom\u00eda, que dirige Roc\u00edo Albert. A partir de esa l\u00ednea abierta, se han adoptado m\u00e1s de 540 medidas, de las cuales casi 200 se han activado en los \u00faltimos doce meses para reducir, entre otras cuestiones, las trabas administrativas y el papeleo innecesario en diversos sectores. <\/p>\n<p class=\"voc-p\" style=\"\">La presidenta regional acaba de anunciar una ley integral \u00abpara poner fecha de caducidad a las normativas\u00bb y tratar de reducir as\u00ed esa mara\u00f1a legal. Esta futura ley servir\u00e1 para simplificar y suprimir normas existentes que sean obsoletas, innecesarias o contradictorias y obligar\u00e1 a hacer revisiones cada dos a\u00f1os sobre toda la normativa auton\u00f3mica. El objetivo es eliminar duplicidades y la legislaci\u00f3n que puede ser prescindible para favorecer la inversi\u00f3n y la actividad empresarial. <\/p>\n<p class=\"voc-p\" style=\"\">Dentro de esa campa\u00f1a desreguladora que ha puesto en marcha el Gobierno de Ayuso destacan las modificaciones de la ley del Suelo, que han permitido, seg\u00fan destacan en al Comunidad, que los plazos de tramitaci\u00f3n del planeamiento se hayan reducido significativamente, \u00abque la obtenci\u00f3n de licencias sea m\u00e1s sencilla y se haya incrementado la edificabilidad\u00bb. Adem\u00e1s, se ha habilitado de forma temporal la construcci\u00f3n de vivienda asequible en r\u00e9gimen de alquiler en parcelas de uso terciario.<\/p>\n<p class=\"voc-p\" style=\"\">En el sector energ\u00e9tico, se han reducido burocracia y duplicidades. As\u00ed, la extensi\u00f3n de la declaraci\u00f3n responsable permite instalar sistemas de energ\u00eda renovable y puntos de recarga el\u00e9ctrica sin el proceso burocr\u00e1tico anterior. Adem\u00e1s, los procedimientos de evaluaci\u00f3n ambiental estrat\u00e9gica y de impacto ambiental ahora se tramitan simult\u00e1neamente, al suprimirse duplicidades innecesarias. Todas estas medidas facilitan la implantaci\u00f3n de centros de datos, un sector estrat\u00e9gico para la Comunidad de Madrid por su potencial para la atracci\u00f3n de inversi\u00f3n.<\/p>\n<p class=\"voc-p\" style=\"\">En el Gobierno de Ayuso tambi\u00e9n ha querido eliminar cargas burocr\u00e1ticas significativas en el \u00e1mbito tributario. Por ejemplo, las donaciones menores de mil euros ya no requieren declaraci\u00f3n, y las que no superen los 10.000 euros no necesitan documento p\u00fablico. Para los inquilinos, se ha suprimido la obligaci\u00f3n de presentar la declaraci\u00f3n del Impuesto sobre alquiler de vivienda habitual.<\/p>\n<p class=\"voc-p\" style=\"\">De las 541 medidas contra el desorden normativo que se han tomado hasta ahora, el 20 por ciento se han tomado en la Consejer\u00eda de Econom\u00eda, Hacienda y Empleo. Le sigue Medio Ambiente, Agricultura e Interior, con un 19 por ciento, y Familia, Juventud y Asuntos Sociales, con un 17 por ciento. <\/p>\n<p class=\"voc-p\" style=\"\">\u00abLo que comenz\u00f3 como una l\u00ednea telef\u00f3nica para recoger quejas burocr\u00e1ticas se ha convertido en la mayor operaci\u00f3n de desregulaci\u00f3n de Espa\u00f1a\u00bb, destacan fuentes de Econom\u00eda. \u00abLa iniciativa madrile\u00f1a demuestra que es posible mantener las garant\u00edas jur\u00eddicas mientras se elimina la mara\u00f1a de normas obsoletas que obstaculizan el desarrollo econ\u00f3mico\u00bb, argumentan.<\/p>\n","protected":false},"excerpt":{"rendered":"Los madrile\u00f1os tienen que convivir a diario con centenares de normas que regulan cualquier actividad y que, a&hellip;\n","protected":false},"author":2,"featured_media":136982,"comment_status":"","ping_status":"","sticky":false,"template":"","format":"standard","meta":{"footnotes":""},"categories":[8],"tags":[6984,17,18,2797,25,24,13,14,69,11,19,20,205,43227,9,17437,10,15,16,43228,23,12,1627,21,22],"class_list":{"0":"post-136981","1":"post","2":"type-post","3":"status-publish","4":"format-standard","5":"has-post-thumbnail","7":"category-espana","8":"tag-ayuso","9":"tag-breaking-news","10":"tag-breakingnews","11":"tag-declara","12":"tag-es","13":"tag-espana","14":"tag-featured-news","15":"tag-featurednews","16":"tag-guerra","17":"tag-headlines","18":"tag-latest-news","19":"tag-latestnews","20":"tag-madrid","21":"tag-marana","22":"tag-news","23":"tag-normas","24":"tag-noticias","25":"tag-noticias-destacadas","26":"tag-noticiasdestacadas","27":"tag-obsoletas","28":"tag-spain","29":"tag-titulares","30":"tag-total","31":"tag-ultimas-noticias","32":"tag-ultimasnoticias"},"share_on_mastodon":{"url":"","error":""},"_links":{"self":[{"href":"https:\/\/www.europesays.com\/es\/wp-json\/wp\/v2\/posts\/136981","targetHints":{"allow":["GET"]}}],"collection":[{"href":"https:\/\/www.europesays.com\/es\/wp-json\/wp\/v2\/posts"}],"about":[{"href":"https:\/\/www.europesays.com\/es\/wp-json\/wp\/v2\/types\/post"}],"author":[{"embeddable":true,"href":"https:\/\/www.europesays.com\/es\/wp-json\/wp\/v2\/users\/2"}],"replies":[{"embeddable":true,"href":"https:\/\/www.europesays.com\/es\/wp-json\/wp\/v2\/comments?post=136981"}],"version-history":[{"count":0,"href":"https:\/\/www.europesays.com\/es\/wp-json\/wp\/v2\/posts\/136981\/revisions"}],"wp:featuredmedia":[{"embeddable":true,"href":"https:\/\/www.europesays.com\/es\/wp-json\/wp\/v2\/media\/136982"}],"wp:attachment":[{"href":"https:\/\/www.europesays.com\/es\/wp-json\/wp\/v2\/media?parent=136981"}],"wp:term":[{"taxonomy":"category","embeddable":true,"href":"https:\/\/www.europesays.com\/es\/wp-json\/wp\/v2\/categories?post=136981"},{"taxonomy":"post_tag","embeddable":true,"href":"https:\/\/www.europesays.com\/es\/wp-json\/wp\/v2\/tags?post=136981"}],"curies":[{"name":"wp","href":"https:\/\/api.w.org\/{rel}","templated":true}]}}