{"id":137001,"date":"2025-09-25T02:11:10","date_gmt":"2025-09-25T02:11:10","guid":{"rendered":"https:\/\/www.europesays.com\/es\/137001\/"},"modified":"2025-09-25T02:11:10","modified_gmt":"2025-09-25T02:11:10","slug":"william-levy-provoca-el-corte-de-varias-calles-de-tenerife-por-el-rodaje-de-su-nueva-pelicula","status":"publish","type":"post","link":"https:\/\/www.europesays.com\/es\/137001\/","title":{"rendered":"William Levy provoca el corte de varias calles de Tenerife por el rodaje de su nueva pel\u00edcula"},"content":{"rendered":"<p data-journey-content=\"true\" data-node-id=\"3\" class=\"css-6wxqfj emevuu60\">Tras el gran \u00e9xito que cosech\u00f3 en nuestro pa\u00eds con su telenovela <a href=\"https:\/\/www.diezminutos.es\/telenovela-cafe-con-aroma-de-mujer\/\" target=\"_blank\" data-vars-ga-outbound-link=\"https:\/\/www.diezminutos.es\/telenovela-cafe-con-aroma-de-mujer\/\" data-vars-ga-ux-element=\"Hyperlink\" data-vars-ga-call-to-action=\"&#039;Caf\u00e9 con aroma de mujer&#039;\" data-node-id=\"3.1\" data-mrf-link=\"https:\/\/www.diezminutos.es\/telenovela-cafe-con-aroma-de-mujer\/\" class=\"body-link css-177bzfx emevuu60\" rel=\"nofollow noopener\">&#8216;Caf\u00e9 con aroma de mujer&#8217;<\/a>, parece que el atractivo actor de origen cubano <strong data-node-id=\"3.3\"><a href=\"https:\/\/www.diezminutos.es\/famosos-corazon\/famosos-espanoles\/a60624988\/william-levy-responde-polemica-elizabeth-gutierrez\/\" target=\"_blank\" data-vars-ga-outbound-link=\"https:\/\/www.diezminutos.es\/famosos-corazon\/famosos-espanoles\/a60624988\/william-levy-responde-polemica-elizabeth-gutierrez\/\" data-vars-ga-ux-element=\"Hyperlink\" data-vars-ga-call-to-action=\"William Levy\" data-node-id=\"3.3.0\" class=\"body-link css-177bzfx emevuu60\" rel=\"nofollow noopener\">William Levy<\/a><\/strong> se ha aficionado a Espa\u00f1a, algo que entusiasma a sus seguidores, como es natural. Ya en 2022 vino para grabar la serie <strong data-node-id=\"3.7\"><a href=\"https:\/\/www.diezminutos.es\/telenovela\/otras\/a40390121\/william-levy-montecristo-rodaje-madrid\/\" target=\"_blank\" data-vars-ga-outbound-link=\"https:\/\/www.diezminutos.es\/telenovela\/otras\/a40390121\/william-levy-montecristo-rodaje-madrid\/\" data-vars-ga-ux-element=\"Hyperlink\" data-vars-ga-call-to-action=\"&#039;Montecristo&#039;\" data-node-id=\"3.7.0\" class=\"body-link css-177bzfx emevuu60\" rel=\"nofollow noopener\">&#8216;Montecristo&#8217;<\/a> <\/strong>en 2022, en localizaciones de <strong data-node-id=\"3.9\">Madrid y Canarias<\/strong>. Y en las islas, sobre todo en Tenerife, ha seguido repitiendo con la serie<strong data-node-id=\"3.11\"> &#8216;Arcadia&#8217;<\/strong> y la pel\u00edcula <strong data-node-id=\"3.13\"><a href=\"https:\/\/www.diezminutos.es\/telenovela\/otras\/a61169103\/william-levy-maggie-civantos-graban-bajo-un-volcan-tenerife-canarias\/\" target=\"_blank\" data-vars-ga-outbound-link=\"https:\/\/www.diezminutos.es\/telenovela\/otras\/a61169103\/william-levy-maggie-civantos-graban-bajo-un-volcan-tenerife-canarias\/\" data-vars-ga-ux-element=\"Hyperlink\" data-vars-ga-call-to-action=\"&#039;Bajo un volc\u00e1n&#039;\" data-node-id=\"3.13.0\" class=\"body-link css-177bzfx emevuu60\" rel=\"nofollow noopener\">&#8216;Bajo un volc\u00e1n&#8217;<\/a>,<\/strong> filme que ahora lo trae de vuelta a la isla para rodar la segunda parte. <\/p>\n<p data-journey-content=\"true\" data-node-id=\"6\" class=\"css-6wxqfj emevuu60\">La presencia de Levy en Tenerife para esta grabaci\u00f3n ha provocado <strong data-node-id=\"6.1\">cortes en sus calles<\/strong>. AS\u00ed, desde el lunes, 22 de septiembre, a las 19 horas y hasta el martes, 23, a las 4 de la madrugada, <strong data-node-id=\"6.3\">se cerr\u00f3 al tr\u00e1fico la calle Calvo Sotelo<\/strong>, entre Santiago Cuadrado y Rambla de Santa Cruz; y desde las 22h y hasta las doce de la noche, tambi\u00e9n se clausur\u00f3 la <strong data-node-id=\"6.5\">calle Emilio Calzadilla<\/strong>, a la altura de la plaza del Patriotismo. Todo ello provoc\u00f3 tambi\u00e9n el cierre de varios estacionamientos.<\/p>\n<p><img draggable=\"true\" alt=\"william levy y maggie civantos en 'bajo un volc\u00e1n'\" title=\"William Levy y Maggie Civantos en 'Bajo un volc\u00e1n'\" loading=\"lazy\" width=\"6036\" height=\"3000\" decoding=\"async\" data-nimg=\"1\" style=\"color:transparent;width:100%;height:auto;\"   src=\"https:\/\/www.europesays.com\/es\/wp-content\/uploads\/2025\/09\/bajo-un-volcan-6842a93aafd9b.jpg\" class=\"css-0 e1g79fud0\"\/><\/p>\n<p>Beta Fiction Spain<\/p>\n<p>De qu\u00e9 trata &#8216;Bajo un volc\u00e1n 2&#8217;, la pel\u00edcula de William Levy<\/p>\n<p data-journey-content=\"true\" data-node-id=\"10\" class=\"css-6wxqfj emevuu60\">As\u00ed, la <strong data-node-id=\"10.1\">presencia del actor para grabar &#8216;Bajo un volc\u00e1n 2&#8217; ha vuelto a revolucionar a los vecinos y vecinas de Tenerife<\/strong> con su presencia. Despu\u00e9s de <a href=\"https:\/\/www.diezminutos.es\/telenovela\/a65042586\/william-levy-habla-quimica-maggie-civantos-bajo-el-volcan\/\" target=\"_blank\" data-vars-ga-outbound-link=\"https:\/\/www.diezminutos.es\/telenovela\/a65042586\/william-levy-habla-quimica-maggie-civantos-bajo-el-volcan\/\" data-vars-ga-ux-element=\"Hyperlink\" data-vars-ga-call-to-action=\"estrenar &#039;Bajo un volc\u00e1n&#039;\" data-node-id=\"10.3\" class=\"body-link css-177bzfx emevuu60\" rel=\"nofollow noopener\">estrenar &#8216;Bajo un volc\u00e1n&#8217;<\/a> junto a <strong data-node-id=\"10.5\">Maggie Civantos el pasado mes de junio en cines, <\/strong>ahora llega el turno de esta segunda parte, donde adem\u00e1s, trabaja con su hija, <strong data-node-id=\"10.7\"><a href=\"https:\/\/www.diezminutos.es\/telenovela\/otras\/a60122819\/william-levy-felicita-hija-kailey-14-cumpleanos\/\" target=\"_blank\" data-vars-ga-outbound-link=\"https:\/\/www.diezminutos.es\/telenovela\/otras\/a60122819\/william-levy-felicita-hija-kailey-14-cumpleanos\/\" data-vars-ga-ux-element=\"Hyperlink\" data-vars-ga-call-to-action=\"Kailey\" data-node-id=\"10.7.0\" class=\"body-link css-177bzfx emevuu60\" rel=\"nofollow noopener\">Kailey<\/a><\/strong>, de 15 a\u00f1os, seg\u00fan informan medios locales de Canarias. <strong data-node-id=\"10.9\">Levy rodar\u00e1, adem\u00e1s de en Santa Cruz de Tenerife, en Garachico<\/strong>, donde ya grab\u00f3 tambi\u00e9n escenas de la primera parte, cuando adem\u00e1s estuvo en Gu\u00eda de Isora y Adeje. <\/p>\n<p data-journey-content=\"true\" data-node-id=\"14\" class=\"css-6wxqfj emevuu60\"><strong data-node-id=\"14.0\">&#8216;Bajo un volc\u00e1n&#8217;<\/strong> cuenta una historia de amor entre el capit\u00e1n y piloto militar Mario Torres (<a href=\"https:\/\/www.diezminutos.es\/telenovela\/otras\/a60003850\/telenovela-william-levy-netflix-cafe-con-aroma-de-mujer\/\" target=\"_blank\" data-vars-ga-outbound-link=\"https:\/\/www.diezminutos.es\/telenovela\/otras\/a60003850\/telenovela-william-levy-netflix-cafe-con-aroma-de-mujer\/\" data-vars-ga-ux-element=\"Hyperlink\" data-vars-ga-call-to-action=\"William Levy\" data-node-id=\"14.2\" class=\"body-link css-177bzfx emevuu60\" rel=\"nofollow noopener\">William Levy<\/a>) y Dani (<a href=\"https:\/\/www.diezminutos.es\/teleprograma\/programas-tv\/a38839185\/maggie-civantos-express-serie-entrevista\" target=\"_blank\" data-vars-ga-outbound-link=\"https:\/\/www.diezminutos.es\/teleprograma\/programas-tv\/a38839185\/maggie-civantos-express-serie-entrevista\" data-vars-ga-ux-element=\"Hyperlink\" data-vars-ga-call-to-action=\"Maggie Civantos\" data-node-id=\"14.4\" class=\"body-link css-177bzfx emevuu60\" rel=\"nofollow noopener\">Maggie Civantos<\/a>), una experta <strong data-node-id=\"14.6\">vulcan\u00f3loga<\/strong>, cuando ambos intentan salvar al <strong data-node-id=\"14.8\">pueblo de Garachico<\/strong> de la reactivaci\u00f3n de un volc\u00e1n.  Con esa amenaza, el amor y la pasi\u00f3n nace entre ellos como cualquier cat\u00e1strofe natural. Cuando sea inminente, ambos deber\u00e1n luchar contra el volc\u00e1n y sus propios sentimientos. <br data-node-id=\"14.10\"\/><\/p>\n<p><img src=\"https:\/\/www.europesays.com\/es\/wp-content\/uploads\/2025\/09\/1758766270_993_ded5e1ed-0131-401e-b7e8-7a68de80543b_1684752816.file\" alt=\"Headshot of Vilma Degorgue Alegre\" title=\"Headshot of Vilma Degorgue Alegre\" width=\"100%\" height=\"100%\" decoding=\"async\" loading=\"lazy\" class=\"css-o0wq4v ev8dhu53\"\/><\/p>\n<p>Vilma Degorgue es una experimentada periodista, con 30 a\u00f1os de recorrido profesional. Entre otras cosas, est\u00e1 especializada en contenidos de televisi\u00f3n, principalmente ficci\u00f3n y, m\u00e1s concretamente, en series turcas y latinoamericanas. Lleva desde el a\u00f1o 2000 entrevistando a actores y actrices mexicanos, colombianos, argentinos, chilenos, etc, y hasta 2020 estuvo viajando a diversos pa\u00edses de Am\u00e9rica Latina y Estados Unidos (Miami, Venezuela, M\u00e9xico, Colombia, Chile, Argentina, Per\u00fa) para cubrir grabaciones de series\/telenovelas que despu\u00e9s se emit\u00edan en Espa\u00f1a, y para entrevistar a los actores que formaban parte de ellas. \u00a0\u00a0\u00a0<\/p>\n<p>Desde que irrumpieron las telenovelas turcas, se ha especializado en estos productos, entrevistando a los actores que trabajan en ellas y estando al tanto de cualquier novedad en relaci\u00f3n a las ficciones y los int\u00e9rpretes de ese pa\u00eds. \u00a0\u00a0<\/p>\n<p>Nacida en Barcelona, se licenci\u00f3 en Periodismo, en 1993, en la Universidad Aut\u00f3noma de la ciudad condal, cursando dos Erasmus, uno en Francia (Grenoble) y otro en Gran Breta\u00f1a (Cardiff). Comenz\u00f3 su carrera en su ciudad natal, trabajando en Europa Press Catalunya, pero al a\u00f1o se traslad\u00f3 a Madrid, y desde 1995 trabaja en la capital de Espa\u00f1a. Ha pasado por agencias (Europa Press, Euroimagen), televisi\u00f3n (Antena3, Telecinco, RTVE y Telemadrid), revistas (Teleindiscreta, Telenovela, colaboraciones en Lecturas y Semana) y ha sido coordinadora del Portal del Consumidor de la Comunidad de Madrid. Estos a\u00f1os de experiencia, y gracias a tres idiomas que habla (franc\u00e9s, ingl\u00e9s y alem\u00e1n, adem\u00e1s de su catal\u00e1n natal) le han permitido viajar por todo el mundo para entrevistar a personajes de la vida p\u00fablica y realizar reportajes casi todos relacionados con el mundo art\u00edstico y social. \u00a0\u00a0\u00a0<\/p>\n<p>Desde el a\u00f1o 2000 est\u00e1 vinculada, entre otras empresas, a la revista Telenovela (que ahora forma parte de Diez Minutos) y, desde su paso por el Portal del Consumidor de la Comunidad de Madrid (2006-2016), se ha especializado en prensa e informaci\u00f3n digital, gracias a cursos y experiencia en webs y portales de informaci\u00f3n en internet. En los \u00faltimos a\u00f1os, ha creado dos peri\u00f3dicos digitales, <a href=\"https:\/\/elmiradordemadrid.es\/\" target=\"_blank\" rel=\"nofollow noopener\">www.elmiradordemadrid.es<\/a> y <a href=\"https:\/\/elmiradordebenidorm.es\/\" target=\"_blank\" rel=\"nofollow noopener\">www.elmiradordebenidorm.es<\/a>, que son de su propiedad y gestiona junto con otros colaboradores. \u00a0\u00a0<\/p>\n","protected":false},"excerpt":{"rendered":"Tras el gran \u00e9xito que cosech\u00f3 en nuestro pa\u00eds con su telenovela &#8216;Caf\u00e9 con aroma de mujer&#8217;, parece&hellip;\n","protected":false},"author":2,"featured_media":137002,"comment_status":"","ping_status":"","sticky":false,"template":"","format":"standard","meta":{"footnotes":""},"categories":[171],"tags":[253,146,147,25,24,23,214],"class_list":{"0":"post-137001","1":"post","2":"type-post","3":"status-publish","4":"format-standard","5":"has-post-thumbnail","7":"category-tv","8":"tag-discover","9":"tag-entertainment","10":"tag-entretenimiento","11":"tag-es","12":"tag-espana","13":"tag-spain","14":"tag-tv"},"share_on_mastodon":{"url":"","error":""},"_links":{"self":[{"href":"https:\/\/www.europesays.com\/es\/wp-json\/wp\/v2\/posts\/137001","targetHints":{"allow":["GET"]}}],"collection":[{"href":"https:\/\/www.europesays.com\/es\/wp-json\/wp\/v2\/posts"}],"about":[{"href":"https:\/\/www.europesays.com\/es\/wp-json\/wp\/v2\/types\/post"}],"author":[{"embeddable":true,"href":"https:\/\/www.europesays.com\/es\/wp-json\/wp\/v2\/users\/2"}],"replies":[{"embeddable":true,"href":"https:\/\/www.europesays.com\/es\/wp-json\/wp\/v2\/comments?post=137001"}],"version-history":[{"count":0,"href":"https:\/\/www.europesays.com\/es\/wp-json\/wp\/v2\/posts\/137001\/revisions"}],"wp:featuredmedia":[{"embeddable":true,"href":"https:\/\/www.europesays.com\/es\/wp-json\/wp\/v2\/media\/137002"}],"wp:attachment":[{"href":"https:\/\/www.europesays.com\/es\/wp-json\/wp\/v2\/media?parent=137001"}],"wp:term":[{"taxonomy":"category","embeddable":true,"href":"https:\/\/www.europesays.com\/es\/wp-json\/wp\/v2\/categories?post=137001"},{"taxonomy":"post_tag","embeddable":true,"href":"https:\/\/www.europesays.com\/es\/wp-json\/wp\/v2\/tags?post=137001"}],"curies":[{"name":"wp","href":"https:\/\/api.w.org\/{rel}","templated":true}]}}