{"id":137011,"date":"2025-09-25T02:16:15","date_gmt":"2025-09-25T02:16:15","guid":{"rendered":"https:\/\/www.europesays.com\/es\/137011\/"},"modified":"2025-09-25T02:16:15","modified_gmt":"2025-09-25T02:16:15","slug":"arturo-perez-reverte-va-al-cine-a-ver-el-cautivo-y-opina-sin-filtros-de-la-nueva-pelicula-de-amenabar-sobre-cervantes","status":"publish","type":"post","link":"https:\/\/www.europesays.com\/es\/137011\/","title":{"rendered":"Arturo P\u00e9rez-Reverte va al cine a ver &#8216;El cautivo&#8217; y opina sin filtros de la nueva pel\u00edcula de Amen\u00e1bar sobre Cervantes"},"content":{"rendered":"<p><img decoding=\"async\" class=\"voc-author__img\" src=\"https:\/\/www.europesays.com\/es\/wp-content\/uploads\/2025\/08\/autor-5052-foto-4.png\" alt=\"Mar\u00eda Albert\"\/><\/p>\n<p>24\/09\/2025<br \/>\n<br \/><strong><br \/>\nActualizado a las 18:08h.<br \/>\n<\/strong><\/p>\n<p class=\"voc-p\" style=\"\">El <strong>cine espa\u00f1ol<\/strong> contin\u00faa dejando muestras del talento de los profesionales de nuestro pa\u00eds durante este 2025. As\u00ed lo demuestra uno de los grandes estrenos que ha llevado a cientos de personas hasta las salas en los \u00faltimos d\u00edas: <strong>&#8216;El cautivo&#8217;<\/strong>, la \u00faltima pel\u00edcula de <strong>Alejandro Amen\u00e1bar<\/strong>, en la que el director madrile\u00f1o desentra\u00f1a parte del pasado m\u00e1s desconocido de <a href=\"https:\/\/www.abc.es\/cultura\/hipotesis-cervantes-homosexual-peso-pruebas-20250910025900-nt.html\" title=\"www.abc.es\" data-voc-vtm-id=\"in-text-traffic\" data-mrf-link=\"www.abc.es\" rel=\"nofollow noopener\" target=\"_blank\">Miguel de Cervantes<\/a>.<\/p>\n<p class=\"voc-p\" style=\"\">El director y guionista madrile\u00f1o, ganador del Oscar a Mejor pel\u00edcula de habla no inglesa por &#8216;Mar adentro&#8217;, <strong>regresa a los cines seis a\u00f1os despu\u00e9s<\/strong> del estreno de su \u00faltima pel\u00edcula, <a href=\"https:\/\/www.abc.es\/historia\/abci-17-errores-historicos-mientras-dure-guerra-pelicula-sobre-franco-y-unamuno-amenabar-201909292254_noticia.html\" title=\"www.abc.es\" data-voc-vtm-id=\"in-text-traffic\" data-mrf-link=\"www.abc.es\" rel=\"nofollow noopener\" target=\"_blank\">&#8216;Mientras dure la guerra&#8217;<\/a> (2019) y casi cuatro despu\u00e9s de su \u00faltimo proyecto, la serie de Movistar+ <a href=\"https:\/\/www.abc.es\/play\/series\/criticas\/abci-fortuna-202110030222_noticia.html\" title=\"www.abc.es\" data-voc-vtm-id=\"in-text-traffic\" data-mrf-link=\"www.abc.es\" rel=\"nofollow noopener\" target=\"_blank\">&#8216;La fortuna&#8217;<\/a> (2021). Lo hace con esta nueva coproducci\u00f3n hispano-italiana que relata la historia del prol\u00edfico escritor de &#8216;El Quijote&#8217; durante <a href=\"https:\/\/www.abc.es\/sevilla\/cultura\/cautivo-nueva-pelicula-amenabar-grabada-sevilla-fecha-20250820114959-nts.html\" title=\"www.abc.es\" data-voc-vtm-id=\"in-text-traffic\" data-mrf-link=\"www.abc.es\" rel=\"nofollow noopener\" target=\"_blank\">su cautiverio<\/a> de cinco a\u00f1os en Argel.<\/p>\n<p class=\"voc-p\" style=\"\">Protagonizada por el joven <strong>Julio Pe\u00f1a<\/strong>, conocido por la exitosa saga de Netflix &#8216;A trav\u00e9s de mi ventana&#8217;, el espa\u00f1ol ha contado con todo un <a href=\"https:\/\/www.abc.es\/play\/cine\/sale-luz-trailer-fecha-estreno-cautivo-nueva-20250227183257-nt.html\" title=\"www.abc.es\" data-voc-vtm-id=\"in-text-traffic\" data-mrf-link=\"www.abc.es\" rel=\"nofollow noopener\" target=\"_blank\">reparto de lujo<\/a>, entre los que se incluyen grandes profesionales como <strong>Fernando Tejero, Roberto \u00c1lamo, Jos\u00e9 Manuel Poga o Miguel Rell\u00e1n<\/strong>.<\/p>\n<p class=\"voc-p\" style=\"\">Los hechos de la nueva cinta de Amen\u00e1bar se desarrollan en el a\u00f1o 1575, cuando el escritor, que por entonces era un joven soldado de 28 a\u00f1os, es <strong>capturado en alta mar por corsarios \u00e1rabes<\/strong> y retenido en la capital argelina. All\u00ed, consciente de que le espera una cruel muerte si su familia no paga pronto su rescate, Miguel encontrar\u00e1 refugio en su pasi\u00f3n por contar historias. Durante ese tiempo, el escritor llama la atenci\u00f3n de Has\u00e1n Baj\u00e1, el gobernante de Argel, con el que forja un estrecho v\u00ednculo.<\/p>\n<p>\nSonadas cr\u00edticas a &#8216;El Cautiverio&#8217; por abordar la supuesta homosexualidad de Cervantes\n<\/p>\n<p class=\"voc-p\" style=\"\">A pesar de la expectaci\u00f3n que ha levantado desde que se anunci\u00f3 el proyecto, lo cierto es que desde muchos sectores conservadores la pel\u00edcula ha comenzado a levantar asperezas. Amen\u00e1bar aborda en este proyecto una cuesti\u00f3n sin mucha respuesta: los rumores sobre la homosexualidad de Miguel de Cervantes, algo que nunca se ha confirmado oficialmente, pero de lo que s\u00ed existen algunas teor\u00edas.<\/p>\n<p class=\"voc-p\" style=\"\">Las m\u00e1s sonadas parten a ra\u00edz de las <strong>acusaciones del dominico Blanco de Paz<\/strong>, tambi\u00e9n cautivo en Argel y enfrentado a Cervantes. Este hombre, con el que el escritor coincidi\u00f3 durante su cautiverio y que delat\u00f3 a los espa\u00f1oles durante su huida, le acus\u00f3 de haber mantenido <strong>\u00abtrato y familiaridad\u00bb con los turcos<\/strong> y de realizar <strong>\u00abcosas viciosas, feas y deshonestas\u00bb<\/strong>, algo que en aquel momento <strong>\u00absolo pod\u00eda aludir a la homosexualidad\u00bb<\/strong>, en <a href=\"https:\/\/www.abc.es\/xlsemanal\/personajes\/alejandro-amenabar-cervantes-el-cautivo-homosexual-gay-argel-cine.html#vca=cm-general&amp;vso=rrss&amp;vmc=tw&amp;vli=abc-es\" title=\"www.abc.es\" data-voc-vtm-id=\"in-text-traffic\" data-mrf-link=\"www.abc.es\" rel=\"nofollow noopener\" target=\"_blank\">palabras del propio director<\/a>.<\/p>\n<p class=\"voc-p\" style=\"\">Desde que se estrenara el pasado 12 de septiembre, son muchos los aficionados al s\u00e9ptimo arte que han podido disfrutar ya de la pel\u00edcula en las salas de nuestro pa\u00eds. Es el caso del <strong>periodista Arturo P\u00e9rez-Reverte<\/strong>, todo un referente en lo que <a href=\"https:\/\/www.abc.es\/cultura\/libros\/perezreverte-escribiendo-alatriste-reconcilio-espana-20250902121442-nt.html\" title=\"www.abc.es\" data-voc-vtm-id=\"in-text-traffic\" data-mrf-link=\"www.abc.es\" rel=\"nofollow noopener\" target=\"_blank\">novela hist\u00f3rica<\/a> se refiere, que ya vio hace unas semanas el regreso al cine de Alejandro Amen\u00e1bar.<\/p>\n<p>\nArturo P\u00e9rez-Reverte ve &#8216;El Cautivo&#8217; y dicta sentencia sobre la \u00faltima pel\u00edcula de Alejandro Amen\u00e1bar\n<\/p>\n<p class=\"voc-p\" style=\"\">El escritor, acostumbrado a dar sus opiniones sobre <a href=\"https:\/\/www.abc.es\/play\/series\/noticias\/serie-capitulos-recomienda-arturo-perez-reverte-protagoniza-pierce-brosnan-20250815121111-nt.html\" title=\"www.abc.es\" data-voc-vtm-id=\"in-text-traffic\" data-mrf-link=\"www.abc.es\" rel=\"nofollow noopener\" target=\"_blank\">series<\/a>, <a href=\"https:\/\/www.abc.es\/cultura\/libros\/tres-libros-infancia-arturo-perez-reverte-recomienda-leer-cuales-son-donde-conseguirlos-20250307164425-nt.html\" title=\"www.abc.es\" data-voc-vtm-id=\"in-text-traffic\" data-mrf-link=\"www.abc.es\" rel=\"nofollow noopener\" target=\"_blank\">libros<\/a> y cintas a trav\u00e9s de <a href=\"https:\/\/x.com\/perezreverte\" title=\"x.com\" data-voc-vtm-id=\"in-text-traffic\" data-mrf-link=\"x.com\" rel=\"nofollow\">su cuenta de X<\/a> (antes Twitter), no desaprovech\u00f3 la oportunidad de hablar de la nueva obra del oscarizado director pocos d\u00edas antes de su estreno. En ellos, dio su punto de vista tras ver este <strong>nuevo &#8216;biopic&#8217; espa\u00f1ol<\/strong> sobre Miguel de Cervantes en el que se abordan algunos de los aspectos m\u00e1s desconocidos de su vida.<\/p>\n<p class=\"voc-p\" style=\"\">\u00abHe visto &#8216;El cautivo&#8217; y <strong>me parece una pel\u00edcula espl\u00e9ndida, amena, bien hecha<\/strong>\u00bb, asegur\u00f3 P\u00e9rez-Reverte en esta cr\u00edtica a la cinta de \u00e9poca, alabando la obra de Amen\u00e1bar que ha levantado ampollas entre los sectores m\u00e1s conservadores por abordar la <strong>posible homosexualidad<\/strong> del escritor de &#8216;El Quijote&#8217;. <\/p>\n<p class=\"voc-p\" style=\"\">Respecto a las cr\u00edticas que ha recibido la pel\u00edcula, el comunicador insisti\u00f3 en que en el metraje se incluyen tambi\u00e9n <strong>\u00abdos minutos pol\u00e9micos que dar\u00e1n mucho que hablar\u00bb<\/strong>. Seg\u00fan sus palabras, <strong>son escenas que \u00abno gustar\u00e1n a todos\u00bb<\/strong>, por lo que todo apunta a que se refiere a la conexi\u00f3n intelectual\/sexual entre Cervantes y el baj\u00e1 que el guionista espa\u00f1ol refleja. <\/p>\n<blockquote class=\"twitter-tweet\">\n<p lang=\"es\" dir=\"ltr\">He visto \u00abEl cautivo\u00bb y me parece una pel\u00edcula espl\u00e9ndida, amena, bien hecha. Hay dos minutos pol\u00e9micos que dar\u00e1n mucho que hablar y no gustar\u00e1n a todos; pero es una visi\u00f3n libre y sincera (y muy valiente) de Alejandro Amen\u00e1bar. La recomiendo de verdad.<a href=\"https:\/\/t.co\/Sc3S5xy4gW\" rel=\"nofollow\">https:\/\/t.co\/Sc3S5xy4gW<\/a><\/p>\n<p>\u2014 Arturo P\u00e9rez-Reverte (@perezreverte) <a href=\"https:\/\/twitter.com\/perezreverte\/status\/1962449996239786236?ref_src=twsrc%5Etfw\" rel=\"nofollow noopener\" target=\"_blank\">September 1, 2025<\/a><\/p><\/blockquote>\n<p class=\"voc-p\" style=\"\">A\u00fan as\u00ed, Arturo P\u00e9rez-Reverte consider\u00f3 que se trata de <strong>\u00abuna visi\u00f3n libre y sincera (y muy valiente)<\/strong> de Alejandro Amen\u00e1bar\u00bb sobre este significativo personaje que s\u00ed ha quedado reflejada en algunas teor\u00edas hist\u00f3ricas. <strong>\u00abLa recomiendo de verdad\u00bb<\/strong>, sentenci\u00f3 el creador del Capit\u00e1n Alatriste.<\/p>\n<p>Reportar un error<\/p>\n<p><script async src=\"https:\/\/platform.twitter.com\/widgets.js\" charset=\"utf-8\"><\/script><\/p>\n","protected":false},"excerpt":{"rendered":"24\/09\/2025 Actualizado a las 18:08h. El cine espa\u00f1ol contin\u00faa dejando muestras del talento de los profesionales de nuestro&hellip;\n","protected":false},"author":2,"featured_media":137012,"comment_status":"","ping_status":"","sticky":false,"template":"","format":"standard","meta":{"footnotes":""},"categories":[91],"tags":[15992,19221,25326,36447,177,146,147,25,24,39454,795,17332,1257,738,19457,57,23,809],"class_list":{"0":"post-137011","1":"post","2":"type-post","3":"status-publish","4":"format-standard","5":"has-post-thumbnail","7":"category-entretenimiento","8":"tag-amenabar","9":"tag-arturo","10":"tag-cautivo","11":"tag-cervantes","12":"tag-cine","13":"tag-entertainment","14":"tag-entretenimiento","15":"tag-es","16":"tag-espana","17":"tag-filtros","18":"tag-nueva","19":"tag-opina","20":"tag-pelicula","21":"tag-perez","22":"tag-reverte","23":"tag-sobre","24":"tag-spain","25":"tag-ver"},"share_on_mastodon":{"url":"","error":""},"_links":{"self":[{"href":"https:\/\/www.europesays.com\/es\/wp-json\/wp\/v2\/posts\/137011","targetHints":{"allow":["GET"]}}],"collection":[{"href":"https:\/\/www.europesays.com\/es\/wp-json\/wp\/v2\/posts"}],"about":[{"href":"https:\/\/www.europesays.com\/es\/wp-json\/wp\/v2\/types\/post"}],"author":[{"embeddable":true,"href":"https:\/\/www.europesays.com\/es\/wp-json\/wp\/v2\/users\/2"}],"replies":[{"embeddable":true,"href":"https:\/\/www.europesays.com\/es\/wp-json\/wp\/v2\/comments?post=137011"}],"version-history":[{"count":0,"href":"https:\/\/www.europesays.com\/es\/wp-json\/wp\/v2\/posts\/137011\/revisions"}],"wp:featuredmedia":[{"embeddable":true,"href":"https:\/\/www.europesays.com\/es\/wp-json\/wp\/v2\/media\/137012"}],"wp:attachment":[{"href":"https:\/\/www.europesays.com\/es\/wp-json\/wp\/v2\/media?parent=137011"}],"wp:term":[{"taxonomy":"category","embeddable":true,"href":"https:\/\/www.europesays.com\/es\/wp-json\/wp\/v2\/categories?post=137011"},{"taxonomy":"post_tag","embeddable":true,"href":"https:\/\/www.europesays.com\/es\/wp-json\/wp\/v2\/tags?post=137011"}],"curies":[{"name":"wp","href":"https:\/\/api.w.org\/{rel}","templated":true}]}}