{"id":137023,"date":"2025-09-25T02:25:11","date_gmt":"2025-09-25T02:25:11","guid":{"rendered":"https:\/\/www.europesays.com\/es\/137023\/"},"modified":"2025-09-25T02:25:11","modified_gmt":"2025-09-25T02:25:11","slug":"gianfranco-zola-se-cuela-en-la-ryder-cup-de-nueva-york","status":"publish","type":"post","link":"https:\/\/www.europesays.com\/es\/137023\/","title":{"rendered":"Gianfranco Zola se \u2018cuela\u2019 en la Ryder Cup de Nueva York"},"content":{"rendered":"<p class=\"\">Durante las rondas de entrenamiento de estos d\u00edas <b>en el campo de Bethpage Black (Nueva York)<\/b>, donde este viernes comienza la <a href=\"https:\/\/as.com\/noticias\/ryder-cup\/\" target=\"_blank\" rel=\"noreferrer nofollow noopener\" title=\"https:\/\/as.com\/noticias\/ryder-cup\/\">Ryder Cup de 2025<\/a>, hay alg\u00fan que otro aficionado que se queda extra\u00f1ado al ver una cara conocida, aunque alejada del golf, ataviada con el uniforme europeo. Cierto es que la cultura futbol\u00edstica en Estados Unidos no es muy amplia, aunque poco a poco <b>cada vez es m\u00e1s reconocido Gianfranco Zola<\/b>, quien, por extra\u00f1o que pueda sonar, forma parte del staff del equipo de Europa que competir\u00e1 durante tres d\u00edas contra Estados Unidos.<\/p>\n<p class=\"\">El exfutbolista italiano, de 59 a\u00f1os y leyenda del Chelsea, en el que super\u00f3 los 300 partidos, es un ac\u00e9rrimo seguidor del golf, y en el pasado ha participado en multitud de torneos que re\u00fanen a celebridades. De hecho, <b>en 2018 su h\u00e1ndicap era de 5<\/b>, lo cual indica que tambi\u00e9n tiene un gran nivel con los palos en la mano. De forma inevitable, al participar en tanto evento golf\u00edstico y seguir de cerca los mejores circuitos del planeta, ha ido cosechando una buena relaci\u00f3n con varios jugadores, como con un Sergio Garc\u00eda con el que form\u00f3 equipo en Wentworth.<\/p>\n<p class=\"\">Sin embargo, esta semana vivir\u00e1 su mayor incursi\u00f3n golf\u00edstica hasta el momento, y es que Zola aparece en las fotos oficiales del equipo de Europa en Bethpage Black. Su misi\u00f3n es muy clara: <b>es el conductor del buggy de su compatriota Francesco Molinari<\/b>, golfista todav\u00eda en activo y campe\u00f3n del British Open en 2018, aunque en Nueva York es uno de los vicecapitanes que apoyan al mandam\u00e1s, Luke Donald. Gianfranco tendr\u00e1, por tanto, que llevar a Molinari de un lado a otro del recorrido neoyorquino, y tendr\u00e1 una posici\u00f3n inmejorable para seguir uno de los eventos deportivos m\u00e1s grandes del planeta.<\/p>\n<p>Noticias relacionadas<\/p>\n<p class=\"\"><b>\u00a1Tus opiniones importan!<\/b> Comenta en los art\u00edculos y suscr\u00edbete gratis a nuestra <a href=\"https:\/\/asfan.as.com\/newsletters\/\" target=\"_blank\" rel=\"nofollow noopener\" title=\"https:\/\/asfan.as.com\/newsletters\/\">newsletter<\/a> y a las alertas informativas en la <a href=\"https:\/\/as.com\/aplicacion-de-as-n\/\" target=\"_blank\" rel=\"nofollow noopener\" title=\"https:\/\/as.com\/aplicacion-de-as-n\/\">App<\/a> o el canal de <a href=\"https:\/\/www.whatsapp.com\/channel\/0029VaAasdA7j6g745nz9M10\" target=\"_blank\" rel=\"nofollow noopener\" title=\"https:\/\/www.whatsapp.com\/channel\/0029VaAasdA7j6g745nz9M10\">WhatsApp<\/a>. <\/p>\n<p class=\"\">\u00bfBuscas licenciar contenido? Haz clic <a href=\"https:\/\/profesional.elpais.com\/soluciones-sindicacion?utm_medium=interno&amp;utm_source=crosslinking&amp;utm_campaign=sindicacion_as_pie_articulos\" target=\"_blank\" rel=\"nofollow noopener\" title=\"https:\/\/profesional.elpais.com\/soluciones-sindicacion?utm_medium=interno&amp;utm_source=crosslinking&amp;utm_campaign=sindicacion_as_pie_articulos\">aqu\u00ed<\/a><\/p>\n","protected":false},"excerpt":{"rendered":"Durante las rondas de entrenamiento de estos d\u00edas en el campo de Bethpage Black (Nueva York), donde este&hellip;\n","protected":false},"author":2,"featured_media":137024,"comment_status":"","ping_status":"","sticky":false,"template":"","format":"standard","meta":{"footnotes":""},"categories":[275],"tags":[168,25,24,329,23,167],"class_list":{"0":"post-137023","1":"post","2":"type-post","3":"status-publish","4":"format-standard","5":"has-post-thumbnail","7":"category-golf","8":"tag-deportes","9":"tag-es","10":"tag-espana","11":"tag-golf","12":"tag-spain","13":"tag-sports"},"share_on_mastodon":{"url":"","error":""},"_links":{"self":[{"href":"https:\/\/www.europesays.com\/es\/wp-json\/wp\/v2\/posts\/137023","targetHints":{"allow":["GET"]}}],"collection":[{"href":"https:\/\/www.europesays.com\/es\/wp-json\/wp\/v2\/posts"}],"about":[{"href":"https:\/\/www.europesays.com\/es\/wp-json\/wp\/v2\/types\/post"}],"author":[{"embeddable":true,"href":"https:\/\/www.europesays.com\/es\/wp-json\/wp\/v2\/users\/2"}],"replies":[{"embeddable":true,"href":"https:\/\/www.europesays.com\/es\/wp-json\/wp\/v2\/comments?post=137023"}],"version-history":[{"count":0,"href":"https:\/\/www.europesays.com\/es\/wp-json\/wp\/v2\/posts\/137023\/revisions"}],"wp:featuredmedia":[{"embeddable":true,"href":"https:\/\/www.europesays.com\/es\/wp-json\/wp\/v2\/media\/137024"}],"wp:attachment":[{"href":"https:\/\/www.europesays.com\/es\/wp-json\/wp\/v2\/media?parent=137023"}],"wp:term":[{"taxonomy":"category","embeddable":true,"href":"https:\/\/www.europesays.com\/es\/wp-json\/wp\/v2\/categories?post=137023"},{"taxonomy":"post_tag","embeddable":true,"href":"https:\/\/www.europesays.com\/es\/wp-json\/wp\/v2\/tags?post=137023"}],"curies":[{"name":"wp","href":"https:\/\/api.w.org\/{rel}","templated":true}]}}