{"id":137025,"date":"2025-09-25T02:27:10","date_gmt":"2025-09-25T02:27:10","guid":{"rendered":"https:\/\/www.europesays.com\/es\/137025\/"},"modified":"2025-09-25T02:27:10","modified_gmt":"2025-09-25T02:27:10","slug":"sus-patrocinadores-amenazan-con-irse","status":"publish","type":"post","link":"https:\/\/www.europesays.com\/es\/137025\/","title":{"rendered":"sus patrocinadores amenazan con irse"},"content":{"rendered":"<p>Las protestas propalestinas que se sucedieron a lo largo de toda Espa\u00f1a durante La Vuelta ciclista no solo obligaron a Sylvan Adams, el propietario del equipo Israel-Premier Tech e \u00edntimo amigo de Benjamin Netanyahu, a retirar el nombre de su pa\u00eds del maillot, sino que ahora <b>podr\u00edan dejarle incluso sin sus principales patrocinadores<\/b>. Tanto Premier Tech, la empresa que pon\u00eda nombre al equipo al lado del nombre de Israel, como Factor, que dota de bicicletas al equipo, <b>han amenazado con abandonar si el conjunto no se desvincula del pa\u00eds que seg\u00fan Naciones Unidas comete un genocidio en Gaza<\/b>.<\/p>\n<p>En <a href=\"https:\/\/www.cyclingnews.com\/news\/its-not-a-matter-of-right-or-wrong-anymore-its-become-too-controversial-around-our-brand-factor-meets-israel-premier-tech-to-discuss-team-name-and-flag-change\/\" target=\"_blank\" rel=\"nofollow noopener\">unas declaraciones exclusivas a CyclingNews<\/a>, el fundador de la marca de bicis Factor, Rob Gitelis, explic\u00f3 su ultim\u00e1tum a Adams. <b>\u00abYa le dije al equipo: sin un cambio de nombre, sin un cambio de bandera, no continuaremos\u00bb<\/b>, asegur\u00f3 tras reconocer que \u00abno es una cuesti\u00f3n personal de apoyar esto o aquello\u00bb, sino sencillamente de \u00abun cierto nivel de controversia\u00bb que su marca no se puede permitir. En la misma l\u00ednea se ha expresado la compa\u00f1\u00eda canadiense Premier Tech, desde donde <b>esperan que el equipo \u00abevolucione hacia un nuevo nombre que excluya la palabra Israel, adoptando una nueva identidad y una nueva imagen de marca\u00bb<\/b>.<\/p>\n<p>Aunque durante La Vuelta el equipo israel\u00ed luc\u00eda con orgullo el nombre del pa\u00eds que seg\u00fan la ONU comete un genocidio en Gaza, antes de la etapa 14 y tras las manifestaciones que llegaron a interrumpir algunos tramos anteriores del circuito, el equipo de <b>Sylvan Adams anunci\u00f3 que retirar\u00eda la palabra Israel de la pechera de sus ocho ciclistas<\/b>. \u00abCon el fin de priorizar la seguridad de nuestros ciclistas y de todo el pelot\u00f3n, en vista de la naturaleza peligrosa de algunas protestas en La Vuelta, Israel-Premier Tech ha proporcionado a los ciclistas un kit con el monograma del equipo para el resto de la carrera\u00bb, public\u00f3 el conjunto en sus redes sociales. Pero esa decisi\u00f3n no se circunscribi\u00f3 a Espa\u00f1a. En Canad\u00e1, donde tambi\u00e9n hubo protestas contra su participaci\u00f3n en los Grandes Premios de Quebec y Montreal, hicieron lo mismo. <b>\u00abEl equipo nos pidi\u00f3 que eliminemos cualquier referencia a Israel en el circuito, y correr\u00e1n con un maillot distinto en nuestras pruebas\u00bb<\/b>, dijo el director de la organizaci\u00f3n de las dos citas. Adams, por cierto, es canadiense.<\/p>\n<p>Si bien el equipo no es de propiedad estatal, <b>Sylvan Adams nunca ha ocultado que su objetivo es utilizar su presencia en el circuito internacional para impulsar la imagen de Israel<\/b>. \u00abDesde que me mud\u00e9 a Israel, he asumido el papel de embajador autoproclamado, en general, de Israel. [&#8230;] Considero a todo nuestro equipo y a cada uno de nuestros ciclistas como embajadores de nuestro pa\u00eds\u00bb, dijo Adams tras anunciar que participar\u00edan en el Tour de Francia de 2023 con un maillot \u00abde edici\u00f3n especial para destacar el turismo israel\u00ed en el escenario ciclista mundial\u00bb. En esa misma declaraci\u00f3n, Adams agradeci\u00f3 \u00aba los Ministerios de Turismo, Cultura y Deporte de Israel por su confianza y apoyo\u00bb.<\/p>\n<p><a href=\"https:\/\/observer.co.uk\/news\/sport\/article\/israel-premiertech-cycling-alessandro-de-marchi\" target=\"_blank\" rel=\"nofollow noopener\">En el peri\u00f3dico brit\u00e1nico The Observer<\/a>, el exciclista del Israel-Premier Tech Alessandro De Marchi se\u00f1al\u00f3 que \u00abuna pol\u00edtica clara del equipo\u00bb era \u00abmostrar la belleza\u00bb de Israel. Se trataba de <b>\u00abuna propaganda m\u00e1s ligera, donde se proyectaba la visi\u00f3n de Israel\u00bb<\/b>. De Marchi dej\u00f3 el equipo en 2023 tras dos a\u00f1os. Ahora, asegura sentirse \u00abfeliz y aliviado\u00bb. \u00abMe habr\u00eda costado mucho estar all\u00ed ahora y lo habr\u00eda pasado muy mal. No criticar\u00e9 a nadie que corra all\u00ed porque cada uno es libre de decidir, pero ahora mismo no firmar\u00eda un contrato con Israel. No podr\u00eda controlar mis sentimientos si me involucrara en algo as\u00ed\u00bb, coment\u00f3 antes de opinar que <b>el ciclismo \u00abtiene que demostrar que le preocupan las violaciones de los derechos humanos y el derecho internacional\u00bb<\/b>.<\/p>\n<p>La advertencia de Premier Tech y Factor, motivada ya no solo por las protestas en La Vuelta sino por las denuncias que ha vivido el equipo en los \u00faltimos dos a\u00f1os, deja a Adams en una tesitura complicada. <b>El propietario y autoproclamado embajador de Israel estaba de acuerdo, seg\u00fan Cyclingnews, en cambiar el nombre, pero \u00abhab\u00eda asumido que la bandera del equipo segu\u00eda siendo israel\u00ed\u00bb<\/b>. Adams podr\u00eda decantarse por perder el patrocinio o mudar la propiedad del conjunto a Canad\u00e1, su pa\u00eds natal, aunque entonces tendr\u00eda que asumir que ya no podr\u00eda lavar la imagen de Israel a trav\u00e9s del ciclismo. En todo caso, no tiene mucho tiempo. El 15 de octubre es la fecha l\u00edmite que establece la Uni\u00f3n Ciclista Internacional (UCI) para que los equipos registren su nacionalidad.<\/p>\n","protected":false},"excerpt":{"rendered":"Las protestas propalestinas que se sucedieron a lo largo de toda Espa\u00f1a durante La Vuelta ciclista no solo&hellip;\n","protected":false},"author":2,"featured_media":137026,"comment_status":"","ping_status":"","sticky":false,"template":"","format":"standard","meta":{"footnotes":""},"categories":[273],"tags":[313,312,168,25,24,694,79,74,76,23,167,5411],"class_list":{"0":"post-137025","1":"post","2":"type-post","3":"status-publish","4":"format-standard","5":"has-post-thumbnail","7":"category-ciclismo","8":"tag-ciclismo","9":"tag-cycling","10":"tag-deportes","11":"tag-es","12":"tag-espana","13":"tag-gaza","14":"tag-genocidio","15":"tag-israel","16":"tag-palestina","17":"tag-spain","18":"tag-sports","19":"tag-vuelta-a-espana"},"share_on_mastodon":{"url":"","error":""},"_links":{"self":[{"href":"https:\/\/www.europesays.com\/es\/wp-json\/wp\/v2\/posts\/137025","targetHints":{"allow":["GET"]}}],"collection":[{"href":"https:\/\/www.europesays.com\/es\/wp-json\/wp\/v2\/posts"}],"about":[{"href":"https:\/\/www.europesays.com\/es\/wp-json\/wp\/v2\/types\/post"}],"author":[{"embeddable":true,"href":"https:\/\/www.europesays.com\/es\/wp-json\/wp\/v2\/users\/2"}],"replies":[{"embeddable":true,"href":"https:\/\/www.europesays.com\/es\/wp-json\/wp\/v2\/comments?post=137025"}],"version-history":[{"count":0,"href":"https:\/\/www.europesays.com\/es\/wp-json\/wp\/v2\/posts\/137025\/revisions"}],"wp:featuredmedia":[{"embeddable":true,"href":"https:\/\/www.europesays.com\/es\/wp-json\/wp\/v2\/media\/137026"}],"wp:attachment":[{"href":"https:\/\/www.europesays.com\/es\/wp-json\/wp\/v2\/media?parent=137025"}],"wp:term":[{"taxonomy":"category","embeddable":true,"href":"https:\/\/www.europesays.com\/es\/wp-json\/wp\/v2\/categories?post=137025"},{"taxonomy":"post_tag","embeddable":true,"href":"https:\/\/www.europesays.com\/es\/wp-json\/wp\/v2\/tags?post=137025"}],"curies":[{"name":"wp","href":"https:\/\/api.w.org\/{rel}","templated":true}]}}