{"id":137027,"date":"2025-09-25T02:29:08","date_gmt":"2025-09-25T02:29:08","guid":{"rendered":"https:\/\/www.europesays.com\/es\/137027\/"},"modified":"2025-09-25T02:29:08","modified_gmt":"2025-09-25T02:29:08","slug":"araski-una-decada-de-orgullo-y-cantera-en-la-elite-del-baloncesto-femenino","status":"publish","type":"post","link":"https:\/\/www.europesays.com\/es\/137027\/","title":{"rendered":"Araski, una d\u00e9cada de orgullo y cantera en la \u00e9lite del baloncesto femenino"},"content":{"rendered":"<p>El Araski cumple diez a\u00f1os. Una d\u00e9cada entre las mejores. El conjunto vitoriano afronta con optimismo su d\u00e9cima temporada consecutiva en la Liga Femenina Endesa,  &#8230; la primera divisi\u00f3n del baloncesto femenino estatal. \u00abEste a\u00f1o va a merecer la pena\u00bb, asegur\u00f3 la presidenta Iratxe Rodr\u00edguez al centenar de aficionados que se acercaron a la presentaci\u00f3n del equipo en la Virgen Blanca. \u00abFuera de la pista parecen un poco locas, pero dentro cambian. Sabemos que vamos a hacerlo muy bien\u00bb, afirm\u00f3.<\/p>\n<p class=\"v-p\">La m\u00e1xima dirigente hablaba as\u00ed de una plantilla remozada casi al completo, pero con el liderazgo perenne de Made Urieta desde el banquillo. Apenas dos jugadoras se mantienen con respecto a la temporada anterior, que concluy\u00f3 con final feliz tras sellar la salvaci\u00f3n en la \u00faltima jornada. La base Sami Hill continuar\u00e1 como referente del equipo tanto dentro como fuera de la pista. Antes de iniciar su tercera campa\u00f1a en Mendizorroza ya es la sexta m\u00e1xima anotadora de la historia del club, con 641 puntos, a 500 de Van den Adel, una de las bajas m\u00e1s sensibles. Montse Brotons es la otra integrante que seguir\u00e1 a las \u00f3rdenes de la entrenadora vitoriana, adem\u00e1s de tomar las riendas de un equipo de cantera, uno de los pilares principales de la entidad.<\/p>\n<p class=\"v-p\">El resto ser\u00e1n todo caras nuevas. Ocho fichajes en total con los que completar una plantilla con 10 efectivos. Una integrante m\u00e1s que el curso pasado, adem\u00e1s del apoyo de las canteranas Leire Fern\u00e1ndez de Retana, Haizea Garc\u00eda, Nahia Elvira e Itsaso L\u00f3pez, para afrontar con mayor garant\u00edas la exigencia de la \u00e9lite. La base Mama Demb\u00e9l\u00e9, la escolta Lotta-Maj Lahtinen, las aleros Dominique Touissant, Alyssa Lawrence y Mireya Sanz, la ala-p\u00edvot Isabela Quevedo, y las p\u00edvots Quinn Urbaniak-Dornstauder y Noa Morro conocieron ayer a su nueva afici\u00f3n y revelaron confidencias. \u00abLa peor comida de Espa\u00f1a es el jam\u00f3n ib\u00e9rico. Lo odio\u00bb, admiti\u00f3 la canadiense Urbaniak. <\/p>\n<p class=\"v-p\">Siempre con un tono de humor, la marea verde supo de las complicaciones a las que se est\u00e1 enfrentando Urieta como madre primeriza. Un orgullo que tambi\u00e9n abandera con su v\u00ednculo con el Kutxabank Araski, al que ha dotado de un fuerte sello competitivo en estos diez a\u00f1os. \u00abEl \u00e9xito es ver a todas estas ni\u00f1as con carteles y sonrisas acompa\u00f1\u00e1ndonos\u00bb, agradeci\u00f3 antes de escuchar el sentir de las instituciones. Del Ayuntamiento, representado por la alcaldesa Maider Etxebarria, de la Diputaci\u00f3n, con la presencia de la diputada de deporte, Ana del Val, y Kutxabank, que ha renovado su patrocinio para las pr\u00f3ximas dos temporadas. La 2025-2026 arrancar\u00e1 el s\u00e1bado 4 de octubre en Mendizorroza frente al poderoso Perfumer\u00edas Avenida.<\/p>\n","protected":false},"excerpt":{"rendered":"El Araski cumple diez a\u00f1os. Una d\u00e9cada entre las mejores. El conjunto vitoriano afronta con optimismo su d\u00e9cima&hellip;\n","protected":false},"author":2,"featured_media":137028,"comment_status":"","ping_status":"","sticky":false,"template":"","format":"standard","meta":{"footnotes":""},"categories":[269],"tags":[27966,299,298,2512,10726,168,1755,25,24,4649,5602,23,167],"class_list":{"0":"post-137027","1":"post","2":"type-post","3":"status-publish","4":"format-standard","5":"has-post-thumbnail","7":"category-baloncesto","8":"tag-araski","9":"tag-baloncesto","10":"tag-basketball","11":"tag-cantera","12":"tag-decada","13":"tag-deportes","14":"tag-elite","15":"tag-es","16":"tag-espana","17":"tag-femenino","18":"tag-orgullo","19":"tag-spain","20":"tag-sports"},"share_on_mastodon":{"url":"","error":""},"_links":{"self":[{"href":"https:\/\/www.europesays.com\/es\/wp-json\/wp\/v2\/posts\/137027","targetHints":{"allow":["GET"]}}],"collection":[{"href":"https:\/\/www.europesays.com\/es\/wp-json\/wp\/v2\/posts"}],"about":[{"href":"https:\/\/www.europesays.com\/es\/wp-json\/wp\/v2\/types\/post"}],"author":[{"embeddable":true,"href":"https:\/\/www.europesays.com\/es\/wp-json\/wp\/v2\/users\/2"}],"replies":[{"embeddable":true,"href":"https:\/\/www.europesays.com\/es\/wp-json\/wp\/v2\/comments?post=137027"}],"version-history":[{"count":0,"href":"https:\/\/www.europesays.com\/es\/wp-json\/wp\/v2\/posts\/137027\/revisions"}],"wp:featuredmedia":[{"embeddable":true,"href":"https:\/\/www.europesays.com\/es\/wp-json\/wp\/v2\/media\/137028"}],"wp:attachment":[{"href":"https:\/\/www.europesays.com\/es\/wp-json\/wp\/v2\/media?parent=137027"}],"wp:term":[{"taxonomy":"category","embeddable":true,"href":"https:\/\/www.europesays.com\/es\/wp-json\/wp\/v2\/categories?post=137027"},{"taxonomy":"post_tag","embeddable":true,"href":"https:\/\/www.europesays.com\/es\/wp-json\/wp\/v2\/tags?post=137027"}],"curies":[{"name":"wp","href":"https:\/\/api.w.org\/{rel}","templated":true}]}}