{"id":137039,"date":"2025-09-25T02:35:20","date_gmt":"2025-09-25T02:35:20","guid":{"rendered":"https:\/\/www.europesays.com\/es\/137039\/"},"modified":"2025-09-25T02:35:20","modified_gmt":"2025-09-25T02:35:20","slug":"paul-mescal-y-su-insolita-anecdota-con-paul-mccartney-fue-surrealista","status":"publish","type":"post","link":"https:\/\/www.europesays.com\/es\/137039\/","title":{"rendered":"Paul Mescal y su ins\u00f3lita an\u00e9cdota con Paul McCartney: \u201cFue surrealista\u201d"},"content":{"rendered":"<p data-journey-content=\"true\" data-node-id=\"3\" class=\"css-6wxqfj emevuu60\">El aclamado director <strong data-node-id=\"3.1\">Sam Mendes<\/strong>, art\u00edfice de cintas como &#8216;American Beauty&#8217; o &#8216;1917&#8217;, tiene entre manos uno de los proyectos m\u00e1s ambiciosos de la historia del cine y de la m\u00fasica: estrenar simult\u00e1neamente cuatro pel\u00edculas centradas, cada una, en los cuatro miembros de los Beatles. Con sus respectivos estrenos previstos para 2028, cada film narrar\u00e1 la historia de la legendaria banda de Liverpool desde la perspectiva individual de John Lennon, <strong data-node-id=\"3.3\">Paul McCartney<\/strong>, George Harrison y Ringo Starr. <\/p>\n<p><img draggable=\"true\" alt=\"paul mescal\" title=\"paul mescal\" loading=\"lazy\" width=\"2000\" height=\"3000\" decoding=\"async\" data-nimg=\"1\" style=\"color:transparent;width:100%;height:auto;\"   src=\"https:\/\/www.europesays.com\/es\/wp-content\/uploads\/2025\/09\/festival-cannes-2025-paul-mescal-682f1fa72db32.jpg\" class=\"css-0 e1g79fud0\"\/><\/p>\n<p>Getty Images<\/p>\n<p data-journey-content=\"true\" data-node-id=\"8\" class=\"css-6wxqfj emevuu60\">Esta es la primera vez que Apple Corps Ltd., la propietaria de los derechos de la banda, junto con Paul McCartney, Ringo Starr y las familias de John Lennon y George Harrison, dan permiso para la realizaci\u00f3n de pel\u00edculas biogr\u00e1ficas sobre los Fab Four, para muchos la mejor banda de la historia de la m\u00fasica y, sin duda, una de las m\u00e1s influyentes desde su creaci\u00f3n en los a\u00f1os 60. <strong data-node-id=\"8.1\">Paul Mescal (&#8216;Gladiator II&#8217;) <\/strong>interpretar\u00e1 a Paul McCartney, Harris Dickinson (&#8216;El tri\u00e1ngulo de la tristeza&#8217;) ser\u00e1 John Lennon, Joseph Quinn (&#8216;Stranger Things&#8217;) ser\u00e1 George Harrison y Barry Keoghan (&#8216;Saltburn&#8217;) se pondr\u00e1 en la piel de Ringo Starr. <\/p>\n<p data-journey-content=\"true\" data-node-id=\"10\" class=\"css-6wxqfj emevuu60\">Desde que su interpretaci\u00f3n en la serie &#8216;Normal People&#8217; sorprendiera al mism\u00edsimo Ridley Scott, Paul Mescal ha sido protagonista de t\u00edtulos como la grandiosa &#8216;Gladiator II&#8217; (Ridley Scott, 2024) o la sensible &#8216;Desconocidos&#8217; (Andrew Haigh, 2023). A punto de estrenarse en la piel de Shakespeare en &#8216;<strong data-node-id=\"10.1\">Hamnet<\/strong>&#8216; (Chlo\u00e9 Zhao, 2025) junto a Jesse Buckley, la que promete ser una de las pel\u00edculas del a\u00f1o, y de vivir un tr\u00e1gico romance con Josh O&#8217;Connor en &#8216;The History of Sound&#8217; (Oliver Hermanus, 2025), el irland\u00e9s se prepara para interpretar a Paul McCartney en una de las cuatro pel\u00edculas que Sam Mendes rueda sobre <strong data-node-id=\"10.3\">Los Beatles. <\/strong><\/p>\n<p>No te pierdas esto<a data-theme-key=\"base-link\" href=\"#\" class=\"e1fx7w0v5 css-xorst3 e1c1bym14\">Reg\u00edstrate para recibir contenido personalizado<img decoding=\"async\" data-dynamic-svg=\"true\" src=\"https:\/\/www.fotogramas.es\/_assets\/design-tokens\/fre\/static\/icons\/arrow-right-regular.e879c19.svg?primary=%2523000000\" loading=\"lazy\" data-testid=\"dynamic-svg-base\" height=\"auto\" width=\"100%\" alt=\"\" class=\"css-13htjwu e1fx7w0v1\"\/><\/a><img draggable=\"true\" alt=\"the beatles\" title=\"the beatles\" loading=\"lazy\" width=\"1366\" height=\"2048\" decoding=\"async\" data-nimg=\"1\" style=\"color:transparent;width:100%;height:auto;\"   src=\"https:\/\/www.europesays.com\/es\/wp-content\/uploads\/2025\/09\/the-beatles-pelicula-67eba929d9e2c.jpg\" class=\"css-0 e1g79fud0\"\/><\/p>\n<p>Sony Pictures<\/p>\n<p data-journey-content=\"true\" data-node-id=\"16\" class=\"css-6wxqfj emevuu60\">Experto en personajes rotos de dolor, la nueva sensaci\u00f3n de Hollywood se ha sincerado sobre su reciente encuentro con Paul McCartney, describi\u00e9ndolo como \u00abla experiencia m\u00e1s incre\u00edble que me ha brindado mi trabajo\u00bb. En una entrevista con <a href=\"https:\/\/www.rollingstone.com\/tv-movies\/tv-movie-features\/paul-mescal-history-of-sound-hamnet-beatles-1235426053\/\" target=\"_blank\" data-vars-ga-outbound-link=\"https:\/\/www.rollingstone.com\/tv-movies\/tv-movie-features\/paul-mescal-history-of-sound-hamnet-beatles-1235426053\/\" data-vars-ga-ux-element=\"Hyperlink\" data-vars-ga-call-to-action=\"Rolling Stone\" data-node-id=\"16.1\" class=\"body-link css-d2so5l emevuu60\" rel=\"nofollow noopener\">Rolling Stone<\/a>, el nominado al Oscar por &#8216;<strong data-node-id=\"16.3\">Aftersun<\/strong>&#8216; (Charlotte Wells, 2022) cont\u00f3 c\u00f3mo el mism\u00edsimo Beatle le ayud\u00f3 en su preparaci\u00f3n para interpretarlo, algo que ya se intu\u00eda despu\u00e9s de que este mismo a\u00f1o salieran a la luz fotos de Paul Mescal y su novia, la cantante y compositora Gracie Abrams, en el festival de Glastonbury junto a Stella McCartney, la hija del legendario Beatle. En ese mismo festival, Paul McCartney fue visto disfrutando de la actuaci\u00f3n de Abrams.<\/p>\n<p data-journey-content=\"true\" data-node-id=\"18\" class=\"css-6wxqfj emevuu60\">\u00abPudimos tocar &#8216;<strong data-node-id=\"18.1\">Blackbird<\/strong>&#8216; juntos y nunca olvidar\u00e9 este momento\u00bb, afirm\u00f3 Mescal sobre el encuentro, a\u00f1adiendo que siempre ha sido un gran admirador de la m\u00fasica de McCartney. \u00abFue como si estuviera fuera de mi cuerpo, pensando: \u2018Hace nueve a\u00f1os estaba en la escuela de teatro, y ahora estoy aqu\u00ed sentado frente a Paul McCartney tocando &#8216;Blackbird&#8217;. \u00abNo soy imparcial, pero creo que es un hecho objetivo que su obra ha cambiado el mundo, tanto el mundo de la cultura pop como la cultura en general. Creo que la ha cambiado de forma fundamental y para siempre\u00bb.<br data-node-id=\"18.3\"\/><\/p>\n<p><img draggable=\"true\" alt=\"the beatles\" title=\"The Beatles\" loading=\"lazy\" width=\"3034\" height=\"3923\" decoding=\"async\" data-nimg=\"1\" style=\"color:transparent;width:100%;height:auto;\"   src=\"https:\/\/www.europesays.com\/es\/wp-content\/uploads\/2025\/09\/portrait-of-the-the-beatles-from-left-to-right-ringo-starr-news-photo-1758719190.pjpeg\" class=\"css-0 e1g79fud0\"\/><\/p>\n<p>Bettmann\/\/Getty Images<\/p>\n<p data-journey-content=\"true\" data-node-id=\"21\" class=\"css-6wxqfj emevuu60\">El actor tambi\u00e9n habl\u00f3 sobre el proceso de preparaci\u00f3n para la pel\u00edcula. \u00abUn d\u00eda t\u00edpico es: nos levantamos y vamos a Bobbington [un pueblo en Staffordshire] escuchando a<strong data-node-id=\"21.1\"> Los Beatles <\/strong>en el coche\u00bb, r\u00ede. \u00abIntentamos caminar, hablar, tocar la guitarra, pensar como Los Beatles. Luego, volvemos al coche, escuchamos a Los Beatles y volvemos a casa. Me encanta escuchar m\u00fasica, componer, ir a conciertos&#8230; Todo esto empieza con mucha intensidad por el trabajo, y luego se convierte en parte de mi personalidad\u00bb. Y lo m\u00e1s importante: Mescal tambi\u00e9n est\u00e1 aprendiendo a tocar el bajo y la guitarra con la mano izquierda, imitando el caracter\u00edstico estilo zurdo de <strong data-node-id=\"21.3\">McCartney<\/strong>. \u00abBueno, ser\u00eda absurdo tocar con la derecha, \u00bfno?\u00bb, bromea.  <\/p>\n<p><img src=\"https:\/\/www.europesays.com\/es\/wp-content\/uploads\/2025\/09\/1758767720_127_1c7213ec-b3a5-4ebe-982a-c0d0d4cd7bd1_1749630337.file\" alt=\"Headshot of Mar\u00eda Juesas\" title=\"Headshot of Mar\u00eda Juesas\" width=\"100%\" height=\"100%\" decoding=\"async\" loading=\"lazy\" class=\"css-o0wq4v ev8dhu53\"\/><\/p>\n<p><a href=\" https:\/\/www.linkedin.com\/in\/mar%C3%ADa-juesas-28a152205\/\">Mar\u00eda Juesas<\/a> es experta en pel\u00edculas y series, especializada en las brit\u00e1nicas, asi\u00e1ticas y, en general, en todo lo que est\u00e9 bien escrito. Tambi\u00e9n es periodista cultural y miembro de la Asociaci\u00f3n de Informadores Cinematogr\u00e1ficos de Espa\u00f1a (AICE), la organizaci\u00f3n que otorga los Premios Feroz. Su amor por el cine empez\u00f3 con los animales parlantes de \u2018Babe, el cerdito valiente\u2019 y, desde entonces, ha crecido entre los horizontes de John Ford, las galaxias de George Lucas y las playas de Agn\u00e8s Varda. \u00c1vida defensora de que una buena historia puede cambiarte la vida, no tiene g\u00e9nero favorito porque su historial cin\u00e9filo no conoce l\u00edmites (ni verg\u00fcenza). Eso s\u00ed, n\u00f3mbrale a Richard Curtis y tendr\u00e1s conversaci\u00f3n para rato.\u00a0\u00a0<\/p>\n<p>Lleg\u00f3 a la redacci\u00f3n de Fotogramas como becaria en pr\u00e1cticas despu\u00e9s de trabajar como proyeccionista en el mejor cine de Sheffield (en Reino Unido, donde tambi\u00e9n form\u00f3 parte de una granuja Blues Band), y de escribir sobre pel\u00edculas, m\u00fasica, teatro y literatura en medios como la revista Nuebo, Milana o El Generacional. En Fotogramas, ha cubierto festivales como la SEMINCI de Valladolid o los encuentros Rendez-vous de Unifrance en Par\u00eds, adem\u00e1s de entrevistar a personalidades como Robert De Niro, Ren\u00e9e Zellweger, Benedict Cumberbatch, Olivia Colman o Richard Gere.\u00a0\u00a0<\/p>\n<p>Apasionada de la m\u00fasica y el cine, desde Vigo lleg\u00f3 a Madrid para estudiar el doble grado de Periodismo y Comunicaci\u00f3n Audiovisual en la Universidad Carlos III. Cuenta la leyenda que prefer\u00eda saltarse clases para ir a alg\u00fan estreno aunque, si se lo preguntas, lo negar\u00e1.\u00a0Tras una breve pero transformadora etapa de formaci\u00f3n en Onda Cero Pontevedra, volvi\u00f3 a coger el micro como directora y presentadora del podcast Estrofas en Primer Plano, para despu\u00e9s completar un curso de Direcci\u00f3n de Producci\u00f3n en RTVE Instituto. Si no la encuentras, es que estar\u00e1 viendo alguna pel\u00edcula de Kurosawa. Da igual cu\u00e1ndo leas esto.\u00a0\u00a0<\/p>\n","protected":false},"excerpt":{"rendered":"El aclamado director Sam Mendes, art\u00edfice de cintas como &#8216;American Beauty&#8217; o &#8216;1917&#8217;, tiene entre manos uno de&hellip;\n","protected":false},"author":2,"featured_media":137040,"comment_status":"","ping_status":"","sticky":false,"template":"","format":"standard","meta":{"footnotes":""},"categories":[170],"tags":[253,146,147,25,24,184,185,23],"class_list":{"0":"post-137039","1":"post","2":"type-post","3":"status-publish","4":"format-standard","5":"has-post-thumbnail","7":"category-musica","8":"tag-discover","9":"tag-entertainment","10":"tag-entretenimiento","11":"tag-es","12":"tag-espana","13":"tag-music","14":"tag-musica","15":"tag-spain"},"share_on_mastodon":{"url":"","error":""},"_links":{"self":[{"href":"https:\/\/www.europesays.com\/es\/wp-json\/wp\/v2\/posts\/137039","targetHints":{"allow":["GET"]}}],"collection":[{"href":"https:\/\/www.europesays.com\/es\/wp-json\/wp\/v2\/posts"}],"about":[{"href":"https:\/\/www.europesays.com\/es\/wp-json\/wp\/v2\/types\/post"}],"author":[{"embeddable":true,"href":"https:\/\/www.europesays.com\/es\/wp-json\/wp\/v2\/users\/2"}],"replies":[{"embeddable":true,"href":"https:\/\/www.europesays.com\/es\/wp-json\/wp\/v2\/comments?post=137039"}],"version-history":[{"count":0,"href":"https:\/\/www.europesays.com\/es\/wp-json\/wp\/v2\/posts\/137039\/revisions"}],"wp:featuredmedia":[{"embeddable":true,"href":"https:\/\/www.europesays.com\/es\/wp-json\/wp\/v2\/media\/137040"}],"wp:attachment":[{"href":"https:\/\/www.europesays.com\/es\/wp-json\/wp\/v2\/media?parent=137039"}],"wp:term":[{"taxonomy":"category","embeddable":true,"href":"https:\/\/www.europesays.com\/es\/wp-json\/wp\/v2\/categories?post=137039"},{"taxonomy":"post_tag","embeddable":true,"href":"https:\/\/www.europesays.com\/es\/wp-json\/wp\/v2\/tags?post=137039"}],"curies":[{"name":"wp","href":"https:\/\/api.w.org\/{rel}","templated":true}]}}