{"id":137054,"date":"2025-09-25T02:43:04","date_gmt":"2025-09-25T02:43:04","guid":{"rendered":"https:\/\/www.europesays.com\/es\/137054\/"},"modified":"2025-09-25T02:43:04","modified_gmt":"2025-09-25T02:43:04","slug":"dos-palabras-y-un-matiz-que-lo-dicen-todo","status":"publish","type":"post","link":"https:\/\/www.europesays.com\/es\/137054\/","title":{"rendered":"dos palabras y un matiz que lo dicen todo"},"content":{"rendered":"<p>El <a href=\"https:\/\/www.huffingtonpost.es\/politica\/felipe-vi-sobre-gaza-onu-no-guardar-silencio-mirar-lado-devastacion.html\" target=\"_blank\" rel=\"nofollow noopener\">discurso de Felipe VI en la Asamblea General de las Naciones Unidas<\/a> ha dado la vuelta al mundo. Porque al impacto de su parlamento este mi\u00e9rcoles sobre la \u00ab<b>devastaci\u00f3n<\/b>\u00bb causada por Israel en Gaza y la <b>necesidad de \u00abno mirar para otro lado\u00bb<\/b>, se ha sumado la prensa internacional.\u00a0\u00a0<\/p>\n<p>Las reacciones han llegado hasta Israel, pero no ha sido ninguna de sus cabeceras las que han llamado m\u00e1s la atenci\u00f3n por el an\u00e1lisis del <b>discurso de Felipe VI<\/b>. Desde Reino Unido, el hist\u00f3rico The Guardian\u00a0ha dedicado un espacio relevante en su portada y un largo art\u00edculo para analizar <b>lo que ha dicho y no ha dicho<\/b> el rey de Espa\u00f1a.<\/p>\n<p>\u00abNo podemos guardar silencio ni mirar para otro lado ante la devastaci\u00f3n Por eso clamamos, imploramos, exigimos: <b>detengan ya esta masacre<\/b>. [&#8230;]\u00a0<b>Nos cuesta comprender<\/b> lo que el Gobierno israel\u00ed est\u00e1 haciendo en Gaza [&#8230;] No m\u00e1s muertes en nombre de un pueblo tan sabio y tan antiguo, que tanto ha sufrido a lo largo de la historia\u00bb, ha espetado Felipe VI ante la ONU y en presencia, tambi\u00e9n, del presidente del Gobierno espa\u00f1ol, Pedro S\u00e1nchez.\u00a0<\/p>\n<p>En su discurso tambi\u00e9n hab\u00eda querido mencionar previamente tambi\u00e9n el \u00ab<b>derecho a defenderse\u00bb de Israel<\/b> ante los \u00abhorrendos atentados\u00bb de Ham\u00e1s, al igual que ha resaltado que <b>Espa\u00f1a <\/b>es un pueblo \u00ab<b>profundamente orgulloso de sus ra\u00edces sefard\u00edes<\/b>\u00ab.<\/p>\n<p>Sus palabras han tenido &#8216;respuesta&#8217; en forma de <a href=\"https:\/\/www.theguardian.com\/world\/2025\/sep\/24\/king-felipe-pleads-with-israel-to-stop-massacre-and-abhorrent-acts-in-gaza\" target=\"_blank\" rel=\"nofollow noopener\">an\u00e1lisis de The Guardian\u00a0en un largo art\u00edculo<\/a> de <b>Sam Jones<\/b>, corresponsal en Madrid. Adem\u00e1s de reproducir las partes claves del parlamento ante la Asamblea General de la ONU, el periodista ha querido dejar su toque con <b>un par de adjetivos y un matiz<\/b> sobre el mensaje de Felipe VI.<\/p>\n<p>Para The Guardian\u00a0se trat\u00f3 de un \u00ab<b>inusualmente directo y poderoso<\/b>\u00bb donde no s\u00f3lo llam\u00f3 por el fin de la \u00abmasacre\u00bb y de las muertes, sino que defendi\u00f3 el papel de la misma ONU a la que se dirig\u00eda.<\/p>\n<p>No obstante, el art\u00edculo ha desgranado la otra gran clave del discurso. Porque pese a la contundencia para condenar las acciones del Gobierno de Israel, Felipe VI \u00abtuvo <b>cuidado de no utilizar la palabra &#8216;genocidio&#8217; <\/b>(un t\u00e9rmino ya empleado por el primer ministro del pa\u00eds , Pedro S\u00e1nchez)\u00bb, ha puesto de relieve el diario brit\u00e1nico.<\/p>\n","protected":false},"excerpt":{"rendered":"El discurso de Felipe VI en la Asamblea General de las Naciones Unidas ha dado la vuelta al&hellip;\n","protected":false},"author":2,"featured_media":137055,"comment_status":"","ping_status":"","sticky":false,"template":"","format":"standard","meta":{"footnotes":""},"categories":[8],"tags":[17,18,25,24,13,14,11439,11,74,19,20,9,10,15,16,732,43238,23,27888,12,21,22],"class_list":{"0":"post-137054","1":"post","2":"type-post","3":"status-publish","4":"format-standard","5":"has-post-thumbnail","7":"category-espana","8":"tag-breaking-news","9":"tag-breakingnews","10":"tag-es","11":"tag-espana","12":"tag-featured-news","13":"tag-featurednews","14":"tag-felipe-vi","15":"tag-headlines","16":"tag-israel","17":"tag-latest-news","18":"tag-latestnews","19":"tag-news","20":"tag-noticias","21":"tag-noticias-destacadas","22":"tag-noticiasdestacadas","23":"tag-onu","24":"tag-prensa-internacional","25":"tag-spain","26":"tag-the-guardian","27":"tag-titulares","28":"tag-ultimas-noticias","29":"tag-ultimasnoticias"},"share_on_mastodon":{"url":"","error":""},"_links":{"self":[{"href":"https:\/\/www.europesays.com\/es\/wp-json\/wp\/v2\/posts\/137054","targetHints":{"allow":["GET"]}}],"collection":[{"href":"https:\/\/www.europesays.com\/es\/wp-json\/wp\/v2\/posts"}],"about":[{"href":"https:\/\/www.europesays.com\/es\/wp-json\/wp\/v2\/types\/post"}],"author":[{"embeddable":true,"href":"https:\/\/www.europesays.com\/es\/wp-json\/wp\/v2\/users\/2"}],"replies":[{"embeddable":true,"href":"https:\/\/www.europesays.com\/es\/wp-json\/wp\/v2\/comments?post=137054"}],"version-history":[{"count":0,"href":"https:\/\/www.europesays.com\/es\/wp-json\/wp\/v2\/posts\/137054\/revisions"}],"wp:featuredmedia":[{"embeddable":true,"href":"https:\/\/www.europesays.com\/es\/wp-json\/wp\/v2\/media\/137055"}],"wp:attachment":[{"href":"https:\/\/www.europesays.com\/es\/wp-json\/wp\/v2\/media?parent=137054"}],"wp:term":[{"taxonomy":"category","embeddable":true,"href":"https:\/\/www.europesays.com\/es\/wp-json\/wp\/v2\/categories?post=137054"},{"taxonomy":"post_tag","embeddable":true,"href":"https:\/\/www.europesays.com\/es\/wp-json\/wp\/v2\/tags?post=137054"}],"curies":[{"name":"wp","href":"https:\/\/api.w.org\/{rel}","templated":true}]}}