{"id":137056,"date":"2025-09-25T02:44:28","date_gmt":"2025-09-25T02:44:28","guid":{"rendered":"https:\/\/www.europesays.com\/es\/137056\/"},"modified":"2025-09-25T02:44:28","modified_gmt":"2025-09-25T02:44:28","slug":"ya-esta-bien-de-la-mierda-de-junts-y-del-pujolismo","status":"publish","type":"post","link":"https:\/\/www.europesays.com\/es\/137056\/","title":{"rendered":"Ya est\u00e1 bien de la mierda de Junts y del pujolismo"},"content":{"rendered":"<p class=\"paragraph\" id=\"paragraph_1\"><strong>Tensa intervenci\u00f3n de Pablo Iglesias en TV3.<\/strong> El que fuera vicepresidente del Gobierno ha intervenido este mi\u00e9rcoles en el programa de\u00a0Els Matins de la televisi\u00f3n p\u00fablica catalana para hablar de la situaci\u00f3n pol\u00edtica, marcada por<a href=\"https:\/\/www.elespanol.com\/espana\/politica\/20250923\/gobierno-fracasa-intento-satisfacer-junts-cesion-inmigracion-podemos-vota-pp-vox\/1003743937832_0.html?utm_cmp_rs=linksinline\" rel=\"nofollow noopener\" target=\"_blank\">\u00a0el rechazo de Podemos a la delegaci\u00f3n de la inmigraci\u00f3n a Catalu\u00f1a.<\/a><\/p>\n<p class=\"paragraph\" id=\"paragraph_2\">Ante las<strong>\u00a0cr\u00edticas de algunos de los tertulianos,<\/strong> entre ellos <strong>Joan Tard\u00e0,<\/strong> por este &#8216;no&#8217; que tumb\u00f3, junto a los votos de PP y Vox, una<a href=\"https:\/\/www.elespanol.com\/espana\/politica\/20250924\/1003743938070_0.html?utm_cmp_rs=linksinline\" rel=\"nofollow noopener\" target=\"_blank\">\u00a0medida acordada por PSOE y Junts,<\/a> Iglesias ha estallado en una intervenci\u00f3n que ha tenido que ser cortada por la presentadora, <strong>Adriana Oltra,<\/strong> por su tono y sus formas.<\/p>\n<p class=\"paragraph\" id=\"paragraph_3\"><strong>Visiblemente molesto y elevando la voz,<\/strong> el fundador de Podemos ha lanzado una dur\u00edsima cr\u00edtica a ERC, entre ellos a Tard\u00e0 y Gabrial Rufi\u00e1n, por tachar a su partido de \u00abespa\u00f1olista\u00bb por \u00abtoda esa mierda de Junts y el pujolismo\u00bb.<\/p>\n<blockquote class=\"twitter-tweet\">\n<p dir=\"ltr\" lang=\"ca\">En Pablo Iglesias ha perdut tant els papers en directe a TV3, amb insults i un to tabernari lamentable contra Junts, que l\u2019Ariadna Oltra s\u2019ha vist obligada a tallar-li la connexi\u00f3. <\/p>\n<p>Podemos ha perdut el nord, per aix\u00f2 va cam\u00ed de l\u2019extinci\u00f3. <a href=\"https:\/\/t.co\/qEFc3VmrK2\" rel=\"nofollow\">pic.twitter.com\/qEFc3VmrK2<\/a><\/p>\n<p>\u2014 Aleix Clari\u00f3 \ud83c\udf8f\ud83d\udc09 (@aleixclario) <a href=\"https:\/\/twitter.com\/aleixclario\/status\/1970755146905944273?ref_src=twsrc%5Etfw\" rel=\"nofollow noopener\" target=\"_blank\">September 24, 2025<\/a><\/p><\/blockquote>\n<p class=\"paragraph\" id=\"paragraph_4\">\u00abQue Junts sea de derechas no puede sorprender a nadie y que digan que los migrantes llegan a Catalu\u00f1a para acabar con la identidad catalana no le sorprende a nadie pero ver a mi amigo Joan Tard\u00e0 -presente en la tertulia- y Rufi\u00e1n bajando las orejas despu\u00e9s de que \u00e9l mismo dijera que era una ley racista <strong>trag\u00e1ndose toda esa mierda de Junts y del pujolismo<\/strong> y encima decir que Podemos es espa\u00f1olista&#8230; \u00ab\u00a1Venga ya, por favor!\u00bb, ha dicho Iglesias.<\/p>\n<p class=\"paragraph\" id=\"paragraph_5\">En este momento, la presentadora le ha pedido que bajara el tono de su intervenci\u00f3n.<\/p>\n<p class=\"paragraph\" id=\"paragraph_6\">\u00abTe pido respeto. Sabes que te dejo hacer intervenciones, pero<strong>\u00a0te pido que no insultemos\u00bb<\/strong>, le ha dicho Oltra a Iglesias, que insist\u00eda una y otra vez en \u00abd\u00e9jame terminar\u00bb mientras defend\u00eda su apoyo al movimiento independentista \u00abcuando les masacraban\u00bb.<\/p>\n<p>\u00ab\u00a1Caraduras!\u00bb<\/p>\n<p class=\"paragraph\" id=\"paragraph_7\">Ante la insistencia de la presentadora para que no insultara, Iglesias ha vuelto a estallar: \u00ab\u00bfQue no insulte? \u00a1Venga ya, hombre! Desde que ha empezado la tertulia: Podemos, Podemos, Podemos, Podemos&#8230;<strong> Ya est\u00e1 bien de tanta violencia. \u00a1Caraduras!\u00bb.<\/strong><\/p>\n<p class=\"paragraph\" id=\"paragraph_8\">A lo que la presentadora ha respondido ignor\u00e1ndolo por completo y dando paso a una conexi\u00f3n en directo con la portavoz de Junts en el Congreso, <strong>M\u00edriam Nogueras,<\/strong> precisamente el partido que ha acusado p\u00fablicamente, y en varias ocasiones, a Podemos de ser <a href=\"https:\/\/www.elespanol.com\/espana\/politica\/20250920\/choque-podemos-junts-belarra-tacha-racista-ceder-inmigracion-turull-acusa-anticatalanismo\/1003743933724_0.html?utm_cmp_rs=linksinline\" rel=\"nofollow noopener\" target=\"_blank\">\u00abanticatalanista\u00bb por su rechazo a la delegaci\u00f3n de la inmigraci\u00f3n. <\/a><\/p>\n<p class=\"paragraph\" id=\"paragraph_9\">En dicha conexi\u00f3n, Nogueras parec\u00eda no comprender lo que hab\u00eda ocurrido en\u00a0Els Matins. \u00abS\u00f3lo le he escuchado gritando e insultando mucho\u00bb, ha dicho.<\/p>\n<p class=\"paragraph\" id=\"paragraph_10\">Poco despu\u00e9s, la presentadora ha vuelto a conectar con Pablo Iglesias, que<strong> ha pedido perd\u00f3n<\/strong> por sus descalificaciones y su tono.<\/p>\n<p>                                    <script async src=\"https:\/\/platform.twitter.com\/widgets.js\" charset=\"utf-8\"><\/script><\/p>\n","protected":false},"excerpt":{"rendered":"Tensa intervenci\u00f3n de Pablo Iglesias en TV3. El que fuera vicepresidente del Gobierno ha intervenido este mi\u00e9rcoles en&hellip;\n","protected":false},"author":2,"featured_media":137057,"comment_status":"","ping_status":"","sticky":false,"template":"","format":"standard","meta":{"footnotes":""},"categories":[5],"tags":[17,18,6324,25,24,13,14,11,590,43239,19,20,35916,9,10,15,16,22397,6067,952,23,12,7151,21,22],"class_list":{"0":"post-137056","1":"post","2":"type-post","3":"status-publish","4":"format-standard","5":"has-post-thumbnail","7":"category-titulares","8":"tag-breaking-news","9":"tag-breakingnews","10":"tag-erc","11":"tag-es","12":"tag-espana","13":"tag-featured-news","14":"tag-featurednews","15":"tag-headlines","16":"tag-inmigracion","17":"tag-joan-tarda","18":"tag-latest-news","19":"tag-latestnews","20":"tag-miriam-nogueras","21":"tag-news","22":"tag-noticias","23":"tag-noticias-destacadas","24":"tag-noticiasdestacadas","25":"tag-pablo-iglesias","26":"tag-podemos","27":"tag-politica","28":"tag-spain","29":"tag-titulares","30":"tag-tv3","31":"tag-ultimas-noticias","32":"tag-ultimasnoticias"},"share_on_mastodon":{"url":"","error":""},"_links":{"self":[{"href":"https:\/\/www.europesays.com\/es\/wp-json\/wp\/v2\/posts\/137056","targetHints":{"allow":["GET"]}}],"collection":[{"href":"https:\/\/www.europesays.com\/es\/wp-json\/wp\/v2\/posts"}],"about":[{"href":"https:\/\/www.europesays.com\/es\/wp-json\/wp\/v2\/types\/post"}],"author":[{"embeddable":true,"href":"https:\/\/www.europesays.com\/es\/wp-json\/wp\/v2\/users\/2"}],"replies":[{"embeddable":true,"href":"https:\/\/www.europesays.com\/es\/wp-json\/wp\/v2\/comments?post=137056"}],"version-history":[{"count":0,"href":"https:\/\/www.europesays.com\/es\/wp-json\/wp\/v2\/posts\/137056\/revisions"}],"wp:featuredmedia":[{"embeddable":true,"href":"https:\/\/www.europesays.com\/es\/wp-json\/wp\/v2\/media\/137057"}],"wp:attachment":[{"href":"https:\/\/www.europesays.com\/es\/wp-json\/wp\/v2\/media?parent=137056"}],"wp:term":[{"taxonomy":"category","embeddable":true,"href":"https:\/\/www.europesays.com\/es\/wp-json\/wp\/v2\/categories?post=137056"},{"taxonomy":"post_tag","embeddable":true,"href":"https:\/\/www.europesays.com\/es\/wp-json\/wp\/v2\/tags?post=137056"}],"curies":[{"name":"wp","href":"https:\/\/api.w.org\/{rel}","templated":true}]}}