{"id":137058,"date":"2025-09-25T02:48:11","date_gmt":"2025-09-25T02:48:11","guid":{"rendered":"https:\/\/www.europesays.com\/es\/137058\/"},"modified":"2025-09-25T02:48:11","modified_gmt":"2025-09-25T02:48:11","slug":"brillante-primera-edicion-del-trofeo-ibercaja-banca-privada-de-golf","status":"publish","type":"post","link":"https:\/\/www.europesays.com\/es\/137058\/","title":{"rendered":"Brillante primera edici\u00f3n del Trofeo Ibercaja Banca Privada de golf"},"content":{"rendered":"<p><img decoding=\"async\" class=\"voc-author__img\" src=\"https:\/\/www.europesays.com\/es\/wp-content\/uploads\/2025\/07\/1753740850_231_autor-3704-foto-1.jpeg\" alt=\"Sergio A. \u00c1vila\"\/><\/p>\n<p>24\/09\/2025<br \/>\n<br \/><strong><br \/>\nActualizado 25\/09\/2025 a las 01:02h.<br \/>\n<\/strong><\/p>\n<p class=\"voc-p\" style=\"\">Los participantes del<strong> Trofeo Ibercaja Banca Privada<\/strong> disfrutaron este mi\u00e9rcoles de una excepcional jornada de golf en las instalaciones del <strong>Real Club Sevilla Golf<\/strong>, un escenario emblem\u00e1tico que fue sede de la recordada Copa del Mundo de la especialidad en 2004 y tambi\u00e9n de hasta tres Open de Espa\u00f1a. En 2022 celebr\u00f3 su trig\u00e9simo aniversario. Un campo indiscutiblemente de referencia a nivel nacional y de cuyas calles y greenes han podido disfrutar hoy los<strong> 48 participantes<\/strong> que se han dado cita para demostrar sus habilidades golf\u00edsticas, disfrutar de una agradable jornada de convivencia y, por supuesto, competir por los trofeos que hab\u00eda en juego. Todos dieron lo mejor de s\u00ed y luego departieron amigablemente en el c\u00f3ctel posterior. <\/p>\n<p class=\"voc-p\" style=\"\">Del \u00e9xito rotundo que ha supuesto la celebraci\u00f3n de este Trofeo Ibercaja Banca Privada da fe, desde luego,<strong> el casi medio centenar de jugadores que han sido part\u00edcipes de una competici\u00f3n que ha arrancado a primera hora de la ma\u00f1ana<\/strong>. Que, adem\u00e1s, haya colaborado el buen tiempo con temperaturas mucho m\u00e1s agradables en Sevilla que hace unos d\u00edas tambi\u00e9n ha ayudado a que la experiencia de todos los presentes haya resultado de lo m\u00e1s satisfactoria. Para repetir, sin duda. Porque los ganadores querr\u00e1n paladear de nuevo el sabor de la victoria y los que se quedaron cerquita de ella&#8230; tomarse la revancha.<\/p>\n<p><img decoding=\"async\" loading=\"lazy\" src=\"https:\/\/www.europesays.com\/es\/wp-content\/uploads\/2025\/09\/andre-hoefert-manuel-romo-U21107108030wki-758x470@diario_abc.jpg\" class=\"voc-d-c-combo-3__img\" width=\"758\" height=\"470\" alt=\"Imagen principal - Arriba, Andr\u00e9 Ho\u00ebfert y Manuel Romo; abajo, a la izquierda, Jaime S\u00e1nchez y Rafael Prieto, abajo a la derecha, Inmaculada Gonz\u00e1lez y Antonio Ortega\"\/><\/p>\n<p><img decoding=\"async\" loading=\"lazy\" src=\"https:\/\/www.europesays.com\/es\/wp-content\/uploads\/2025\/09\/jaime-sanchez-rafael-prieto-U84061522242BeH-464x329@diario_abc.jpg\" class=\"voc-d-c-combo-3__img\" width=\"464\" height=\"329\" alt=\"Imagen secundaria 1 - Arriba, Andr\u00e9 Ho\u00ebfert y Manuel Romo; abajo, a la izquierda, Jaime S\u00e1nchez y Rafael Prieto, abajo a la derecha, Inmaculada Gonz\u00e1lez y Antonio Ortega\"\/><\/p>\n<p><img decoding=\"async\" loading=\"lazy\" src=\"https:\/\/www.europesays.com\/es\/wp-content\/uploads\/2025\/09\/inmaculada-gonzalez-antonio-ortega-U78772532465sor-278x329@diario_abc.jpg\" class=\"voc-d-c-combo-3__img\" width=\"278\" height=\"329\" alt=\"Imagen secundaria 2 - Arriba, Andr\u00e9 Ho\u00ebfert y Manuel Romo; abajo, a la izquierda, Jaime S\u00e1nchez y Rafael Prieto, abajo a la derecha, Inmaculada Gonz\u00e1lez y Antonio Ortega\"\/><\/p>\n<p>Arriba, Andr\u00e9 Ho\u00ebfert y Manuel Romo; abajo, a la izquierda, Jaime S\u00e1nchez y Rafael Prieto, abajo a la derecha, Inmaculada Gonz\u00e1lez y Antonio Ortega<br \/>\nV\u00cdCTOR RODR\u00cdGUEZ<\/p>\n<p>\nGanadores y premiados\n<\/p>\n<p class=\"voc-p\" style=\"\">Como suele suceder en este tipo de eventos, en los que reina el esp\u00edritu deportivo, la magn\u00edfica jornada se ha clausurado con la correspondiente <strong>entrega de premios<\/strong>, para distinguir a los ganadores, y un sorteo de regalos como colof\u00f3n que se ha llevado a cabo tambi\u00e9n en las dependencias del <strong>Real Club Sevilla Golf<\/strong>, donde han ejercido de perfecto anfitri\u00f3n.<\/p>\n<p class=\"voc-p\" style=\"\">En Scratch, el primer clasificado fue <strong>Pablo Ductor Mulas<\/strong>, a quien le hizo entrega del premio <strong>Guillermo Garc\u00eda Morillo<\/strong>, responsable territorial de Andaluc\u00eda de Ibercaja Banca Privada. Ra\u00fal Vizca\u00edno Fern\u00e1ndez y Andr\u00e9 Ho\u00ebfert finalizaron en segunda y tercera posici\u00f3n de la categor\u00eda Scratch. <\/p>\n<p class=\"voc-p\" style=\"\">Al vencedor del torneo individual,<strong> Andr\u00e9 Ho\u00ebfert<\/strong>, le entreg\u00f3 su distinci\u00f3n <strong>Manuel Romo<\/strong>, director de Banca Privada de Ibercaja. <strong>Rafael Prieto e Inmaculada Gonz\u00e1lez<\/strong>, directores tambi\u00e9n de Banca Privada de Ibercaja, entregaron sus condecoraciones a <strong>Jaime S\u00e1nchez Pozo y Antonio Ortega Tocino<\/strong>, segundo y tercer clasificados, mientras que el premio al cuarto clasificado del torneo, <strong>Arturo Abel L\u00f3pez Miranda<\/strong>, corri\u00f3 a cargo de <strong>Marta Fesser Gross<\/strong>, gestora de Ibercaja Banca Privada.<\/p>\n<p>Reportar un error<\/p>\n","protected":false},"excerpt":{"rendered":"24\/09\/2025 Actualizado 25\/09\/2025 a las 01:02h. Los participantes del Trofeo Ibercaja Banca Privada disfrutaron este mi\u00e9rcoles de una&hellip;\n","protected":false},"author":2,"featured_media":137059,"comment_status":"","ping_status":"","sticky":false,"template":"","format":"standard","meta":{"footnotes":""},"categories":[275],"tags":[5219,30650,168,2197,25,24,329,3126,1078,36695,23,167,7132],"class_list":{"0":"post-137058","1":"post","2":"type-post","3":"status-publish","4":"format-standard","5":"has-post-thumbnail","7":"category-golf","8":"tag-banca","9":"tag-brillante","10":"tag-deportes","11":"tag-edicion","12":"tag-es","13":"tag-espana","14":"tag-golf","15":"tag-ibercaja","16":"tag-primera","17":"tag-privada","18":"tag-spain","19":"tag-sports","20":"tag-trofeo"},"share_on_mastodon":{"url":"","error":""},"_links":{"self":[{"href":"https:\/\/www.europesays.com\/es\/wp-json\/wp\/v2\/posts\/137058","targetHints":{"allow":["GET"]}}],"collection":[{"href":"https:\/\/www.europesays.com\/es\/wp-json\/wp\/v2\/posts"}],"about":[{"href":"https:\/\/www.europesays.com\/es\/wp-json\/wp\/v2\/types\/post"}],"author":[{"embeddable":true,"href":"https:\/\/www.europesays.com\/es\/wp-json\/wp\/v2\/users\/2"}],"replies":[{"embeddable":true,"href":"https:\/\/www.europesays.com\/es\/wp-json\/wp\/v2\/comments?post=137058"}],"version-history":[{"count":0,"href":"https:\/\/www.europesays.com\/es\/wp-json\/wp\/v2\/posts\/137058\/revisions"}],"wp:featuredmedia":[{"embeddable":true,"href":"https:\/\/www.europesays.com\/es\/wp-json\/wp\/v2\/media\/137059"}],"wp:attachment":[{"href":"https:\/\/www.europesays.com\/es\/wp-json\/wp\/v2\/media?parent=137058"}],"wp:term":[{"taxonomy":"category","embeddable":true,"href":"https:\/\/www.europesays.com\/es\/wp-json\/wp\/v2\/categories?post=137058"},{"taxonomy":"post_tag","embeddable":true,"href":"https:\/\/www.europesays.com\/es\/wp-json\/wp\/v2\/tags?post=137058"}],"curies":[{"name":"wp","href":"https:\/\/api.w.org\/{rel}","templated":true}]}}