{"id":137062,"date":"2025-09-25T02:52:12","date_gmt":"2025-09-25T02:52:12","guid":{"rendered":"https:\/\/www.europesays.com\/es\/137062\/"},"modified":"2025-09-25T02:52:12","modified_gmt":"2025-09-25T02:52:12","slug":"el-valencia-basket-me-ha-dado-un-voto-de-confianza-y-espero-estar-a-la-altura","status":"publish","type":"post","link":"https:\/\/www.europesays.com\/es\/137062\/","title":{"rendered":"El Valencia Basket me ha dado un voto de confianza y espero estar a la altura"},"content":{"rendered":"<p class=\"ft-text\"><strong>El Valencia Basket ha presentado en la tienda Movistar de la Calle Ribera de Val\u00e8ncia <\/strong>a <a class=\"ft-link ft-link--decoration\" href=\"https:\/\/www.superdeporte.es\/tags\/yankuba-sima\/\" rel=\"nofollow noopener\" target=\"_blank\">Yankuba Sima<\/a>, p\u00ed<strong>vot internacional espa\u00f1ol de 29 a\u00f1os y 2,11 de altura <\/strong>que viene para reforzar el juego interior tras una exitosa trayectoria en el <a class=\"ft-link ft-link--decoration\" href=\"https:\/\/www.superdeporte.es\/tags\/unicaja-de-malaga\/\" rel=\"nofollow noopener\" target=\"_blank\">Unicaja de M\u00e1laga<\/a>, equipo en el que milit\u00f3 la pasada campa\u00f1a. Sima se mostr\u00f3 feliz de iniciar una nueva etapa en el <strong>Valencia Basket <\/strong>\u00abEstoy muy agradecido al club por la apuesta que ha hecho por m\u00ed, el Valencia Basket me ha dado un gran voto de confianza y espero estar a la altura y ayudar al m\u00e1ximo al equipo\u00bb. Entre los retos de esta temproada destaca su debut en la <a class=\"ft-link ft-link--decoration\" href=\"https:\/\/www.euroleaguebasketball.net\/euroleague\/\" rel=\"nofollow noopener\" target=\"_blank\">Euroliga,<\/a> ya que si bien tiene gran experiencia en la Liga Endesa, todav\u00eda no ha debutado en la m\u00e1xima competici\u00f3n continental: \u00abEs un gran reto para m\u00ed y estoy muy ilusionado\u00bb.<\/p>\n<p>Debut ante su exequipo<\/p>\n<p class=\"ft-text\"><strong>Sima podr\u00eda debutar oficialmente como &#8216;taronja&#8217; este s\u00e1bado ante su exequipo, el Unicaja de M\u00e1laga<\/strong>, en las semifinales de la <a class=\"ft-link ft-link--decoration\" href=\"https:\/\/www.superdeporte.es\/tags\/supercopa-endesa\/\" rel=\"nofollow noopener\" target=\"_blank\">Supercopa Endesa <\/a>en la que el Valencia Basket busca el primer t\u00edtulo oficial de la temporada: \u00bb \u00abHe estado dos temporadas y media y he tenido mucho \u00e9xito all\u00ed, ser\u00e1 especial volver pero ahora represento al Valencia y voy a darlo todo\u00bb.<\/p>\n<p><img decoding=\"async\" src=\"https:\/\/www.europesays.com\/es\/wp-content\/uploads\/2025\/09\/80265f9f-dde8-4794-9815-36e73f5c9c37_alta-libre-aspect-ratio_default_0.jpg\" width=\"1200\" height=\"779\" alt=\"Movistar acogi\u00f3 la presentaci\u00f3n\" class=\"ft-helper-img-rd\" loading=\"lazy\" hasdataaida=\"true\"\/><\/p>\n<p class=\"ft-helper-fontColor-quaternary ft-helper-fontSize-body-S ft-helper-spacer-t-xxs\">Movistar acogi\u00f3 la presentaci\u00f3n  \/ F. Calabuig<\/p>\n<p>A por el primer t\u00edtulo<\/p>\n<p class=\"ft-text\"><strong>Sima quiere empezar de la mejor forma la temporada:<\/strong> \u00abEl primer partido oficial es competir por un t\u00edtulo, hay que estar muy concentrados y quitar la parte emocional. Valencia tiene una Supercopa y estamos a dos partidos de tener otra\u00bb, a\u00f1adi\u00f3 sobre la competici\u00f3n que se disputa este fin de semana en M\u00e1laga.<\/p>\n<p class=\"ft-text\">Sobre su rol en el equipo, Sima afirm\u00f3 sentirse a gusto: \u00abEstoy c\u00f3modo corriendo el campo y con ayudar a mis compa\u00f1eros en lo que necesiten de m\u00ed. Tengo ese orgullo de defender, de jugar por encima del aro y de poder correr, que son virtudes m\u00edas y creo que puedo encajar bien\u00bb. El jugador destac\u00f3 su buena sinton\u00eda con Pedro Mart\u00ednez, t\u00e9cnico con el que ya coincidi\u00f3 en su etapa en el Manresa: \u00abme gusta su estilo de juego, es parecido al que hac\u00edamos en Manresa\u00bb. Tambi\u00e9n resalt\u00f3 el hecho de haber coincidido este verano en el Eurobasket con cuatro compa\u00f1eros en la selecci\u00f3n espa\u00f1ola<strong>: <\/strong><a class=\"ft-link ft-link--decoration\" href=\"https:\/\/www.superdeporte.es\/valencia-basket\/2025\/07\/29\/seleccion-taronja-pone-marcha-tercio-baloncesto-eurobasket-120168442.html\" rel=\"nofollow noopener\" target=\"_blank\"><strong>De Larrea, Pradilla, Josep Puerto y L\u00f3pez-Arostegui, adem\u00e1s de con Nogu\u00e9s<\/strong><\/a>\u00abha sido muy positivo, este verano hemos hablado mucho y me han contado cosas de la ciudad, del club, que pueden ayudar a que me adapte m\u00e1s r\u00e1pido\u00bb.<\/p>\n<p><img decoding=\"async\" src=\"https:\/\/www.europesays.com\/es\/wp-content\/uploads\/2025\/09\/e71020ad-762e-443e-b36c-a60d41c5324d_alta-libre-aspect-ratio_default_0.jpg\" width=\"1200\" height=\"693\" alt=\"Yankuba, feliz en Val\u00e8ncia\" class=\"ft-helper-img-rd\" loading=\"lazy\" hasdataaida=\"true\"\/><\/p>\n<p class=\"ft-helper-fontColor-quaternary ft-helper-fontSize-body-S ft-helper-spacer-t-xxs\">Yankuba, feliz en Val\u00e8ncia  \/ F. Calabuig<\/p>\n<p class=\"ft-text\">E<strong>l director de relaciones externas de Valencia Basket, V\u00edctor Luengo, <\/strong>estuvo presente en el acto y valor\u00f3 la incorporaci\u00f3n de Sima. \u00abA\u00f1adimos un extra de capacidad f\u00edsica y atl\u00e9tica para ayudar en el rebote y para defender a otros hombres grandes\u00bb, explic\u00f3.<\/p>\n<p class=\"ft-text\">Sima, de 29 a\u00f1os y 211 cent\u00edmetros, firm\u00f3 este verano con el equipo valenciano por tres temporadas tras abonar la cl\u00e1usula de salida que ten\u00eda en el contrato con su anterior club, el <a class=\"ft-link ft-link--decoration\" href=\"https:\/\/www.superdeporte.es\/tags\/unicaja-malaga\/\" rel=\"nofollow noopener\" target=\"_blank\">Unicaja de M\u00e1laga<\/a>.<\/p>\n","protected":false},"excerpt":{"rendered":"El Valencia Basket ha presentado en la tienda Movistar de la Calle Ribera de Val\u00e8ncia a Yankuba Sima,&hellip;\n","protected":false},"author":2,"featured_media":137063,"comment_status":"","ping_status":"","sticky":false,"template":"","format":"standard","meta":{"footnotes":""},"categories":[269],"tags":[299,1918,298,168,25,24,11993,303,2436,6842,23,167,6840,2246,235,2916,43240,24981,6005],"class_list":{"0":"post-137062","1":"post","2":"type-post","3":"status-publish","4":"format-standard","5":"has-post-thumbnail","7":"category-baloncesto","8":"tag-baloncesto","9":"tag-basket","10":"tag-basketball","11":"tag-deportes","12":"tag-es","13":"tag-espana","14":"tag-manresa","15":"tag-movistar","16":"tag-presentacion","17":"tag-sima","18":"tag-spain","19":"tag-sports","20":"tag-supercopa-endesa","21":"tag-unicaja","22":"tag-valencia","23":"tag-valencia-basket","24":"tag-victor-luengo","25":"tag-yankuba","26":"tag-yankuba-sima"},"share_on_mastodon":{"url":"","error":""},"_links":{"self":[{"href":"https:\/\/www.europesays.com\/es\/wp-json\/wp\/v2\/posts\/137062","targetHints":{"allow":["GET"]}}],"collection":[{"href":"https:\/\/www.europesays.com\/es\/wp-json\/wp\/v2\/posts"}],"about":[{"href":"https:\/\/www.europesays.com\/es\/wp-json\/wp\/v2\/types\/post"}],"author":[{"embeddable":true,"href":"https:\/\/www.europesays.com\/es\/wp-json\/wp\/v2\/users\/2"}],"replies":[{"embeddable":true,"href":"https:\/\/www.europesays.com\/es\/wp-json\/wp\/v2\/comments?post=137062"}],"version-history":[{"count":0,"href":"https:\/\/www.europesays.com\/es\/wp-json\/wp\/v2\/posts\/137062\/revisions"}],"wp:featuredmedia":[{"embeddable":true,"href":"https:\/\/www.europesays.com\/es\/wp-json\/wp\/v2\/media\/137063"}],"wp:attachment":[{"href":"https:\/\/www.europesays.com\/es\/wp-json\/wp\/v2\/media?parent=137062"}],"wp:term":[{"taxonomy":"category","embeddable":true,"href":"https:\/\/www.europesays.com\/es\/wp-json\/wp\/v2\/categories?post=137062"},{"taxonomy":"post_tag","embeddable":true,"href":"https:\/\/www.europesays.com\/es\/wp-json\/wp\/v2\/tags?post=137062"}],"curies":[{"name":"wp","href":"https:\/\/api.w.org\/{rel}","templated":true}]}}