{"id":137070,"date":"2025-09-25T02:58:14","date_gmt":"2025-09-25T02:58:14","guid":{"rendered":"https:\/\/www.europesays.com\/es\/137070\/"},"modified":"2025-09-25T02:58:14","modified_gmt":"2025-09-25T02:58:14","slug":"por-que-deftones-han-conquistado-a-la-generacion-z","status":"publish","type":"post","link":"https:\/\/www.europesays.com\/es\/137070\/","title":{"rendered":"\u00bfPor qu\u00e9 Deftones han conquistado a la Generaci\u00f3n Z?"},"content":{"rendered":"<p>        <a href=\"https:\/\/www.rockzonemag.com\/wp-content\/uploads\/2025\/09\/webpost_rockzone_podcast_ep2-6-copia-2.jpg\" data-caption=\"\" rel=\"nofollow noopener\" target=\"_blank\"><img loading=\"lazy\" decoding=\"async\" width=\"640\" height=\"351\" class=\"entry-thumb td-modal-image\" src=\"https:\/\/www.europesays.com\/es\/wp-content\/uploads\/2025\/09\/webpost_rockzone_podcast_ep2-6-copia-2-640x351.jpg\"   alt=\"\" title=\"webpost_rockzone_podcast_ep2-6 copia 2\"\/><\/a><br \/>\n        <a href=\"  https:\/\/www.livenation.es\/event\/yungblud-madrid-tickets-edp1594525?utm_source=rockzonemag&amp;utm_medium=display&amp;utm_campaign=Yungblud\" target=\"_blank\"><img decoding=\"async\" src=\"https:\/\/www.europesays.com\/es\/wp-content\/uploads\/2025\/09\/Yungbllud-banner-1060x200UE.jpg\"\/><\/a><\/p>\n<p>Esta semana analizamos el \u00faltimo disco de <a href=\"https:\/\/www.rockzonemag.com\/tag\/deftones\/\" rel=\"nofollow noopener\" target=\"_blank\"><strong>Deftones<\/strong><\/a> Private Music que ha confirmado el resurgimiento que ha experimentado el grupo en los \u00faltimos a\u00f1os. Por eso nos preguntaremos: \u00bfPor qu\u00e9 Deftones han conquistado a la Generaci\u00f3n Z?<\/p>\n<p><a href=\"https:\/\/www.ticketmaster.es\/artist\/linkin-park-entradas\/10021?int_cmp_name=LINKIN-PARK&amp;int_cmp_id=ES-Home-501&amp;int_cmp_creative=Home-main-4.0&amp;tm_link=tm_ccp_Home_main_LINKIN-PARK\" target=\"_blank\" rel=\"nofollow noopener\"><img decoding=\"async\" src=\"https:\/\/www.europesays.com\/es\/wp-content\/uploads\/2025\/07\/Banner-Linkin-Park-2-Rock-Zone-1060x200-1.png\"\/><\/a><\/p>\n<p class=\"e-91090-text encore-text-body-medium\" data-encore-id=\"text\" data-slate-node=\"element\">Para debatirlo nos acompa\u00f1an <strong>Nicol\u00e1s Garc\u00eda<\/strong>, antiguo integrante del equipo de la promotora Frontline y la discogr\u00e1fica Inferno Records y que tambi\u00e9n ha sido manager de bandas como Terroristars o Somas Cure, y tambi\u00e9n <strong>Adriano Mazze<\/strong>o, periodista, colaborador del peri\u00f3dico Clar\u00edn y Mondo Sonoro.\u2028\u2028<\/p>\n<p>Y como siempre tambi\u00e9n hacemos un repaso a algunas efem\u00e9rides, noticias destacadas de la semana, la agenda de conciertos, los charts, la secci\u00f3n Parecidos Razonables y al final, las recomendaciones de O\u00eddo, Visto, Le\u00eddo. Enjoy!<\/p>\n","protected":false},"excerpt":{"rendered":"Esta semana analizamos el \u00faltimo disco de Deftones Private Music que ha confirmado el resurgimiento que ha experimentado&hellip;\n","protected":false},"author":2,"featured_media":137071,"comment_status":"","ping_status":"","sticky":false,"template":"","format":"standard","meta":{"footnotes":""},"categories":[170],"tags":[31142,43241,146,147,25,24,18382,184,185,3206,23],"class_list":{"0":"post-137070","1":"post","2":"type-post","3":"status-publish","4":"format-standard","5":"has-post-thumbnail","7":"category-musica","8":"tag-deftones","9":"tag-el-podcast-de-rockzone","10":"tag-entertainment","11":"tag-entretenimiento","12":"tag-es","13":"tag-espana","14":"tag-metal-alternativo","15":"tag-music","16":"tag-musica","17":"tag-nu-metal","18":"tag-spain"},"share_on_mastodon":{"url":"","error":""},"_links":{"self":[{"href":"https:\/\/www.europesays.com\/es\/wp-json\/wp\/v2\/posts\/137070","targetHints":{"allow":["GET"]}}],"collection":[{"href":"https:\/\/www.europesays.com\/es\/wp-json\/wp\/v2\/posts"}],"about":[{"href":"https:\/\/www.europesays.com\/es\/wp-json\/wp\/v2\/types\/post"}],"author":[{"embeddable":true,"href":"https:\/\/www.europesays.com\/es\/wp-json\/wp\/v2\/users\/2"}],"replies":[{"embeddable":true,"href":"https:\/\/www.europesays.com\/es\/wp-json\/wp\/v2\/comments?post=137070"}],"version-history":[{"count":0,"href":"https:\/\/www.europesays.com\/es\/wp-json\/wp\/v2\/posts\/137070\/revisions"}],"wp:featuredmedia":[{"embeddable":true,"href":"https:\/\/www.europesays.com\/es\/wp-json\/wp\/v2\/media\/137071"}],"wp:attachment":[{"href":"https:\/\/www.europesays.com\/es\/wp-json\/wp\/v2\/media?parent=137070"}],"wp:term":[{"taxonomy":"category","embeddable":true,"href":"https:\/\/www.europesays.com\/es\/wp-json\/wp\/v2\/categories?post=137070"},{"taxonomy":"post_tag","embeddable":true,"href":"https:\/\/www.europesays.com\/es\/wp-json\/wp\/v2\/tags?post=137070"}],"curies":[{"name":"wp","href":"https:\/\/api.w.org\/{rel}","templated":true}]}}