{"id":137082,"date":"2025-09-25T03:07:31","date_gmt":"2025-09-25T03:07:31","guid":{"rendered":"https:\/\/www.europesays.com\/es\/137082\/"},"modified":"2025-09-25T03:07:31","modified_gmt":"2025-09-25T03:07:31","slug":"la-comunidad-de-madrid-aprueba-el-calendario-laboral-de-2026-con-12-festivos-y-dos-que-fijaran-los-ayuntamientos","status":"publish","type":"post","link":"https:\/\/www.europesays.com\/es\/137082\/","title":{"rendered":"La Comunidad de Madrid aprueba el calendario laboral de 2026 con 12 festivos y dos que fijar\u00e1n los ayuntamientos"},"content":{"rendered":"<p>La competencia para fijar el calendario de festivos no laborables corresponde al Consejo de Gobierno, si bien esta cuesti\u00f3n se somete a consulta a los grupos parlamentarios representados en la Asamblea de Madrid, adem\u00e1s de otras entidades e instituciones econ\u00f3micas y sociales m\u00e1s representativas de la regi\u00f3n.<\/p>\n<p>El Decreto aprobado hoy ser\u00e1 remitido al Estado antes del 30 de septiembre, con las 12 fechas fijas, y a las que cada ayuntamiento de la regi\u00f3n incorporar\u00e1 las que les corresponden.<\/p>\n<p><strong>Fiestas laborales de la Comunidad de Madrid en 2026<\/strong><\/p>\n<p>&#8211; 1 de enero (jueves), A\u00f1o Nuevo.<\/p>\n<p>&#8211; 6 de enero (martes), Epifan\u00eda del Se\u00f1or.<\/p>\n<p>&#8211; 2 de abril, Jueves Santo.<\/p>\n<p>&#8211; 3 de abril, Viernes Santo.<\/p>\n<p>&#8211; 1 de mayo (viernes), Fiesta del Trabajador.<\/p>\n<p>&#8211; 2 de mayo (s\u00e1bado) Fiesta de la Comunidad de Madrid.<\/p>\n<p>&#8211; 15 de agosto (s\u00e1bado), Asunci\u00f3n de la Virgen.<\/p>\n<p>&#8211; 12 de octubre (lunes),\u00a0Fiesta Nacional de Espa\u00f1a.<\/p>\n<p>&#8211; 2 de noviembre (lunes), Todos los Santos.<\/p>\n<p>&#8211; 7 de diciembre (lunes), D\u00eda de la Constituci\u00f3n Espa\u00f1ola.<\/p>\n<p>&#8211; 8 de diciembre (martes), D\u00eda de la Inmaculada Concepci\u00f3n.<\/p>\n<p>&#8211; 25 de diciembre (viernes), Natividad del Se\u00f1or.<\/p>\n","protected":false},"excerpt":{"rendered":"La competencia para fijar el calendario de festivos no laborables corresponde al Consejo de Gobierno, si bien esta&hellip;\n","protected":false},"author":2,"featured_media":137083,"comment_status":"","ping_status":"","sticky":false,"template":"","format":"standard","meta":{"footnotes":""},"categories":[5],"tags":[17,18,25,24,13,14,11,19,20,9,10,15,16,23,12,21,22],"class_list":{"0":"post-137082","1":"post","2":"type-post","3":"status-publish","4":"format-standard","5":"has-post-thumbnail","7":"category-titulares","8":"tag-breaking-news","9":"tag-breakingnews","10":"tag-es","11":"tag-espana","12":"tag-featured-news","13":"tag-featurednews","14":"tag-headlines","15":"tag-latest-news","16":"tag-latestnews","17":"tag-news","18":"tag-noticias","19":"tag-noticias-destacadas","20":"tag-noticiasdestacadas","21":"tag-spain","22":"tag-titulares","23":"tag-ultimas-noticias","24":"tag-ultimasnoticias"},"share_on_mastodon":{"url":"","error":""},"_links":{"self":[{"href":"https:\/\/www.europesays.com\/es\/wp-json\/wp\/v2\/posts\/137082","targetHints":{"allow":["GET"]}}],"collection":[{"href":"https:\/\/www.europesays.com\/es\/wp-json\/wp\/v2\/posts"}],"about":[{"href":"https:\/\/www.europesays.com\/es\/wp-json\/wp\/v2\/types\/post"}],"author":[{"embeddable":true,"href":"https:\/\/www.europesays.com\/es\/wp-json\/wp\/v2\/users\/2"}],"replies":[{"embeddable":true,"href":"https:\/\/www.europesays.com\/es\/wp-json\/wp\/v2\/comments?post=137082"}],"version-history":[{"count":0,"href":"https:\/\/www.europesays.com\/es\/wp-json\/wp\/v2\/posts\/137082\/revisions"}],"wp:featuredmedia":[{"embeddable":true,"href":"https:\/\/www.europesays.com\/es\/wp-json\/wp\/v2\/media\/137083"}],"wp:attachment":[{"href":"https:\/\/www.europesays.com\/es\/wp-json\/wp\/v2\/media?parent=137082"}],"wp:term":[{"taxonomy":"category","embeddable":true,"href":"https:\/\/www.europesays.com\/es\/wp-json\/wp\/v2\/categories?post=137082"},{"taxonomy":"post_tag","embeddable":true,"href":"https:\/\/www.europesays.com\/es\/wp-json\/wp\/v2\/tags?post=137082"}],"curies":[{"name":"wp","href":"https:\/\/api.w.org\/{rel}","templated":true}]}}