{"id":137088,"date":"2025-09-25T03:13:08","date_gmt":"2025-09-25T03:13:08","guid":{"rendered":"https:\/\/www.europesays.com\/es\/137088\/"},"modified":"2025-09-25T03:13:08","modified_gmt":"2025-09-25T03:13:08","slug":"trek-checkpoint-y-madone-las-armas-de-kilian-jornet-en-su-reto-mas-ambicioso-en-usa-esmtb-com","status":"publish","type":"post","link":"https:\/\/www.europesays.com\/es\/137088\/","title":{"rendered":"Trek Checkpoint y Madone, las armas de Kilian Jornet en su reto m\u00e1s ambicioso en USA &#8211; ESMTB.com"},"content":{"rendered":"<ol>\n<li><a href=\"https:\/\/news.google.com\/rss\/articles\/CBMipAFBVV95cUxPZDRrdzRUekZudmhyTmNrMFJaU3Z1bmdtZGswdVRSSV9ESllyRldVV0g5cFJiUXpRVkxNM0VUdGVJUi1BZUprVHNKeV8zUUFWaUt1UmY1UTFtUXdRTWg1b3F4dlZlbmR3VUFJeTNfQl9wWDlUTVlITHNvNS14ZkNYRmxMZlZpWHJqOE1fTi1YSmFBYVhPYXFjUjdGbkhrQnh0VnV0Yw?oc=5\" target=\"_blank\" rel=\"nofollow noopener\">Trek Checkpoint y Madone, las armas de Kilian Jornet en su reto m\u00e1s ambicioso en USA<\/a>&nbsp;&nbsp;ESMTB.com<\/li>\n<li><a href=\"https:\/\/news.google.com\/rss\/articles\/CBMi4wFBVV95cUxQTTM5amRRT2JRN1c2bVJIZXpYMUVmbC13Mnp5Q0s5X0ZaMTJDT3VUVlQ2LXhfc0NQUGpTa21VaWpaZzlGRnREN25BQlo0Ti1pallDNUxaenpHOU0zSTk0MkppSVBTdzU2ajNZXzAwZV9wUjZMbFg1TTR1Wk1NWUxfc3ZnOUs4Q1B2RG9QZnBEc1k4dTFrQXVINWY2UFVZeEczR2hicTNTbnBTR1cyeGFXUFhyM3QzVDhFSm5fblJQVFdOZXVSOVdTSGZGNzlTT21YSG1DMXF3QmtScjh2VFh4Y1lzdw?oc=5\" target=\"_blank\" rel=\"nofollow noopener\">Kilian Jornet completa en 16 d\u00edas las 56 monta\u00f1as m\u00e1s altas de Colorado y contin\u00faa su aventura en California<\/a>&nbsp;&nbsp;Carreraspormontana.com<\/li>\n<li><a href=\"https:\/\/news.google.com\/rss\/articles\/CBMiqwFBVV95cUxOaEx6RlRDN01jaWZfR3B5c3ZoNExNVkFDZjZhbU04U2EwMjQtVElXNnJrdGZmOVdjbGZoRm4yRkY5MlhMRnNMWU5sZjVDbzB3QThFUm94VnZ3a2ZYSVRuWFdWYWlGcUxGem5KUTAwRWRTYy0wWHlHMmtUZUQ1cjZLYVM4dF83WEFNYl9QbmswTHVIY2hqX280amk0V2RLUG42c1hHcENPZF9jZU3SAb8BQVVfeXFMUEVObEhCRFE3a0ZJcnZuVVVONnJpbWpPWmNYTUxrbVVxRWlPQW9saURocUNkUzhCYW1hLUdLRnJoTFJDN3lmNDI2c1QzRnBDamwtTG5kdzVXZ0YySFMxWFlwV2Q5azNWTUR1TWxZdm9Ba2ktamNYMjJUQmVSZnZiM0E4QnE0Y1FscFp5U09wbEU5T3JydW9RTm1VV3NhQnJBT3U3bUFzMUxUZm5KdW94RUJfbGZYSC1adnhpWXhjbjQ?oc=5\" target=\"_blank\" rel=\"nofollow noopener\">En el cielo de Colorado: 16 d\u00edas, 2.007 kil\u00f3metros y 56 cuatromiles<\/a>&nbsp;&nbsp;Diario AS<\/li>\n<li><a href=\"https:\/\/news.google.com\/rss\/articles\/CBMi_AFBVV95cUxPRklSbmt0ZV95aGg3R1g4QXJOVHNaaWZvRFB0enBLb0dzaWdUZlFLWXRhcFNOUC1Gd1U1TEFjQkoyUmRmWTBDR3dTTGNueWFvUzBIbUw5Skh4bzFwYnRLLTJUSVJxallnT1htZl9xekVyUnVXZDhGbVBVQlFHNGMxZWlJbTdvc25maXduLVYzRkxzTHFGNEtaNHpXLXdRLTZYNGFONllpZFR3YUV3RnJCSm5RX252Rjk0WE5ZSmRzdVUyaEZzWWd6SlFsY1lPb1RmODVOUlN5c3VCNW44WHNGZTVKVjAya2tKOWpNdkhCelE5QTdaeDhqSlNoYXnSAYICQVVfeXFMTjdWTjZGNi1qa1NvY2xmUktuc2tUdDJCSFZ2ZHBFZkVDd21UcFV5dWhkZGdraE52Q2lzamQyZ0FRNld0bUlyeVdQaFJxWGQ2R0NGQ2d3a2VoZ291QVBvbDk2NHJkMUtMeUxibmFWMHktT2FydkpjalNUSDFOTmRGWDRmdXZHUEt6V3NSLV9WUGNwMWZDd3ZvczVMS1lvTFJOcW5vWVhGdTREWmYzSjdlcFpJckk2QndIaV9WaHBDWElZYXVLOWNpR2xxTUNvQXFwNDZJZTRzTjl4SnNHTUhKOHBaWm94c1hPYVNKZVdyR0hfN3B4OWhnamJXd0ZLZUx4SFJR?oc=5\" target=\"_blank\" rel=\"nofollow noopener\">Kilian Jornet y su momento m\u00e1s cr\u00edtico en Colorado tras escalar 56 picos de 4.200m y quedarse sin comida: \u00abEstoy emocionado\u00bb<\/a>&nbsp;&nbsp;El Espa\u00f1ol<\/li>\n<li><a href=\"https:\/\/news.google.com\/rss\/articles\/CBMi0gFBVV95cUxPWjF0U2Zxc3hJOG9WVHlzNG5xeHN6Rm9DRkdqUlJlakJpbmtkNThJVzJ2QUFuWmhSX0JiNzJ6VGtic19FVlFCMUxUbmZXTVFWVjhQX1RyVGI2cGIzam11X0VaU09ERDFPdFdTWWVBT3l0OUVYVGVEYTdLRDdDZXpiSkdPWl8xNEViVzdrRkF1VDJaQlJ3QkM4WkROVlF6b2NvV3lxdXh3VlhoNS1uOGFVbnY2eDYwdnNoTWZJYkhSTmlVTnNSR01zWEF3ZzNPMG1BT3fSAdIBQVVfeXFMT19ucWw0bmZaYmVINDlDVlh5aEppNm5lTWc1UTBNX1lBVVJoTFBKdXdwaWw5UHl6aS1DbEh0Y25ROUdmcHF6Vl9VcVhVdWpFODl1cWd5Tkd4bTJicWVpTWtyTmRCTXJFQmlHRllaeVVCcGI5eDQzN29TMWNvM0NSWkFQRk40VmNjRU9LX2JwTEpDb1VBd1VRZ2JOcWNUMzNvMXlMdlFuUEMwVXpWSDVWS1NuTFMwbnZFVWkzSXRGVEtvdlQ4WjBDc0JpSS0teDRDWnZ3?oc=5\" target=\"_blank\" rel=\"nofollow noopener\">Radiograf\u00eda a los 56 cuatromiles de Kilian Jornet: 1.943 kil\u00f3metros y 78.004 metros de desnivel<\/a>&nbsp;&nbsp;MARCA<\/li>\n<\/ol>\n","protected":false},"excerpt":{"rendered":"Trek Checkpoint y Madone, las armas de Kilian Jornet en su reto m\u00e1s ambicioso en USA&nbsp;&nbsp;ESMTB.com Kilian Jornet&hellip;\n","protected":false},"author":2,"featured_media":137089,"comment_status":"","ping_status":"","sticky":false,"template":"","format":"standard","meta":{"footnotes":""},"categories":[273],"tags":[313,312,168,25,24,33472,23,167,8884],"class_list":{"0":"post-137088","1":"post","2":"type-post","3":"status-publish","4":"format-standard","5":"has-post-thumbnail","7":"category-ciclismo","8":"tag-ciclismo","9":"tag-cycling","10":"tag-deportes","11":"tag-es","12":"tag-espana","13":"tag-kilian-jornet","14":"tag-spain","15":"tag-sports","16":"tag-trek"},"share_on_mastodon":{"url":"","error":""},"_links":{"self":[{"href":"https:\/\/www.europesays.com\/es\/wp-json\/wp\/v2\/posts\/137088","targetHints":{"allow":["GET"]}}],"collection":[{"href":"https:\/\/www.europesays.com\/es\/wp-json\/wp\/v2\/posts"}],"about":[{"href":"https:\/\/www.europesays.com\/es\/wp-json\/wp\/v2\/types\/post"}],"author":[{"embeddable":true,"href":"https:\/\/www.europesays.com\/es\/wp-json\/wp\/v2\/users\/2"}],"replies":[{"embeddable":true,"href":"https:\/\/www.europesays.com\/es\/wp-json\/wp\/v2\/comments?post=137088"}],"version-history":[{"count":0,"href":"https:\/\/www.europesays.com\/es\/wp-json\/wp\/v2\/posts\/137088\/revisions"}],"wp:featuredmedia":[{"embeddable":true,"href":"https:\/\/www.europesays.com\/es\/wp-json\/wp\/v2\/media\/137089"}],"wp:attachment":[{"href":"https:\/\/www.europesays.com\/es\/wp-json\/wp\/v2\/media?parent=137088"}],"wp:term":[{"taxonomy":"category","embeddable":true,"href":"https:\/\/www.europesays.com\/es\/wp-json\/wp\/v2\/categories?post=137088"},{"taxonomy":"post_tag","embeddable":true,"href":"https:\/\/www.europesays.com\/es\/wp-json\/wp\/v2\/tags?post=137088"}],"curies":[{"name":"wp","href":"https:\/\/api.w.org\/{rel}","templated":true}]}}