{"id":137094,"date":"2025-09-25T03:17:10","date_gmt":"2025-09-25T03:17:10","guid":{"rendered":"https:\/\/www.europesays.com\/es\/137094\/"},"modified":"2025-09-25T03:17:10","modified_gmt":"2025-09-25T03:17:10","slug":"los-divertidos-planes-que-ha-hecho-con-sus-companeros-hasta-ahora","status":"publish","type":"post","link":"https:\/\/www.europesays.com\/es\/137094\/","title":{"rendered":"los divertidos planes que ha hecho con sus compa\u00f1eros hasta ahora"},"content":{"rendered":"<p id=\"e_CEMXVAB8\" data-wc=\"100\">Ahora s\u00ed, despu\u00e9s de dos semanas de toma de contacto, la infanta Sof\u00eda comienza oficialmente el curso acad\u00e9mico en la universidad Forward College. Aunque su vida como universitaria comenz\u00f3 el pasado 8 de septiembre, las primeras dos semanas corresponden al periodo de adaptaci\u00f3n, en el que el centro facilita que los alumnos se conozcan entre s\u00ed y tambi\u00e9n se familiaricen con Lisboa, la ciudad que les acoger\u00e1 en este primer curso. <a class=\"hm-link ho-link\" href=\"https:\/\/www.hola.com\/realeza\/casa_espanola\/20250910854650\/infanta-sofia-fotografias-exclusivas-muestran-nueva-vida-lisboa\/\" data-mrf-recirculation=\"article-body-link\" rel=\"nofollow noopener\" target=\"_blank\">\u00a1HOLA! mostr\u00f3 en exclusiva las im\u00e1genes de la Infanta<\/a> haciendo pi\u00f1a con sus nuevos compa\u00f1eros y ahora sabemos con detalle todo lo que han hecho los \u00faltimos 15 d\u00edas.\u00a0<\/p>\n<p> <img src=\"https:\/\/www.europesays.com\/es\/wp-content\/uploads\/2025\/09\/f8526e4dad28-sofilisboa.jpg\"   width=\"762\" height=\"1024\" loading=\"lazy\" decoding=\"async\" alt=\"La infanta Sof\u00eda, en Lisboa\" fetchpriority=\"auto\" class=\"image ho-image\"\/>\u00a9 Casa Real<\/p>\n<p id=\"evjgDksfdk\" data-wc=\"92\">El objetivo de este periodo es ayudarles en la transici\u00f3n a la universidad, fomentar el esp\u00edritu de comunidad y prepararles para los retos que tienen por delante. Para ello han participado en diferentes talleres sobre el curso que comienza, las herramientas y los m\u00e9todos de estudio, as\u00ed como debates sobre igualdad y diferencias culturales. Pero la parte m\u00e1s divertida llegaba con los llamados Juegos Forward y un concurso de cocina. Tambi\u00e9n hubo tiempo para descubrir los rincones secretos de la capital lusa y para un concierto en una azotea con incre\u00edbles vistas.\u00a0<\/p>\n<p> <img src=\"https:\/\/www.europesays.com\/es\/wp-content\/uploads\/2025\/09\/ffd5c87fd633-induction-weeks-in-lisbon-are-now-over-and-the-academic-year-has-officially-beg.jpg\"   width=\"819\" height=\"1024\" loading=\"lazy\" decoding=\"async\" alt=\"Media Image\" fetchpriority=\"auto\" class=\"image ho-image\"\/>\u00a9 @forwardcollege<\/p>\n<p> <img src=\"https:\/\/www.europesays.com\/es\/wp-content\/uploads\/2025\/09\/3d8e800999eb-induction-weeks-in-lisbon-are-now-over-and-the-academic-year-has-officially-beg.jpg\"   width=\"819\" height=\"1024\" loading=\"lazy\" decoding=\"async\" alt=\"Media Image\" fetchpriority=\"auto\" class=\"image ho-image\"\/>\u00a9 @forwardcollege<\/p>\n<p id=\"eJImi8j447\" data-wc=\"92\">Estas dos semanas dieron para mucho m\u00e1s. En una universidad en la que solo hay 15 alumnos por clase y m\u00e1s de 40 nacionalidades diferentes, la convivencia es tan fundamental como las asignaturas troncales, por lo que la infanta Sof\u00eda y sus compa\u00f1eros tambi\u00e9n han disfrutado juntos de sesiones de surf y de yoga en la playa Caparica, un fino arenal a pocos kil\u00f3metros de Lisboa. Tambi\u00e9n han conocido ya<a class=\"hm-link ho-link\" href=\"https:\/\/www.hola.com\/realeza\/casa_espanola\/20250908853455\/la-infanta-sofia-estrena-vida-en-lisboa-como-universitaria-de-ciencias-politicas-y-relaciones-institucionales-portugal\/\" data-mrf-recirculation=\"article-body-link\" rel=\"nofollow noopener\" target=\"_blank\">\u00a0los dos centros donde estudiar\u00e1n este a\u00f1o<\/a>, Flores, a menos de 200 metros de la tur\u00edstica Pra\u00e7a de Lu\u00eds Camoes, y Soriano.\u00a0<\/p>\n<p> <img src=\"https:\/\/www.europesays.com\/es\/wp-content\/uploads\/2025\/09\/4845b083f847-induction-weeks-in-lisbon-are-now-over-and-the-academic-year-has-officially-beg.jpg\"   width=\"819\" height=\"1024\" loading=\"lazy\" decoding=\"async\" alt=\"Media Image\" fetchpriority=\"auto\" class=\"image ho-image\"\/>\u00a9 @forwardcollege<\/p>\n<p> <img src=\"https:\/\/www.europesays.com\/es\/wp-content\/uploads\/2025\/09\/cc016eaf37cc-induction-weeks-in-lisbon-are-now-over-and-the-academic-year-has-officially-beg.jpg\"   width=\"819\" height=\"1024\" loading=\"lazy\" decoding=\"async\" alt=\"Media Image\" fetchpriority=\"auto\" class=\"image ho-image\"\/>\u00a9 @forwardcollege<\/p>\n<p id=\"eLiUSC53yl\" data-wc=\"68\">La jornada en<a class=\"hm-link ho-link\" href=\"https:\/\/www.hola.com\/realeza\/casa_espanola\/20250717845000\/infanta-sofia-asi-es-forward-college-privada-15-clases-3-campus\/\" data-mrf-recirculation=\"article-body-link\" rel=\"nofollow noopener\" target=\"_blank\">\u00a0Forward College,\u00a0<\/a>donde la infanta Sof\u00eda estudia Relaciones Internacionales y Ciencias Pol\u00edticas, comienza a las 9 de la ma\u00f1ana y las materias se imparten en ingl\u00e9s (con optativas en portugu\u00e9s, franc\u00e9s y alem\u00e1n). Los t\u00edtulos est\u00e1n reconocidos por el Espacio Europeo de Educaci\u00f3n Superior y los otorga la Universidad de Londres, bajo la direcci\u00f3n acad\u00e9mica de la London School of Economics y el King\u2019s College.<\/p>\n<p> <img src=\"https:\/\/www.europesays.com\/es\/wp-content\/uploads\/2025\/09\/fc8219c95224-induction-weeks-in-lisbon-are-now-over-and-the-academic-year-has-officially-beg.jpg\"   width=\"819\" height=\"1024\" loading=\"lazy\" decoding=\"async\" alt=\"Media Image\" fetchpriority=\"auto\" class=\"image ho-image\"\/>\u00a9 @forwardcollege<\/p>\n<p id=\"etT1BtsUege\" data-wc=\"63\">Esta universidad, que tiene un coste de 18.500 euros anuales, tiene un m\u00e9todo de estudio itinerante que lleva a los alumnos a cursar cada a\u00f1o en un pa\u00eds diferente. Portugal, Alemania y Francia son l<a class=\"hm-link ho-link\" href=\"https:\/\/www.hola.com\/realeza\/casa_espanola\/20250915855218\/infanta-sofia-fotos-oficiales-universidad-lisboa-portugal-casa-real\/\" data-mrf-recirculation=\"article-body-link\" rel=\"nofollow noopener\" target=\"_blank\">os destinos de la hija menor del rey Felipe<\/a> que seguir\u00e1 adquiriendo una s\u00f3lida formaci\u00f3n internacional despu\u00e9s de haber cursado el bachillerato en el UWC Atlantic College de Gales.<\/p>\n<p id=\"eHxN1fsEG4\" data-wc=\"108\">En Lisboa, la Infanta se aloja una residencia en el barrio de Benfica, a unos 30 minutos del campus. Cuenta con vigilancia 24 horas y est\u00e1 prohibido tener mascotas, fumar o traer invitados por la noche. Tampoco est\u00e1n permitidas las fiestas. Las habitaciones son individuales, sencillas, funcionales y con mucha luz natural. Adem\u00e1s de cama y escritorio hay un armario, una estanter\u00eda y una mininevera. Algunas tienen ba\u00f1o y una peque\u00f1a cocina. En las zonas comunes, la Infanta y el resto de estudiantes disponen de salas de estudio, sal\u00f3n, terraza, gimnasio, lavander\u00eda, jardines y un \u00e1rea de co-working. El precio del alojamiento al mes ronda los 700 euros.<\/p>\n","protected":false},"excerpt":{"rendered":"Ahora s\u00ed, despu\u00e9s de dos semanas de toma de contacto, la infanta Sof\u00eda comienza oficialmente el curso acad\u00e9mico&hellip;\n","protected":false},"author":2,"featured_media":137095,"comment_status":"","ping_status":"","sticky":false,"template":"","format":"standard","meta":{"footnotes":""},"categories":[174],"tags":[255,146,147,25,24,256,1026,1027,1029,23],"class_list":{"0":"post-137094","1":"post","2":"type-post","3":"status-publish","4":"format-standard","5":"has-post-thumbnail","7":"category-famosos","8":"tag-celebrities","9":"tag-entertainment","10":"tag-entretenimiento","11":"tag-es","12":"tag-espana","13":"tag-famosos","14":"tag-infanta-sofia","15":"tag-realeza","16":"tag-realeza-espanola","17":"tag-spain"},"share_on_mastodon":{"url":"","error":""},"_links":{"self":[{"href":"https:\/\/www.europesays.com\/es\/wp-json\/wp\/v2\/posts\/137094","targetHints":{"allow":["GET"]}}],"collection":[{"href":"https:\/\/www.europesays.com\/es\/wp-json\/wp\/v2\/posts"}],"about":[{"href":"https:\/\/www.europesays.com\/es\/wp-json\/wp\/v2\/types\/post"}],"author":[{"embeddable":true,"href":"https:\/\/www.europesays.com\/es\/wp-json\/wp\/v2\/users\/2"}],"replies":[{"embeddable":true,"href":"https:\/\/www.europesays.com\/es\/wp-json\/wp\/v2\/comments?post=137094"}],"version-history":[{"count":0,"href":"https:\/\/www.europesays.com\/es\/wp-json\/wp\/v2\/posts\/137094\/revisions"}],"wp:featuredmedia":[{"embeddable":true,"href":"https:\/\/www.europesays.com\/es\/wp-json\/wp\/v2\/media\/137095"}],"wp:attachment":[{"href":"https:\/\/www.europesays.com\/es\/wp-json\/wp\/v2\/media?parent=137094"}],"wp:term":[{"taxonomy":"category","embeddable":true,"href":"https:\/\/www.europesays.com\/es\/wp-json\/wp\/v2\/categories?post=137094"},{"taxonomy":"post_tag","embeddable":true,"href":"https:\/\/www.europesays.com\/es\/wp-json\/wp\/v2\/tags?post=137094"}],"curies":[{"name":"wp","href":"https:\/\/api.w.org\/{rel}","templated":true}]}}