{"id":137098,"date":"2025-09-25T03:20:09","date_gmt":"2025-09-25T03:20:09","guid":{"rendered":"https:\/\/www.europesays.com\/es\/137098\/"},"modified":"2025-09-25T03:20:09","modified_gmt":"2025-09-25T03:20:09","slug":"la-comedia-es-la-realidad-con-toda-su-amargura","status":"publish","type":"post","link":"https:\/\/www.europesays.com\/es\/137098\/","title":{"rendered":"La comedia es la realidad con toda su amargura"},"content":{"rendered":"<p class=\"article-text\">\n        Vuelve <strong>Poquita fe<\/strong>, una de las comedias m\u00e1s aclamadas de los \u00faltimos a\u00f1os por cr\u00edtica y p\u00fablico, un reconocimiento que se tradujo en varios premios (entre ellos <a href=\"https:\/\/www.eldiario.es\/vertele\/noticias\/silvia-intxaurrondo-ruta-ursula-corbero-premios-ondas-2023_1_10608944.html\" target=\"_blank\" data-mrf-recirculation=\"links-noticia\" class=\"link\" rel=\"nofollow noopener\">un Ondas<\/a> y <a href=\"https:\/\/www.eldiario.es\/cultura\/cine\/premios-feroz-2024-ganadores-20000-especies-abejas-sociedad-nieve-culminan-ano-oro-mesias_129_10871459.html\" target=\"_blank\" data-mrf-recirculation=\"links-noticia\" class=\"link\" rel=\"nofollow noopener\">un Feroz<\/a>) para la serie de<strong> Movistar Plus+<\/strong> e incluso la noticia de <a href=\"https:\/\/www.movistarplus.es\/comunicacion\/notas-de-prensa\/poquita-fe-serie-original-movistar-plus-sera-adaptada-en-alemania\/\" rel=\"nofollow noopener\" data-mrf-recirculation=\"links-noticia\" class=\"link\" target=\"_blank\">una adaptaci\u00f3n en Alemania<\/a>. Una repercusi\u00f3n que <strong>Ra\u00fal Cimas<\/strong>, su protagonista junto a <strong>Esperanza Pedre\u00f1o<\/strong>, asegura haber notado m\u00e1s <strong>\u201cen el pulso de la calle\u201d<\/strong> que en las cifras de audiencia. \u201cEl \u00e9xito en n\u00fameros para m\u00ed nunca vali\u00f3 para nada, aunque entiendo que es fundamental\u201d, declara el actor en palabras a <a href=\"https:\/\/www.eldiario.es\/vertele\" target=\"_blank\" data-mrf-recirculation=\"links-noticia\" class=\"link\" rel=\"nofollow noopener\"><strong>verTele<\/strong><\/a>.\n    <\/p>\n<p>    <a href=\"https:\/\/www.eldiario.es\/vertele\/series\/poquita-fe-presenta-milagro-temporada-2-movistar-plus-revela-anecdota-reina-letizia_1_12579972.html\" data-mrf-recirculation=\"saber-mas\" data-dl-event=\"saber-mas\" rel=\"nofollow noopener\" target=\"_blank\"><\/p>\n<p class=\"know-more__title\">&#8216;Poquita fe&#8217; presenta el \u00abmilagro\u00bb de su temporada 2 en Movistar Plus+ y revela su an\u00e9cdota con la reina Letizia<\/p>\n<p>            <img decoding=\"async\" class=\"lazy\" loading=\"lazy\" data-src=\"https:\/\/static.eldiario.es\/clip\/675d1545-2bfe-45b9-80b4-fc7b9c06b3ee_16-9-aspect-ratio_default_0.jpg\" src=\"data:image\/svg+xml,%3Csvg xmlns=\" http:=\"\" viewbox=\"0 0 880 495\" alt=\"'Poquita fe' presenta el &quot;milagro&quot; de su temporada 2 en Movistar Plus+ y revela su an\u00e9cdota con la reina Letizia\"\/><\/p>\n<p>                        <\/a><\/p>\n<p class=\"article-text\">\n        El c\u00f3mico recuerda que siempre confi\u00f3 en este proyecto, del que asegura que lleg\u00f3 a grabar un piloto hace 10 \u00f3 12 a\u00f1os: \u201cFue autogestionado, con la idea de venderla. Y ya cuando me contaron la premisa hace tantos a\u00f1os, que ahora ha cambiado mucho desde aquella idea inicial, yo siempre le vi el encanto\u201d, afirma el humorista. <strong>\u201cSiempre vi que era una serie que pod\u00eda llegar a todo el mundo porque reflejaba la vida de todos\u201d<\/strong>, a\u00f1ade Cimas, que se\u00f1ala que otra de las claves de su buena acogida es la corta duraci\u00f3n (15 minutos) de sus episodios.\n    <\/p>\n<p class=\"article-text\">\n        \u201cEs que hay que hacerse a los tiempos tambi\u00e9n. Hoy en d\u00eda, el ojo humano est\u00e1 acostumbrado a ver v\u00eddeos de muy corta duraci\u00f3n. Ahora mismo, ver <strong>una comedia de 45 minutos o de una hora, hora y pico, ya es dif\u00edcil para cualquiera, hasta para quien le guste<\/strong>\u201d, valora el manchego, que da algunas claves sobre lo que depara a los protagonistas en la segunda temporada de Poquita Fe. A la crisis de pareja que ya arrastraban Jos\u00e9 Ram\u00f3n y Berta se les une ahora un nuevo problema, muy &#8216;de moda&#8217; en nuestra sociedad: <strong>el de la vivienda.<\/strong>\n    <\/p>\n<p>            Movistar Plus+ anuncia la fecha de vuelta de &#8216;Poquita fe&#8217; y lanza el tr\u00e1iler de su temporada 2<\/p>\n<p class=\"article-text\">\n        El matrimonio es <strong>expulsado de su piso<\/strong> y, a la espera de poder entrar en uno nuevo, deber\u00e1n irse a vivir con los suegros y la cu\u00f1ada, lo que tensar\u00e1 la cuerda entre los personajes principales: \u201cEn la primera temporada a ellos les ocurr\u00edan pocas cosas y <strong>aqu\u00ed s\u00ed que sufren<\/strong>\u201d, avanza el int\u00e9rprete, que cree que la ficci\u00f3n catalizar\u00e1 un grave conflicto transversal a la gran mayor\u00eda de la poblaci\u00f3n espa\u00f1ola: \u201cEl humor no se puede despegar de la realidad tampoco. Aunque sea comedia, si no est\u00e1 la realidad ah\u00ed con toda su amargura&#8230; <strong>El humor de las cosas felices no existe<\/strong>\u201d, empieza reflexionando.\n    <\/p>\n<p class=\"article-text\">\n        \u201cLa comedia est\u00e1 en el sufrimiento de la gente. Y la vivienda, que no creo que haya nadie que se plantee que tenemos un problema con eso, pues hace sufrir a la gente. Y<strong> dentro del sufrimiento est\u00e1 la risa porque se cre\u00f3 para eso. Es el \u00fanico sentido que tiene el humor<\/strong>\u201d, concluye el televisivo, que afirma que seguir\u00e1 colaborando con <strong>Andreu Buenafuente<\/strong> en la nueva temporada de Futuro Imperfecto en RTVE y que se moja con el apasionante duelo televisivo entre <strong>El Hormiguero<\/strong> y <strong>La Revuelta<\/strong>: \u201cQuiero creer que la sangre no llegue al r\u00edo, que forma parte tambi\u00e9n de un espect\u00e1culo y de un negocio. Porque en cualquiera de los dos casos es buena noticia para los dos\u201d.\n    <\/p>\n<p>            <img decoding=\"async\" class=\"lazy\" loading=\"lazy\" data-src=\"https:\/\/static.eldiario.es\/clip\/d374f586-1276-407a-af9b-4422e9c57024_16-9-discover-aspect-ratio_default_0.jpg\" src=\"data:image\/svg+xml,%3Csvg xmlns=\" http:=\"\" viewbox=\"0 0 1200 675\" alt=\"Imagen capitular de la temporada 2 de 'Poquita fe'\"\/><\/p>\n<p class=\"article-text\">\n        <strong>Fran Araujo (Movistar Plus+) ha definido <\/strong><a href=\"https:\/\/www.eldiario.es\/vertele\/series\/poquita-fe-presenta-milagro-temporada-2-movistar-plus-revela-anecdota-reina-letizia_1_12579972.html\" target=\"_blank\" data-mrf-recirculation=\"links-noticia\" class=\"link\" rel=\"nofollow noopener\"><strong>Poquita Fe<\/strong><\/a><a href=\"https:\/\/www.eldiario.es\/vertele\/series\/poquita-fe-presenta-milagro-temporada-2-movistar-plus-revela-anecdota-reina-letizia_1_12579972.html\" target=\"_blank\" data-mrf-recirculation=\"links-noticia\" class=\"link\" rel=\"nofollow noopener\"><strong> como \u00abun milagro\u00bb<\/strong><\/a><strong> por la repercusi\u00f3n que ha tenido, teniendo en cuenta su tama\u00f1o y su lanzamiento en plataforma. \u00bfA ti te ha sorprendido el \u00e9xito que ha tenido la serie? <\/strong>\n    <\/p>\n<p class=\"article-text\">\n        Sinceramente, no tengo ni idea de n\u00fameros, ni de repercusi\u00f3n, ni de todo eso. Yo s\u00e9 el pulso que noto por la calle. El \u00e9xito en n\u00fameros para m\u00ed nunca vali\u00f3 para nada, aunque entiendo que es fundamental. Yo s\u00ed que sab\u00eda que esta serie era muy buena. Nosotros hicimos un piloto de esta serie hace ya 10 \u00f3 12 a\u00f1os. Fue autogestionado, con la idea de venderla y dem\u00e1s. Y ya cuando me contaron la premisa hace tantos a\u00f1os, que ahora ha cambiado mucho desde aquella idea inicial, yo siempre le vi el encanto. Pero bueno, nunca he sido tampoco un gran visionario. Si no, estar\u00eda de jefe, no de actorcillo.\n    <\/p>\n<p class=\"article-text\">\n        <strong>En ese pulso de la calle, muchas escenas de la serie consiguieron una gran viralidad en redes, han surgido memes, etc.  <\/strong>\n    <\/p>\n<p class=\"article-text\">\n        S\u00ed, s\u00ed, a m\u00ed eso gusta un mont\u00f3n y me fascina. Porque igual que me gusta mucho tambi\u00e9n mi faceta de monologuista, la ficci\u00f3n me ha encantado siempre. Y mola conseguir hacer una comedia o participar en una comedia que tenga ese proceso. Pero ya digo que es algo que no me extra\u00f1a. No me extra\u00f1a porque siempre vi que era una serie que pod\u00eda llegar a todo el mundo porque reflejaba la vida de todos. Y luego tiene muy a favor esos 15 minutos de duraci\u00f3n y ese formato ultra \u00e1gil. Es que hay que hacerse a los tiempos tambi\u00e9n. Hoy en d\u00eda el ojo humano est\u00e1 acostumbrado a ver v\u00eddeos de muy corta duraci\u00f3n. Ahora mismo, ver una comedia de 45 minutos o de una hora, hora y pico, ya es dif\u00edcil para cualquiera, hasta para quien le guste.\n    <\/p>\n<blockquote class=\"quote\">\n<p class=\"quote-text\">Ver una comedia de 45 minutos o de una hora ya es dif\u00edcil para cualquiera, hasta para quien le guste<\/p>\n<p>\n                        Ra\u00fal Cimas\n                                  <\/p>\n<\/blockquote>\n<p class=\"article-text\">\n        <strong>En la presentaci\u00f3n alguno de tus compa\u00f1eros, como Enrique Mart\u00ednez, coment\u00f3 que los creadores de la serie hab\u00edan hecho una proyecci\u00f3n de vuestras personalidades en los personajes que interpret\u00e1is. \u00bfQu\u00e9 hay de Ra\u00fal Cimas en Jos\u00e9 Ram\u00f3n? <\/strong>\n    <\/p>\n<p class=\"article-text\">\n        Hay un 70%. S\u00ed, s\u00ed, s\u00ed [Risas]. \u00bfY no hay algo de todos tambi\u00e9n en Jos\u00e9 Ram\u00f3n? Puedo entender a Enrique, pero Enrique tambi\u00e9n tiene algo de Jos\u00e9 Ram\u00f3n, y yo de su Ricky [el personaje de Enrique Mart\u00ednez en la ficci\u00f3n]. Creo que logran hacer personajes que, en sus particularidades, consiguen ser universales.\n    <\/p>\n<p class=\"article-text\">\n        <strong>A nivel interpretativo, \u00bfos dan libertad para sumar cosas a vuestros personajes? \u00bfOs dejan improvisar, o est\u00e1 todo muy medido al gui\u00f3n?<\/strong>\n    <\/p>\n<p class=\"article-text\">\n        Est\u00e1 muy medido. Esta es una serie en la que el guion ya te viene montado. En otra serie igual luego hay un guion que le pasas al montador, pero en esta es el que pasamos los actores. Aqu\u00ed son escenas cortas y muchas veces son complementarias de otra cosa que se ha grabado una semana antes. Es decir, acabas la frase que dice otro personaje en la escena anterior. No puedes improvisar, ni falta que hace. Tambi\u00e9n me gusta cuando en otros proyectos me han dicho: &#8216;Aqu\u00ed tenemos un personaje al que le falta algo. \u00bfLe das algo de lo tuyo?&#8217;. S\u00ed, pero en este caso est\u00e1 todo muy medido. Alguna apreciaci\u00f3n habr\u00e9 hecho, pero ha sido m\u00ednima.\n    <\/p>\n<p>            <img decoding=\"async\" class=\"lazy\" loading=\"lazy\" data-src=\"https:\/\/static.eldiario.es\/clip\/8b8f9454-bde1-4e65-8cba-901df16eec10_16-9-discover-aspect-ratio_default_0.jpg\" src=\"data:image\/svg+xml,%3Csvg xmlns=\" http:=\"\" viewbox=\"0 0 1200 675\" alt=\"Ra\u00fal Cimas y Esperanza Pedre\u00f1o, en 'Poquita fe'\"\/><\/p>\n<p class=\"article-text\">\n        <strong>En esta segunda temporada, \u00bfse seguir\u00e1 apostando por esa comedia de lo cotidiano? <\/strong>\n    <\/p>\n<p class=\"article-text\">\n        S\u00ed, lo que pasa es que en la primera temporada a ellos les ocurr\u00edan pocas cosas y aqu\u00ed s\u00ed que sufren. En otro tipo de pel\u00edculas o de comedias es fundamental un gran desencadenante (una tormenta, un naufragio o la muerte de alguien&#8230;), yo creo que esta se nutre de los personajes, no de algo que pasa, sobre todo en la primera. En esta segunda est\u00e1 el problema de la vivienda y lo pasan muy mal, pero no deber\u00eda ser, a priori, nada sorprendente que alguien tenga que buscarse otro piso [Risas].\n    <\/p>\n<p class=\"article-text\">\n        <strong>\u00bfHay cierta voluntad de denuncia social en ese hecho de centrar las tramas de esta temporada en el problema de la vivienda para visibilizarlo? <\/strong>\n    <\/p>\n<p class=\"article-text\">\n        Es que el humor no se puede despegar de la realidad tampoco. Aunque sea comedia, si no est\u00e1 la realidad ah\u00ed con toda su amargura&#8230; El humor de las cosas felices no existe. La comedia est\u00e1 en el sufrimiento de la gente. Y la vivienda, que no creo que haya nadie que se plantee que tenemos un problema con eso, pues hace sufrir a la gente. Y dentro del sufrimiento est\u00e1 la risa, porque se cre\u00f3 para eso. Es el \u00fanico sentido que tiene el humor.\n    <\/p>\n<p class=\"article-text\">\n        <strong>Es instinto de supervivencia del ser humano&#8230;<\/strong>\n    <\/p>\n<p class=\"article-text\">\n        S\u00ed, claro. Comienzas a superar un problema cuando empiezas a bromear con ello. Y est\u00e1s desanimado o est\u00e1s deprimido y necesitas unas risas con un amigo. Est\u00e1 para esos momentos. A lo mejor el d\u00eda m\u00e1s feliz de tu vida te da igual que te hagan cucamonas, lo mismo es el d\u00eda que te pones a ver Love Story [Risas].\n    <\/p>\n<blockquote class=\"quote\">\n<p class=\"quote-text\">Dentro del sufrimiento est\u00e1 la risa porque se cre\u00f3 para eso, es el \u00fanico sentido que tiene el humor<\/p>\n<p>\n                        Ra\u00fal Cimas\n                                  <\/p>\n<\/blockquote>\n<p class=\"article-text\">\n        <strong>Llevas muchos a\u00f1os de la mano de Andreu Buenafuente, ahora tambi\u00e9n en su <\/strong><strong>Futuro Imperfecto <\/strong><strong>en RTVE. \u00bfCrees que, dentro de la tele en abierto, Andreu tiene m\u00e1s encaje en la p\u00fablica que en ning\u00fan otro sitio? <\/strong>\n    <\/p>\n<p class=\"article-text\">\n        Bueno, lo de la televisi\u00f3n p\u00fablica no s\u00e9&#8230; Yo he ido con Andreu all\u00e1 donde me ha llamado. Como si el d\u00eda de ma\u00f1ana se va a Radio Mar\u00eda y me llama, pues ir\u00e9. Porque es un t\u00edo que me dio una oportunidad cuando yo era un ni\u00f1o. Yo empec\u00e9 a trabajar con El Terrat, yo que s\u00e9, como en el a\u00f1o 2000 o 2000 y poco. Era un programa en la ETB junto a Carlos Sobera e I\u00f1aki L\u00f3pez del que guardo muy buenos recuerdos. Desde entonces, pues he ido trabajando con \u00e9l a ratos, porque tambi\u00e9n este trabajo es as\u00ed. Tambi\u00e9n estoy siempre con Coronas y los Ilustres Ignorantes. Me gusta, en una vida tan difusa, tener algunos anclajes, y Andreu lo es.\n    <\/p>\n<p class=\"article-text\">\n        <strong>\u00bfTe da total libertad para tu secci\u00f3n cuando os sent\u00e1is en el sof\u00e1?<\/strong>\n    <\/p>\n<p class=\"article-text\">\n        S\u00ed, pero eso siempre ha sido as\u00ed. Andreu ni siquiera sabe de qu\u00e9 le voy a hablar, y obviamente es porque no quiere. A \u00e9l le gusta sorprender y sorprenderse, es un amante de la improvisaci\u00f3n tambi\u00e9n. Y de buscar en los shows de televisi\u00f3n ese momento &#8216;verdadero&#8217;, por llamarlo de alguna manera. Eso es muy importante, por lo menos para mi manera de entender ese tipo de programas de televisi\u00f3n. Hay otros a los que les va muy bien con un gui\u00f3n muy estructurado, o incluso hay gente que ha protestado mucho porque alguien se saltaba el gui\u00f3n en una gala y tal. Pues a m\u00ed no, a m\u00ed me gusta el vivo, aunque tenga a veces malas consecuencias o malos resultados. Esto es vivir en el alambre.\n    <\/p>\n<p>            <img decoding=\"async\" class=\"lazy\" loading=\"lazy\" data-src=\"https:\/\/static.eldiario.es\/clip\/75c21d48-9f94-4af7-9cc2-b8822e7c4f08_16-9-discover-aspect-ratio_default_0.jpg\" src=\"data:image\/svg+xml,%3Csvg xmlns=\" http:=\"\" viewbox=\"0 0 1200 675\" alt=\"Ra\u00fal Cimas y Andreu Buenafuente en 'Futuro Imperfecto'\"\/><\/p>\n<p class=\"article-text\">\n        <strong>\u00bfCrees que el p\u00fablico se merec\u00eda su regreso? <\/strong>\n    <\/p>\n<p class=\"article-text\">\n        S\u00ed, la gente y el propio Andreu se merec\u00eda volver a las casas. A la vez que es fundamental que esto siga trayendo nuevas caras y estemos viendo nueva gente, respetando eso y entendiendo que eso tambi\u00e9n forma parte de la vida y que nosotros vamos tranquilamente caminando hacia nuestro descanso, a veces creo que nos pasamos con una obsesi\u00f3n por buscar nuevas caras cuando a\u00fan tienes ah\u00ed a un t\u00edo que es el mejor, en mi humilde opini\u00f3n. Y encima \u00e9l tiene ganas de trabajar, que eso es una cosa que le honra, porque despu\u00e9s de esa carrera podr\u00eda dedicarse a viajar y a hacer su vida. Pero le apetece, y le apetece hacerlo en vivo en un teatro, sin mesa, con \u00e9l de pie&#8230; M\u00e1s crudo que nunca.\n    <\/p>\n<p class=\"article-text\">\n        <strong>Ahora que tambi\u00e9n est\u00e1s en RTVE, \u00bfte veremos m\u00e1s con Broncano en<\/strong><strong> La Revuelta<\/strong><strong>?<\/strong>\n    <\/p>\n<p class=\"article-text\">\n        Si es que con Broncano nunca he estado. Con Broncano lo que pasa es que cuando le falla un invitado voy yo [risas]. Yo encantado que me asocien a La Revuelta porque es otro programa que me encanta. Con Castella tambi\u00e9n es un t\u00edo con el que he trabajado desde que empec\u00e9 hace 25 a\u00f1os. Me alegro mucho de su \u00e9xito. Y yo estar\u00e9, como siempre, cada vez que no pueda otro. Cada vez que le falle una estrella, ah\u00ed estar\u00e9 yo [risas]. Pero bueno, ir\u00e9 a promocionar cosas, es la contraprestraci\u00f3n por mis servicios como entrevistador sustituto. Cada vez que hago alguna mierda pues se la vendo all\u00ed.\n    <\/p>\n<p class=\"article-text\">\n        <strong>\u00bfC\u00f3mo viviste t\u00fa la temporada pasada esa vor\u00e1gine del duelo entre <\/strong><strong>El Hormiguero <\/strong><strong>y <\/strong><strong>La Revuelta<\/strong><strong>? <\/strong>\n    <\/p>\n<p class=\"article-text\">\n        A m\u00ed me pareci\u00f3 bien, porque hac\u00eda muchos a\u00f1os que no estaba ese debate del prime time. Yo creo que me tengo que remontar a cuando est\u00e1bamos con Buenafuente y Cr\u00f3nicas Marcianas. Justo ayer hablaba con Xavier Deltell, que \u00e9l estaba en Cr\u00f3nicas Marcianas y yo en Buenafuente. Y grab\u00e1bamos ambas cosas en unos plat\u00f3s de Sant Just Desvern en los que en uno se grababa Cr\u00f3nicas y en otro lo nuestro. Y no hab\u00eda nada m\u00e1s. Y en ese peque\u00f1o pol\u00edgono se bat\u00eda el prime time de toda Espa\u00f1a [risas]. Entonces, por ese lado s\u00ed que me gust\u00f3. Quiero creer que la sangre no llegue al r\u00edo, que forma parte tambi\u00e9n de un espect\u00e1culo y de un negocio. Porque en cualquiera de los dos casos es buena noticia para los dos. Es bueno para los dos y es bueno para el humor, as\u00ed que no quiero que la sangre llegue al r\u00edo. Desde luego, yo me llevo muy bien con los dos, y yo creo que entre ellos tambi\u00e9n.\n    <\/p>\n<p>    <a href=\"https:\/\/www.eldiario.es\/vertele\/noticias\/la-revuelta-luis-merlo-desvela-le-veto-jose-luis-moreno-celebra-importancia-mauri-cambio-vidas-videos-la-1-rtve-aqui-no-hay-quien-viva-la-que-se-avecina_1_12627807.html\" data-mrf-recirculation=\"saber-mas-abajo\" data-dl-event=\"saber-mas-abajo\" rel=\"nofollow noopener\" target=\"_blank\"><\/p>\n<p class=\"know-more__title\">Luis Merlo desvela que le vet\u00f3 Jos\u00e9 Luis Moreno, y celebra la importancia de su Mauri: \u201cCambi\u00f3 muchas vidas\u201d<\/p>\n<p>            <img decoding=\"async\" class=\"lazy\" loading=\"lazy\" data-src=\"https:\/\/static.eldiario.es\/clip\/8d3b8eda-4feb-4504-b062-255f62880c3d_16-9-aspect-ratio_default_0.jpg\" src=\"data:image\/svg+xml,%3Csvg xmlns=\" http:=\"\" viewbox=\"0 0 880 495\" alt=\"Luis Merlo desvela que le vet\u00f3 Jos\u00e9 Luis Moreno, y celebra la importancia de su Mauri: &quot;Cambi\u00f3 muchas vidas&quot;\"\/><\/p>\n<p>                        <\/a><\/p>\n<p class=\"article-text\">\n        .\n    <\/p>\n","protected":false},"excerpt":{"rendered":"Vuelve Poquita fe, una de las comedias m\u00e1s aclamadas de los \u00faltimos a\u00f1os por cr\u00edtica y p\u00fablico, un&hellip;\n","protected":false},"author":2,"featured_media":137099,"comment_status":"","ping_status":"","sticky":false,"template":"","format":"standard","meta":{"footnotes":""},"categories":[171],"tags":[10903,43248,43247,3059,146,147,25,24,434,303,7741,34859,10571,9812,156,23,1152,214],"class_list":{"0":"post-137098","1":"post","2":"type-post","3":"status-publish","4":"format-standard","5":"has-post-thumbnail","7":"category-tv","8":"tag-10903","9":"tag-amargura","10":"tag-cimas","11":"tag-comedia","12":"tag-entertainment","13":"tag-entretenimiento","14":"tag-es","15":"tag-espana","16":"tag-fe","17":"tag-movistar","18":"tag-plus","19":"tag-poquita","20":"tag-raul","21":"tag-realidad","22":"tag-serie","23":"tag-spain","24":"tag-temporada","25":"tag-tv"},"share_on_mastodon":{"url":"","error":""},"_links":{"self":[{"href":"https:\/\/www.europesays.com\/es\/wp-json\/wp\/v2\/posts\/137098","targetHints":{"allow":["GET"]}}],"collection":[{"href":"https:\/\/www.europesays.com\/es\/wp-json\/wp\/v2\/posts"}],"about":[{"href":"https:\/\/www.europesays.com\/es\/wp-json\/wp\/v2\/types\/post"}],"author":[{"embeddable":true,"href":"https:\/\/www.europesays.com\/es\/wp-json\/wp\/v2\/users\/2"}],"replies":[{"embeddable":true,"href":"https:\/\/www.europesays.com\/es\/wp-json\/wp\/v2\/comments?post=137098"}],"version-history":[{"count":0,"href":"https:\/\/www.europesays.com\/es\/wp-json\/wp\/v2\/posts\/137098\/revisions"}],"wp:featuredmedia":[{"embeddable":true,"href":"https:\/\/www.europesays.com\/es\/wp-json\/wp\/v2\/media\/137099"}],"wp:attachment":[{"href":"https:\/\/www.europesays.com\/es\/wp-json\/wp\/v2\/media?parent=137098"}],"wp:term":[{"taxonomy":"category","embeddable":true,"href":"https:\/\/www.europesays.com\/es\/wp-json\/wp\/v2\/categories?post=137098"},{"taxonomy":"post_tag","embeddable":true,"href":"https:\/\/www.europesays.com\/es\/wp-json\/wp\/v2\/tags?post=137098"}],"curies":[{"name":"wp","href":"https:\/\/api.w.org\/{rel}","templated":true}]}}