{"id":137118,"date":"2025-09-25T03:34:09","date_gmt":"2025-09-25T03:34:09","guid":{"rendered":"https:\/\/www.europesays.com\/es\/137118\/"},"modified":"2025-09-25T03:34:09","modified_gmt":"2025-09-25T03:34:09","slug":"donald-y-bradley-dan-el-pistoletazo-de-salida-a-la-ryder-cup","status":"publish","type":"post","link":"https:\/\/www.europesays.com\/es\/137118\/","title":{"rendered":"Donald y Bradley dan el pistoletazo de salida a la Ryder Cup"},"content":{"rendered":"<p>\t\t\t\t\tLos capitanes de Europa y EE.UU. presentan la 45\u00aa Ryder Cup: respeto, ambici\u00f3n, pasi\u00f3n y un debate econ\u00f3mico que agita al equipo local<br \/>\n<img fetchpriority=\"high\" decoding=\"async\" class=\"size-full wp-image-319170\" src=\"https:\/\/www.europesays.com\/es\/wp-content\/uploads\/2025\/09\/Keegan-Bradley-y-Luke-Donald-Ryder-Cup-2025-declas-previa-650.jpg\" alt=\"Bethpage Black, Luke Donald, Keegan Bradley, Declaraciones Luke Donald, Declaraciones Keegan Bradley, \" width=\"650\" height=\"433\"  \/>Keegan Bradley y Luke Donald comparecieron ante los medios en la previa de la Ryder Cup de Bethpage<\/p>\n<p style=\"text-align: justify;\">La <strong>45\u00aa Ryder Cup<\/strong> ya late en <strong>Bethpage Black<\/strong>. En una rueda de prensa cargada de emoci\u00f3n, respeto mutuo y tambi\u00e9n con pinceladas de tensi\u00f3n, los capitanes <strong>Luke Donald<\/strong> (Europa) y <strong>Keegan Bradley<\/strong> (Estados Unidos) dieron el pistoletazo de salida a una semana que promete ser hist\u00f3rica.<\/p>\n<p style=\"text-align: justify;\">Donald, que repite al frente del combinado europeo tras la victoria en <strong>Roma<\/strong>, confes\u00f3 que ejercer la capitan\u00eda por segunda vez es \u201cuno de los mayores privilegios\u201d de su vida. \u201cHe vivido algunos de los momentos m\u00e1s grandes de mi carrera en la Ryder Cup; como jugador, vicecapit\u00e1n y ahora como capit\u00e1n. S\u00e9 del reto que tenemos, pero conf\u00edo plenamente en este equipo. Llevan tiempo juntos, llegan en gran forma y est\u00e1n listos para el desaf\u00edo\u201d; asegur\u00f3 el ingl\u00e9s.<\/p>\n<p style=\"text-align: justify;\">Bradley, por su parte, no escondi\u00f3 la emoci\u00f3n de volver a Bethpage, el campo donde creci\u00f3 como universitario en <strong>St. John\u2019s<\/strong>. \u201cEs incre\u00edble estar aqu\u00ed como capit\u00e1n. Nunca lo habr\u00eda imaginado. Esta semana ha sido m\u00e1gica: convivir con los chicos; ver la uni\u00f3n del equipo y sentir de nuevo lo que significa la Ryder Cup es algo que nunca olvidar\u00e9\u201d; declar\u00f3 con una mezcla de orgullo y entusiasmo.<\/p>\n<p style=\"text-align: justify;\">El estadounidense tambi\u00e9n quiso destacar la magnitud del momento. \u201cCada d\u00eda que me levanto y veo a mis jugadores, a la bandera estadounidense y al logo de la Ryder Cup, recuerdo que formo parte del mejor evento de golf del mundo\u201d.<\/p>\n<p style=\"text-align: justify;\">M\u00e1s all\u00e1 de lo deportivo, una de las cuestiones que marc\u00f3 la comparecencia fue el debate sobre los <strong>pagos al equipo estadounidense<\/strong> por disputar la Ryder Cup. Bradley reconoci\u00f3 la sensibilidad del asunto, aunque subray\u00f3 que el vestuario est\u00e1 unido. \u201cNuestros jugadores tienen el mayor honor de representar a su pa\u00eds. Todo lo que rodea a la parte econ\u00f3mica se ha tratado de puertas adentro y no afecta a nuestro compromiso con la competici\u00f3n\u201d; apunt\u00f3.<\/p>\n<p style=\"text-align: justify;\">Donald, desde el lado europeo, prefiri\u00f3 no entrar en pol\u00e9micas y record\u00f3 que \u201cpara los jugadores de Europa, la Ryder Cup siempre ha sido, y seguir\u00e1 siendo, un honor y una tradici\u00f3n que va m\u00e1s all\u00e1 del dinero\u201d.<\/p>\n<p style=\"text-align: justify;\">Ambos capitanes coincidieron en se\u00f1alar el ambiente neoyorquino como un factor clave. Donald habl\u00f3 de \u201cla pasi\u00f3n de los aficionados\u201d y de la grandeza de un escenario p\u00fablico como Bethpage Black; mientras Bradley destac\u00f3 que \u201cla energ\u00eda de este lugar es \u00fanica y va a impulsar a todos\u201d.<\/p>\n<p style=\"text-align: justify;\">Con la ceremonia de apertura a la vuelta de la esquina y los primeros partidos listos para disputarse; la Ryder Cup 2025 arranca entre respeto, ambici\u00f3n, rivalidad\u2026 y un trasfondo econ\u00f3mico que a\u00f1ade m\u00e1s tensi\u00f3n a la semana m\u00e1s esperada del golf.<\/p>\n<p style=\"text-align: justify;\"><strong>Puede seguir a OpenGolf en <\/strong><a style=\"color: #008000;\" href=\"https:\/\/www.facebook.com\/opengolfes.es\/\" rel=\"nofollow noopener\" target=\"_blank\"><strong>Facebook<\/strong><\/a><strong>; <\/strong><a style=\"color: #008000;\" href=\"https:\/\/twitter.com\/opengolf_news\" rel=\"nofollow noopener\" target=\"_blank\"><strong>Twitter<\/strong><\/a><strong>; <\/strong><a style=\"color: #008000;\" href=\"https:\/\/www.linkedin.com\/in\/fernando-molina-b1455a14\/\" rel=\"nofollow noopener\" target=\"_blank\"><strong>LinkedIn<\/strong><\/a><strong> y suscribi\u00e9ndose a trav\u00e9s de este enlace a nuestra <\/strong><a style=\"color: #008000;\" href=\"https:\/\/opengolf.es\/newsletters.php\" rel=\"nofollow noopener\" target=\"_blank\"><strong>Newsletter Semanal<\/strong><\/a><\/p>\n<p>\t\t\t\t<script async src=\"https:\/\/platform.twitter.com\/widgets.js\" charset=\"utf-8\"><\/script><\/p>\n","protected":false},"excerpt":{"rendered":"Los capitanes de Europa y EE.UU. presentan la 45\u00aa Ryder Cup: respeto, ambici\u00f3n, pasi\u00f3n y un debate econ\u00f3mico&hellip;\n","protected":false},"author":2,"featured_media":137119,"comment_status":"","ping_status":"","sticky":false,"template":"","format":"standard","meta":{"footnotes":""},"categories":[275],"tags":[39987,43258,43259,168,25,24,329,27753,392,23,167],"class_list":{"0":"post-137118","1":"post","2":"type-post","3":"status-publish","4":"format-standard","5":"has-post-thumbnail","7":"category-golf","8":"tag-bethpage-black","9":"tag-declaraciones-keegan-bradley","10":"tag-declaraciones-luke-donald","11":"tag-deportes","12":"tag-es","13":"tag-espana","14":"tag-golf","15":"tag-keegan-bradley","16":"tag-luke-donald","17":"tag-spain","18":"tag-sports"},"share_on_mastodon":{"url":"","error":""},"_links":{"self":[{"href":"https:\/\/www.europesays.com\/es\/wp-json\/wp\/v2\/posts\/137118","targetHints":{"allow":["GET"]}}],"collection":[{"href":"https:\/\/www.europesays.com\/es\/wp-json\/wp\/v2\/posts"}],"about":[{"href":"https:\/\/www.europesays.com\/es\/wp-json\/wp\/v2\/types\/post"}],"author":[{"embeddable":true,"href":"https:\/\/www.europesays.com\/es\/wp-json\/wp\/v2\/users\/2"}],"replies":[{"embeddable":true,"href":"https:\/\/www.europesays.com\/es\/wp-json\/wp\/v2\/comments?post=137118"}],"version-history":[{"count":0,"href":"https:\/\/www.europesays.com\/es\/wp-json\/wp\/v2\/posts\/137118\/revisions"}],"wp:featuredmedia":[{"embeddable":true,"href":"https:\/\/www.europesays.com\/es\/wp-json\/wp\/v2\/media\/137119"}],"wp:attachment":[{"href":"https:\/\/www.europesays.com\/es\/wp-json\/wp\/v2\/media?parent=137118"}],"wp:term":[{"taxonomy":"category","embeddable":true,"href":"https:\/\/www.europesays.com\/es\/wp-json\/wp\/v2\/categories?post=137118"},{"taxonomy":"post_tag","embeddable":true,"href":"https:\/\/www.europesays.com\/es\/wp-json\/wp\/v2\/tags?post=137118"}],"curies":[{"name":"wp","href":"https:\/\/api.w.org\/{rel}","templated":true}]}}