{"id":137128,"date":"2025-09-25T03:40:08","date_gmt":"2025-09-25T03:40:08","guid":{"rendered":"https:\/\/www.europesays.com\/es\/137128\/"},"modified":"2025-09-25T03:40:08","modified_gmt":"2025-09-25T03:40:08","slug":"fernando-iglesias-mas-el-modelo-que-ha-sido-la-discreta-pareja-de-pedro-almodovar-durante-mas-de-20-anos","status":"publish","type":"post","link":"https:\/\/www.europesays.com\/es\/137128\/","title":{"rendered":"Fernando Iglesias Mas, el modelo que ha sido la discreta pareja de Pedro Almod\u00f3var durante m\u00e1s de 20 a\u00f1os"},"content":{"rendered":"<p>\n          \u00bfQui\u00e9n es Fernando Iglesias Mas, la pareja de Pedro Almod\u00f3var?<\/p>\n<p>Fernando Iglesias Mas es espa\u00f1ol y actualmente tiene <b>61 a\u00f1os.<\/b> Form\u00f3 parte de un equipo profesional de b\u00e1squetbol gracias a su impresionante altura de <b>1.98 metros<\/b>, aunque actualmente solo practica ese deporte como hobbie. <\/p>\n<p>Trabaja como fot\u00f3grafo, arte que comenz\u00f3 a estudiar a los 35 a\u00f1os hasta convertirlo en su profesi\u00f3n. Tambi\u00e9n ha sido modelo para anuncios publicitarios por parte de la agencia espa\u00f1ola Mad Models.<\/p>\n<p>Actualmente vive en Malasa\u00f1a en Madrid junto a su madre, con quien mantiene una relaci\u00f3n cercana. Tuvo una exposici\u00f3n art\u00edstica en <b>Espacio Garaje Lola<\/b> donde trabaj\u00f3 con el pintor <b>Marc Janus<\/b>. Algunas de sus inspiraciones son <b>Bansky, Helmut Newton <\/b>y <b>Richard Avedon<\/b>.<\/p>\n<p>             <img loading=\"lazy\" decoding=\"async\" src=\"https:\/\/www.europesays.com\/es\/wp-content\/uploads\/2025\/09\/1758771607_20_\" class=\"lazyload\" alt=\"Patrick McMullan Archives\"  width=\"1200\" height=\"800\"\/> <\/p>\n<p>              Pedro Almod\u00f3var, Fernando Iglesias y Pen\u00e9lope Cruz.<br \/>\n              (Getty Images)<\/p>\n<p>          El trabajo de Fernando Iglesias en pel\u00edculas de Pedro Almod\u00f3var<\/p>\n<p>Fernando Iglesias tenido cameos en pel\u00edculas de <b>Pedro Almod\u00f3var<\/b> como <b>La Piel que Habito, Hable con ella <\/b>o<b> La mala educaci\u00f3n<\/b>, donde ha interpretado papeles secundarios o extras. Tambi\u00e9n se encarg\u00f3 de la fotograf\u00eda del corto de Almod\u00f3var<b> La voz humana<\/b>, protagonizado por <b>Tilda Swinton<\/b> y de la pel\u00edcula <b>Madres paralelas<\/b>.<\/p>\n<p>             <img loading=\"lazy\" decoding=\"async\" src=\"https:\/\/www.europesays.com\/es\/wp-content\/uploads\/2025\/09\/1758771608_75_\" class=\"lazyload\" alt=\"La-piel-que-habito-cartel.jpg\"  width=\"1200\" height=\"1715\"\/> <\/p>\n","protected":false},"excerpt":{"rendered":"\u00bfQui\u00e9n es Fernando Iglesias Mas, la pareja de Pedro Almod\u00f3var? Fernando Iglesias Mas es espa\u00f1ol y actualmente tiene&hellip;\n","protected":false},"author":2,"featured_media":137129,"comment_status":"","ping_status":"","sticky":false,"template":"","format":"standard","meta":{"footnotes":""},"categories":[174],"tags":[255,146,147,25,24,2793,256,43261,43262,43266,43263,43264,43265,43267,43268,23],"class_list":{"0":"post-137128","1":"post","2":"type-post","3":"status-publish","4":"format-standard","5":"has-post-thumbnail","7":"category-famosos","8":"tag-celebrities","9":"tag-entertainment","10":"tag-entretenimiento","11":"tag-es","12":"tag-espana","13":"tag-espectaculos","14":"tag-famosos","15":"tag-fernando-iglesias-mas","16":"tag-fernando-iglesias-mas-peliculas-pedro-almodovar","17":"tag-pareja-de-pedro-almodovar","18":"tag-pedo-almodovar-novio","19":"tag-pedro-almodovar-pareja","20":"tag-quien-es-el-novio-de-pedro-almodovar","21":"tag-quien-es-fernando-iglesias-mas","22":"tag-relacion-de-pedro-almodovar-y-fernando-iglesias","23":"tag-spain"},"share_on_mastodon":{"url":"","error":""},"_links":{"self":[{"href":"https:\/\/www.europesays.com\/es\/wp-json\/wp\/v2\/posts\/137128","targetHints":{"allow":["GET"]}}],"collection":[{"href":"https:\/\/www.europesays.com\/es\/wp-json\/wp\/v2\/posts"}],"about":[{"href":"https:\/\/www.europesays.com\/es\/wp-json\/wp\/v2\/types\/post"}],"author":[{"embeddable":true,"href":"https:\/\/www.europesays.com\/es\/wp-json\/wp\/v2\/users\/2"}],"replies":[{"embeddable":true,"href":"https:\/\/www.europesays.com\/es\/wp-json\/wp\/v2\/comments?post=137128"}],"version-history":[{"count":0,"href":"https:\/\/www.europesays.com\/es\/wp-json\/wp\/v2\/posts\/137128\/revisions"}],"wp:featuredmedia":[{"embeddable":true,"href":"https:\/\/www.europesays.com\/es\/wp-json\/wp\/v2\/media\/137129"}],"wp:attachment":[{"href":"https:\/\/www.europesays.com\/es\/wp-json\/wp\/v2\/media?parent=137128"}],"wp:term":[{"taxonomy":"category","embeddable":true,"href":"https:\/\/www.europesays.com\/es\/wp-json\/wp\/v2\/categories?post=137128"},{"taxonomy":"post_tag","embeddable":true,"href":"https:\/\/www.europesays.com\/es\/wp-json\/wp\/v2\/tags?post=137128"}],"curies":[{"name":"wp","href":"https:\/\/api.w.org\/{rel}","templated":true}]}}