{"id":137134,"date":"2025-09-25T03:44:09","date_gmt":"2025-09-25T03:44:09","guid":{"rendered":"https:\/\/www.europesays.com\/es\/137134\/"},"modified":"2025-09-25T03:44:09","modified_gmt":"2025-09-25T03:44:09","slug":"jon-bon-jovi-habla-de-su-nueva-etapa-como-abuelo-y-revela-que-espera-a-su-segundo-nieto","status":"publish","type":"post","link":"https:\/\/www.europesays.com\/es\/137134\/","title":{"rendered":"Jon Bon Jovi habla de su nueva etapa como abuelo y revela que espera a su segundo nieto"},"content":{"rendered":"<p><strong>Jon Bon Jovi<\/strong> se convirti\u00f3 en abuelo luego de que su hijo <strong>Jake Bongiovi<\/strong> y la actriz <strong>Millie Bobby Brown<\/strong> anunciaran la <a href=\"https:\/\/rpp.pe\/famosos\/celebridades\/millie-bobby-brown-y-su-esposo-jake-bongiovi-adoptaron-a-una-bebe-noticia-1651594\" rel=\"follow noopener nofollow\" target=\"_blank\">adopci\u00f3n de una beb\u00e9<\/a>, poco m\u00e1s de un a\u00f1o despu\u00e9s de <a href=\"https:\/\/rpp.pe\/famosos\/celebridades\/millie-bobby-brown-y-jake-bongiovi-comparte-imagenes-ineditas-de-su-boda-noticia-1588669\" rel=\"follow noopener nofollow\" target=\"_blank\">casarse<\/a>. El cantante habl\u00f3 por primera vez sobre esta experiencia, a la que calific\u00f3 de \u00abbuen\u00edsima\u00bb.<\/p>\n<p>\u00abEs incre\u00edble, muy loco, pero hermoso. Ellos adoptaron una ni\u00f1a, y desde luego que fuimos a conocerla, y ella inmediatamente se convirti\u00f3 en nuestra nieta\u00bb, dijo al p\u00f3dcast Dumb Blonde.<\/p>\n<p>Bon Jovi tambi\u00e9n mencion\u00f3 que suele preguntar seguido por la peque\u00f1a: \u00abEs hermoso todo y yo quiero ver fotos casi todos los d\u00edas\u00bb.<\/p>\n<p data-start=\"46\" data-end=\"144\">Asimismo, se deshizo en elogios al hablar de su famosa nuera, la protagonista de\u00a0<strong>Stranger Things<\/strong>.<\/p>\n<p>\u00abElla es muy dulce, y trabaja muy duro. Todo el tiempo le digo lo mucho que la admiro, porque su \u00e9tica laboral es impresionante. Ellos se casaron muy chicos, pero entendimos lo que pasaba ah\u00ed. Son m\u00e1s maduros que su edad\u00bb, se\u00f1al\u00f3.<\/p>\n<p>Jon Bon Jovi espera la llegada de su segundo nieto<\/p>\n<p>En otro momento de la entrevista,\u00a0<strong>Jon Bon Jovi<\/strong> revel\u00f3 que su hijo <strong>Jesse Bongiovi <\/strong>tambi\u00e9n espera un beb\u00e9 junto a su pareja, por lo que pronto recibir\u00e1 a su segundo nieto.<\/p>\n<p>El cantante confirm\u00f3 en mayo de 2024 que <a href=\"https:\/\/rpp.pe\/famosos\/celebridades\/jon-bon-jovi-confirmo-que-su-hijo-se-caso-con-millie-bobbie-brown-actriz-de-stranger-things-noticia-1558428\" rel=\"follow noopener nofollow\" target=\"_blank\">Jake y Millie Bobby Brown se hab\u00edan casado<\/a>. En declaraciones a The One Show de la BBC, se\u00f1al\u00f3 que se trat\u00f3 de una ceremonia familiar \u00edntima en la que estuvieron presentes \u00e9l, su esposa Dorothea y los padres de la actriz.<\/p>\n<p>\u00abFue una boda sencilla y la novia estaba hermosa\u00bb, cont\u00f3 en ese entonces.<\/p>\n<p>La boda se mantuvo en secreto porque la actriz hab\u00eda dicho en 2023, que prefer\u00eda preservar la intimidad de ese d\u00eda especial. \u00abCreo que probablemente correr\u00e9 las cortinas, simplemente porque hay un n\u00famero limitado de momentos en la vida que solo se suceden una vez\u00bb, indic\u00f3 al medio WWD.<\/p>\n<p>Bon Jovi\u00a0record\u00f3 su propia historia al hablar del casamiento de Jake y Millie<\/p>\n<p>Frente a las cr\u00edticas que recibi\u00f3 la pareja por haberse casado a temprana edad, <strong>Jon Bon Jovi <\/strong>record\u00f3 que \u00e9l mismo se uni\u00f3 a Dorothea cuando eran j\u00f3venes. \u00abA Millie la conoc\u00ed durante el \u00faltimo a\u00f1o, trabaja muy duro, ella y Jake crecer\u00e1n juntos a su manera. Es una versi\u00f3n acelerada de lo que pas\u00e9 hace 40 a\u00f1os\u00bb.<\/p>\n<p>En otro momento, el artista dijo en que lo importante es que cada uno de sus hijos haya encontrado a alguien con quien compartir.<\/p>\n<p>\u00abEse ser\u00eda realmente mi consejo: crecer juntos es sabio. Creo que todos mis hijos han encontrado personas con las que creen que pueden crecer juntos y todos nos agradan. Millie es maravillosa. Toda su familia es genial. Jake est\u00e1 muy, muy feliz\u00bb, agreg\u00f3.<\/p>\n","protected":false},"excerpt":{"rendered":"Jon Bon Jovi se convirti\u00f3 en abuelo luego de que su hijo Jake Bongiovi y la actriz Millie&hellip;\n","protected":false},"author":2,"featured_media":137135,"comment_status":"","ping_status":"","sticky":false,"template":"","format":"standard","meta":{"footnotes":""},"categories":[170],"tags":[146,147,25,24,256,17372,26025,184,185,23],"class_list":{"0":"post-137134","1":"post","2":"type-post","3":"status-publish","4":"format-standard","5":"has-post-thumbnail","7":"category-musica","8":"tag-entertainment","9":"tag-entretenimiento","10":"tag-es","11":"tag-espana","12":"tag-famosos","13":"tag-jon-bon-jovi","14":"tag-millie-bobby-brown","15":"tag-music","16":"tag-musica","17":"tag-spain"},"share_on_mastodon":{"url":"","error":""},"_links":{"self":[{"href":"https:\/\/www.europesays.com\/es\/wp-json\/wp\/v2\/posts\/137134","targetHints":{"allow":["GET"]}}],"collection":[{"href":"https:\/\/www.europesays.com\/es\/wp-json\/wp\/v2\/posts"}],"about":[{"href":"https:\/\/www.europesays.com\/es\/wp-json\/wp\/v2\/types\/post"}],"author":[{"embeddable":true,"href":"https:\/\/www.europesays.com\/es\/wp-json\/wp\/v2\/users\/2"}],"replies":[{"embeddable":true,"href":"https:\/\/www.europesays.com\/es\/wp-json\/wp\/v2\/comments?post=137134"}],"version-history":[{"count":0,"href":"https:\/\/www.europesays.com\/es\/wp-json\/wp\/v2\/posts\/137134\/revisions"}],"wp:featuredmedia":[{"embeddable":true,"href":"https:\/\/www.europesays.com\/es\/wp-json\/wp\/v2\/media\/137135"}],"wp:attachment":[{"href":"https:\/\/www.europesays.com\/es\/wp-json\/wp\/v2\/media?parent=137134"}],"wp:term":[{"taxonomy":"category","embeddable":true,"href":"https:\/\/www.europesays.com\/es\/wp-json\/wp\/v2\/categories?post=137134"},{"taxonomy":"post_tag","embeddable":true,"href":"https:\/\/www.europesays.com\/es\/wp-json\/wp\/v2\/tags?post=137134"}],"curies":[{"name":"wp","href":"https:\/\/api.w.org\/{rel}","templated":true}]}}