{"id":137143,"date":"2025-09-25T03:52:06","date_gmt":"2025-09-25T03:52:06","guid":{"rendered":"https:\/\/www.europesays.com\/es\/137143\/"},"modified":"2025-09-25T03:52:06","modified_gmt":"2025-09-25T03:52:06","slug":"rosa-alvarez-presidenta-de-la-asociacion-victimas-mortales-de-la-dana-nos-marchamos-de-las-cortes-por-la-retahila-de-mentiras-de-mazon-noticias-de-la-comunidad-valenciana","status":"publish","type":"post","link":"https:\/\/www.europesays.com\/es\/137143\/","title":{"rendered":"Rosa \u00c1lvarez, presidenta de la Asociaci\u00f3n V\u00edctimas Mortales de la Dana: \u201cNos marchamos de las Cortes por la retah\u00edla de mentiras de Maz\u00f3n\u201d | Noticias de la Comunidad Valenciana"},"content":{"rendered":"<p class=\"\">El padre de<a href=\"https:\/\/elpais.com\/espana\/2025-06-02\/el-via-crucis-politico-de-ser-victima-de-una-gran-tragedia.html\" target=\"_self\" rel=\"nofollow noopener\" title=\"https:\/\/elpais.com\/espana\/2025-06-02\/el-via-crucis-politico-de-ser-victima-de-una-gran-tragedia.html\"> Rosa \u00c1lvarez,<\/a> Manuel, ten\u00eda \u201c80 espl\u00e9ndidos a\u00f1os\u201d cuando una tromba de agua y barro acab\u00f3 con su vida el pasado 29 de octubre. Fue una de las<a href=\"https:\/\/elpais.com\/noticias\/gota-fria\/\" target=\"_self\" rel=\"nofollow noopener\" title=\"https:\/\/elpais.com\/noticias\/gota-fria\/\"> 229 v\u00edctimas mortales de la dana <\/a>en la provincia de Valencia. Hija \u00fanica y hu\u00e9rfana de madre desde hace tiempo, Rosa estaba muy unida a Manuel, al igual que su hija, Aitana, que lleg\u00f3 a empadronarse en la \u201ccasa del iaio\u201d, en Catarroja, no muy lejos del domicilio familiar. \u201cEra como su segundo padre, porque yo trabajaba en Castell\u00f3n y conviv\u00eda mucho con \u00e9l\u201d, comenta este mi\u00e9rcoles entre reuni\u00f3n y reuni\u00f3n con t\u00e9cnicos medioambientales en resiliencia y gesti\u00f3n de riesgos clim\u00e1ticos en Bruselas. <\/p>\n<p class=\"\">Rosa, de 51 a\u00f1os, preside la Asociaci\u00f3n V\u00edctimas Mortales Dana 29-O, que aglutina a unos 160 familiares de 90 fallecidos. No se han personado de manera conjunta como una acusaci\u00f3n en la causa de la dana. Algunas comparten abogados y otros no. Ella, con su expresi\u00f3n emocionada y dolorida, al tiempo que firme y resuelta, se ha convertido en una de las caras m\u00e1s visibles de las v\u00edctimas. Tambi\u00e9n en una de las voces m\u00e1s cr\u00edticas contra la gesti\u00f3n \u201cnegligente y nefasta\u201d que hizo la Generalitat de la cat\u00e1strofe y, sobre todo, contra la del presidente, Carlos Maz\u00f3n, del PP. <\/p>\n<p class=\"\">El pasado martes, esta trabajadora social de un centro de salud, ahora dedicada a la entidad que fund\u00f3 hace unos meses, fue una de las protagonistas no pol\u00edticas del<a href=\"https:\/\/elpais.com\/espana\/comunidad-valenciana\/2025-09-23\/victimas-de-la-dana-abandonan-indignadas-les-corts-tras-asegurar-mazon-que-siempre-les-tiende-la-mano.html\" target=\"_self\" rel=\"nofollow noopener\" title=\"https:\/\/elpais.com\/espana\/comunidad-valenciana\/2025-09-23\/victimas-de-la-dana-abandonan-indignadas-les-corts-tras-asegurar-mazon-que-siempre-les-tiende-la-mano.html\"> debate de pol\u00edtica general<\/a> en las Cortes Valencianas. No aguant\u00f3 m\u00e1s y abandon\u00f3, acompa\u00f1ada por otras v\u00edctimas, la tribuna de invitados durante la intervenci\u00f3n del jefe del Consell trazando con sus brazos un gesto indignado de despedida al tiempo que de negaci\u00f3n de las palabras del president. Los medios de comunicaci\u00f3n y la oposici\u00f3n la siguieron.<\/p>\n<p class=\"\">\u201cHemos dado un paso m\u00e1s: del maltrato institucional a lo que consideramos violencia institucional\u201d, explica un d\u00eda despu\u00e9s por tel\u00e9fono. \u201cMaz\u00f3n llevaba hablando muchas horas [siete horas y veinte minutos] de muchas cosas y cuando empez\u00f3 a hablar de las asociaciones y de las v\u00edctimas, dijo que muchas de ellas tienen miedo de reunirse con \u00e9l porque las amedrentamos. Luego insisti\u00f3 en que siempre nos tiende la mano. En fin, cuando continu\u00f3 con esa retah\u00edla de mentiras, porque no puede ser m\u00e1s falso, nos marchamos\u201d. <\/p>\n<p class=\"\">Rosa quiere dejar bien claro que en la asociaci\u00f3n hay \u201cvotantes del PSPV, de Vox, de Comprom\u00eds, de Podem, de Sumar, del PP&#8230; \u201d. \u201cIncluso dentro de una misma familia hay hermanos de distinto signo pol\u00edtico\u201d, apostilla. \u201cPero coincidimos en el dolor, en reclamar explicaciones y responsabilidades y en que el m\u00e1ximo responsable de la gesti\u00f3n de la tragedia es el jefe del Consell. Si hubiera habido otra persona, estar\u00edamos diciendo lo mismo. Es m\u00e1s, dir\u00eda que las personas que le votaron est\u00e1n a\u00fan m\u00e1s indignadas\u201d, sostiene. <\/p>\n<p class=\"\">\u201cNo tenemos ning\u00fan problema con el PP, pero s\u00ed con Maz\u00f3n\u201d, puntualiza. \u201cHablamos con Esteban Gonz\u00e1lez Pons [eurodiputado y dirigente popular], que nos ha mostrado proximidad y empat\u00eda y que nos pidi\u00f3 perd\u00f3n en nombre propio. Nos hemos reunido con Ursula von der Leyen [presidenta de la Comisi\u00f3n Europea, del grupo popular] y con otros dirigentes. No representamos a ning\u00fan partido\u201d.<\/p>\n<p class=\"\">Considera que la gesti\u00f3n de la Generalitat fue \u201cnegligente y nefasta\u201d. \u201cNo hubo anticipaci\u00f3n\u201d, argumenta. \u201cEl Cecopi [\u00f3rgano que coordin\u00f3 la emergencia que se reuni\u00f3 a partir de las 17 horas del 29 de octubre] se ten\u00eda que haber convocado antes, con 48 horas de antelaci\u00f3n, como en la dana de la Vega Baja de 2019. La alerta se envi\u00f3 muy tarde y muy mal, como dice la jueza. Con otra gesti\u00f3n, se habr\u00edan salvado vidas\u201d. <\/p>\n<p class=\"\">\u201cA pesar de todo esto, Maz\u00f3n dice que ellos s\u00ed se toman en serio las emergencias\u201d, a\u00f1ade en tono perplejo. Lo hizo el pasado 12 de septiembre, el d\u00eda en que se cumpl\u00edan seis a\u00f1os de la dana que afect\u00f3 la citada comarca alicantina. Estas palabras del discurso del president en el acto de inicio del curso pol\u00edtico del PP en Benidorm provocaron que las v\u00edctimas decidieran la pasada semana dar plant\u00f3n al consejero de Medio Ambiente, Infraestructuras y Territorio, Vicente Mart\u00ednez Mus. \u201cNo es plant\u00f3n a las instituciones, sino al Gobierno de Maz\u00f3n\u201d, aclara la tambi\u00e9n portavoz de la asociaci\u00f3n que pide desde hace meses la dimisi\u00f3n del jefe del Consell y su imputaci\u00f3n. <\/p>\n<p class=\"\">\u201cEn la junta de la asociaci\u00f3n reflexionamos y decimos que hay dos personas y media investigadas\u201d, indica en referencia a la exconsejera de Interior, Salom\u00e9 Pradas, y al exsecretario auton\u00f3mico de Emergencias, Emilio Arg\u00fceso. Con la media alude a Maz\u00f3n, que ha sido invitado tres veces por la jueza a testificar en compa\u00f1\u00eda de su abogado. \u201cSi no fuera aforado, estar\u00eda investigado\u201d, concluye. <\/p>\n<p class=\"\">La vida de Rosa ha experimentado un cambio radical desde la muerte de su padre, que considera un homicidio por negligencia. \u201cNo lo voy a olvidar, ni a perdonar, ni a dejarlo pasar. Es el legado de mi padre\u201d, afirma. Dice que solo ha sido consciente de su nueva proyecci\u00f3n p\u00fablica, de su presencia en los medios de comunicaci\u00f3n, cuando empez\u00f3 a ver \u201cbulos\u201d en las redes sociales sobre ella. Se lleg\u00f3 a decir que, en realidad, no era v\u00edctima de ning\u00fan fallecido \u2014\u201ceso s\u00ed que me doli\u00f3\u201d, apostilla\u2014 o que militaba o estaba \u201cvendida\u201d a este y a otro partido de izquierdas&#8230; Tambi\u00e9n su hija, de 21 a\u00f1os, fue objeto de insultos en las redes cuando encabez\u00f3 una manifestaci\u00f3n. \u201cTodo eso consta en la testifical ante la jueza\u201d, se\u00f1ala Rosa, antes de advertir de que debe dejar la conversaci\u00f3n para entrar en la tercera reuni\u00f3n del d\u00eda en Bruselas.<\/p>\n<p class=\"\">Este jueves, Rosa y la portavoz de la Associaci\u00f3 de V\u00edctimes Dana 29 d\u2019Octubre de 2024 comparecen ante la comisi\u00f3n de peticiones del Parlamento Europeo. Quieren que se abra una investigaci\u00f3n exhaustiva y rigurosa para analizar lo que sucedi\u00f3 en el d\u00eda de las fat\u00eddicas inundaciones y las dos jornadas anteriores y posteriores, y si se cumplieron y aplicaron o no las directivas europeas. <\/p>\n","protected":false},"excerpt":{"rendered":"El padre de Rosa \u00c1lvarez, Manuel, ten\u00eda \u201c80 espl\u00e9ndidos a\u00f1os\u201d cuando una tromba de agua y barro acab\u00f3&hellip;\n","protected":false},"author":2,"featured_media":137144,"comment_status":"","ping_status":"","sticky":false,"template":"","format":"standard","meta":{"footnotes":""},"categories":[8],"tags":[17,18,2317,2007,242,1681,25,24,29618,13,14,238,11,4274,19,20,9,10,15,16,6939,43269,23,12,21,22],"class_list":{"0":"post-137143","1":"post","2":"type-post","3":"status-publish","4":"format-standard","5":"has-post-thumbnail","7":"category-espana","8":"tag-breaking-news","9":"tag-breakingnews","10":"tag-bruselas","11":"tag-carlos-mazon","12":"tag-comunidad-valenciana","13":"tag-dana","14":"tag-es","15":"tag-espana","16":"tag-esteban-gonzalez-pons","17":"tag-featured-news","18":"tag-featurednews","19":"tag-generalitat-valenciana","20":"tag-headlines","21":"tag-inundaciones-dana-octubre-2024","22":"tag-latest-news","23":"tag-latestnews","24":"tag-news","25":"tag-noticias","26":"tag-noticias-destacadas","27":"tag-noticiasdestacadas","28":"tag-parlamento-europeo","29":"tag-pp-clm","30":"tag-spain","31":"tag-titulares","32":"tag-ultimas-noticias","33":"tag-ultimasnoticias"},"share_on_mastodon":{"url":"","error":""},"_links":{"self":[{"href":"https:\/\/www.europesays.com\/es\/wp-json\/wp\/v2\/posts\/137143","targetHints":{"allow":["GET"]}}],"collection":[{"href":"https:\/\/www.europesays.com\/es\/wp-json\/wp\/v2\/posts"}],"about":[{"href":"https:\/\/www.europesays.com\/es\/wp-json\/wp\/v2\/types\/post"}],"author":[{"embeddable":true,"href":"https:\/\/www.europesays.com\/es\/wp-json\/wp\/v2\/users\/2"}],"replies":[{"embeddable":true,"href":"https:\/\/www.europesays.com\/es\/wp-json\/wp\/v2\/comments?post=137143"}],"version-history":[{"count":0,"href":"https:\/\/www.europesays.com\/es\/wp-json\/wp\/v2\/posts\/137143\/revisions"}],"wp:featuredmedia":[{"embeddable":true,"href":"https:\/\/www.europesays.com\/es\/wp-json\/wp\/v2\/media\/137144"}],"wp:attachment":[{"href":"https:\/\/www.europesays.com\/es\/wp-json\/wp\/v2\/media?parent=137143"}],"wp:term":[{"taxonomy":"category","embeddable":true,"href":"https:\/\/www.europesays.com\/es\/wp-json\/wp\/v2\/categories?post=137143"},{"taxonomy":"post_tag","embeddable":true,"href":"https:\/\/www.europesays.com\/es\/wp-json\/wp\/v2\/tags?post=137143"}],"curies":[{"name":"wp","href":"https:\/\/api.w.org\/{rel}","templated":true}]}}