{"id":137184,"date":"2025-09-25T04:23:06","date_gmt":"2025-09-25T04:23:06","guid":{"rendered":"https:\/\/www.europesays.com\/es\/137184\/"},"modified":"2025-09-25T04:23:06","modified_gmt":"2025-09-25T04:23:06","slug":"para-checo-lo-mas-importante-es-donde-terminara-cadillac-el-norte","status":"publish","type":"post","link":"https:\/\/www.europesays.com\/es\/137184\/","title":{"rendered":"Para Checo lo m\u00e1s importante es d\u00f3nde terminar\u00e1 Cadillac &#8211; El Norte"},"content":{"rendered":"<ol>\n<li><a href=\"https:\/\/news.google.com\/rss\/articles\/CBMiwgJBVV95cUxQaTg2R2ZnTDdQSmx6Umd4UU9JSTJTeGlpdUM3bFVwNTQwSjE1SUhEWVl4aVE3dlBZQ0d3S3l2LVVIM2R2TV9KSWFQbW40UkpiNUpkdmdFaEgzM281aTdDbm1LSi1qT3JUcnJpVV9DTU1wdTVsNEkwekJ3VVZERm40a3YyMk1TR3B3MVhtQ0FxTjlmQnpKZWtMLUxhalNuRlFrNTdsYjQ5VWNhbUctMFh6enNsRjBwS2VXM3Q0WjJaNFR3Zy1sY2Fod0Y2Y0loS1lBSjdpWjMxYTFhemR6cG1yNXAxX0wzQU5nZzJqNWFUTUVkZk14NlZmYmpPWEJtTVJUOVBfRmVHam9pTFhVRC16WkhqcTJpWE1tZ21GMGg4Y2pIVHIwYnZscjBjbU1iNkd3VWZ4dE9vSGhxM2NPakp1dUJB?oc=5\" target=\"_blank\" rel=\"nofollow noopener\">Para Checo lo m\u00e1s importante es d\u00f3nde terminar\u00e1 Cadillac<\/a>&nbsp;&nbsp;El Norte<\/li>\n<li><a href=\"https:\/\/news.google.com\/rss\/articles\/CBMirgFBVV95cUxPZE44VTFrcTdtSzZWWXRRT1hTaEJNRTJJZXhKcGxNdk1URW5saV9DVnFaeEtNa19aUFJ5X241elJTWWNqcjlBNTU1cXV4TXlkTXR2Z3hmeW1XdnpMOXVmYkk2QlczTllYY2lYRE56M3ZJOGlmVDJlbGtRNHFvaDkwdDVGdHNZR3gwRmtzLXZpYmFlMEk5dXFfTTBHbTJXWVlFS0NSQU5GZFJNQjNwSkHSAbMBQVVfeXFMTVd2X2ZBX0FMMzhOYzFVanp5YVhYT1ZfOVpKbWtyNHllVV9TR2NRVzdTbnEzT2U4d2h4TFg5TVNmWE5UZFMwalZJZmY0ajAxMmxicUIweTc5RVd5QVhvdnJKYkNCN0FyQU9wRGlVVURiUmhkRC1LY0Uxd2pxemNiZm83azFRVlRoS3gzeEN5SUdJR3pnZVFpR3VhVWFJaHNJcE4zX25URGs0THBOUHBZTm9hcTg?oc=5\" target=\"_blank\" rel=\"nofollow noopener\">P\u00e9rez quiere \u00abprogresar\u00bb con Cadillac: \u00abUn trofeo m\u00e1s o uno menos es irrelevante\u00bb<\/a>&nbsp;&nbsp;SoyMotor.com<\/li>\n<li><a href=\"https:\/\/news.google.com\/rss\/articles\/CBMiiAFBVV95cUxPQ1c5VTIzTjU0NW9oYXlUQ1VhSk91NXRscEVjTjhpcURfeGtqOWJ0aGpyWFdEelU2NGdSRTFaNnVDOHd1eTNoY0ZMYzZFbEFMUWNVSTYwQm85Q2J3djd4eWdFSlFDMU5FRmZBZjJRWEM2dGpwMGpNTFZyM0lUNGJ1MTZoNHU5YXJF0gGIAUFVX3lxTFBFRmFZeTA0OVlfUF9DajA0d09uaWdLYlY2OFBlNEF5S3lHQnhQTGlJNVRqcklnZGloalh6aExOdUhtV0dUZ20xaXZHb3prVi15ekhMTnhNMFI4bWN4MktFT0NpYkk5MXpDQXk4QTJ1U3o3dTR2emhMRWU0YVhpSkdZTlV4Q0ZCZHQ?oc=5\" target=\"_blank\" rel=\"nofollow noopener\">Checo P\u00e9rez saca su lado m\u00e1s &#8216;god\u00edn&#8217; para motivar a trabajadores de Cadillac F1<\/a>&nbsp;&nbsp;MARCA<\/li>\n<li><a href=\"https:\/\/news.google.com\/rss\/articles\/CBMinwFBVV95cUxNa2dqUU4yeTJxWFNyUHFEdVFVWnNnUXhGYktTdXo5Tm0tNjN4TGRvcWtHUUR3Tk0wWWY2VG1iSmttd3ZSdFRmeU12NXNFa1JtS1JIU0dEX09mcDZ2MU1GWDRIQjlEVjNlcU1qbGhaQVZGc0p2Z28wQmJzdXRORHJweVNhVERya3lXNk1wV1QtanpNa2x0WHhnYm9heGZ4Y3M?oc=5\" target=\"_blank\" rel=\"nofollow noopener\">Legado que contin\u00faa, \u201cCheco\u201d y su historia en la F1<\/a>&nbsp;&nbsp;Yo Influyo<\/li>\n<li><a href=\"https:\/\/news.google.com\/rss\/articles\/CBMinAFBVV95cUxQZHdGZDJKaFhhVWZ0dXpVSURlUzd3TEM3dlRSMkxwbVFjMWpxeHVzeGNvYmwwV3liNXotMlZCZ3Bwc29yb3lpbmI1MjZUaWFZQ1oxZ21MekVDcFNlMDRRMElhdU9sN1AyNzZlbDd6OVZTd3Qxdy1vcVF0Z0lOajFId2U1cUdLdDVrdjlWS2E4bWxrWkFkREVhSXBVQXA?oc=5\" target=\"_blank\" rel=\"nofollow noopener\">Cadillac Team F\u00f3rmula 1: As\u00ed luce la credencial F1 de Sergio Checo P\u00e9rez<\/a>&nbsp;&nbsp;Revista Merca2.0<\/li>\n<\/ol>\n","protected":false},"excerpt":{"rendered":"Para Checo lo m\u00e1s importante es d\u00f3nde terminar\u00e1 Cadillac&nbsp;&nbsp;El Norte P\u00e9rez quiere \u00abprogresar\u00bb con Cadillac: \u00abUn trofeo m\u00e1s&hellip;\n","protected":false},"author":2,"featured_media":137185,"comment_status":"","ping_status":"","sticky":false,"template":"","format":"standard","meta":{"footnotes":""},"categories":[270],"tags":[5331,1679,8882,168,25,24,306,271,3603,272,43279,11007,23,167,18464],"class_list":{"0":"post-137184","1":"post","2":"type-post","3":"status-publish","4":"format-standard","5":"has-post-thumbnail","7":"category-formula-1","8":"tag-cadillac","9":"tag-cancha","10":"tag-checo","11":"tag-deportes","12":"tag-es","13":"tag-espana","14":"tag-f1","15":"tag-formula-1","16":"tag-formula-uno","17":"tag-formula1","18":"tag-piloto-mexicano","19":"tag-sergio-perez","20":"tag-spain","21":"tag-sports","22":"tag-temporada-2026"},"share_on_mastodon":{"url":"","error":""},"_links":{"self":[{"href":"https:\/\/www.europesays.com\/es\/wp-json\/wp\/v2\/posts\/137184","targetHints":{"allow":["GET"]}}],"collection":[{"href":"https:\/\/www.europesays.com\/es\/wp-json\/wp\/v2\/posts"}],"about":[{"href":"https:\/\/www.europesays.com\/es\/wp-json\/wp\/v2\/types\/post"}],"author":[{"embeddable":true,"href":"https:\/\/www.europesays.com\/es\/wp-json\/wp\/v2\/users\/2"}],"replies":[{"embeddable":true,"href":"https:\/\/www.europesays.com\/es\/wp-json\/wp\/v2\/comments?post=137184"}],"version-history":[{"count":0,"href":"https:\/\/www.europesays.com\/es\/wp-json\/wp\/v2\/posts\/137184\/revisions"}],"wp:featuredmedia":[{"embeddable":true,"href":"https:\/\/www.europesays.com\/es\/wp-json\/wp\/v2\/media\/137185"}],"wp:attachment":[{"href":"https:\/\/www.europesays.com\/es\/wp-json\/wp\/v2\/media?parent=137184"}],"wp:term":[{"taxonomy":"category","embeddable":true,"href":"https:\/\/www.europesays.com\/es\/wp-json\/wp\/v2\/categories?post=137184"},{"taxonomy":"post_tag","embeddable":true,"href":"https:\/\/www.europesays.com\/es\/wp-json\/wp\/v2\/tags?post=137184"}],"curies":[{"name":"wp","href":"https:\/\/api.w.org\/{rel}","templated":true}]}}