{"id":137200,"date":"2025-09-25T04:34:08","date_gmt":"2025-09-25T04:34:08","guid":{"rendered":"https:\/\/www.europesays.com\/es\/137200\/"},"modified":"2025-09-25T04:34:08","modified_gmt":"2025-09-25T04:34:08","slug":"borja-jimenez-borra-la-desilusion-de-morante-en-logrono","status":"publish","type":"post","link":"https:\/\/www.europesays.com\/es\/137200\/","title":{"rendered":"Borja Jim\u00e9nez borra la desilusi\u00f3n de Morante en Logro\u00f1o"},"content":{"rendered":"<p style=\"\">Tanto mosqueo hab\u00eda por la repentina ca\u00edda del <a href=\"https:\/\/www.abc.es\/cultura\/toros\/urdiales-palacio-20250923130151-nt.html\" target=\"_self\" data-voc-vtm-id=\"in-text-traffic\" title=\"cartel\" rel=\"nofollow noopener\">cartel<\/a> de Roca Rey el d\u00eda anterior que los tendidos agradecieron que Morante no tomara el mismo camino. Respiraron hondo cuando lo vieron pisar la arena y le tributaron una ovaci\u00f3n de gala al romper el  &#8230; pase\u00edllo, que el de<a href=\"https:\/\/www.abc.es\/cultura\/toros\/huracan-ventura-conquista-territorio-hermoso-20250922232553-nt.html\" target=\"_self\" data-voc-vtm-id=\"in-text-traffic\" title=\" La Puebla\" rel=\"nofollow noopener\"> La Puebla<\/a> comparti\u00f3 con sus compa\u00f1eros. <\/p>\n<p class=\"voc-p\" style=\"\">Tanto lo esperaban que unos capotazos de tanteo para recibir al distra\u00eddo primero ya desataron siseos y pitidos de desilusi\u00f3n. Lo quieren todo, y ya. Y con <a href=\"https:\/\/www.abc.es\/cultura\/toros\/domingo-toros-salamanca-20250921154646-nt.html\" target=\"_self\" data-voc-vtm-id=\"in-text-traffic\" title=\"Morante,\" rel=\"nofollow noopener\">Morante,<\/a> las prisas\u2026 Despu\u00e9s, el de Garcigrande lejos de mejorar acab\u00f3 acobardado y remiso a tomar la muleta del sevillano en una faena que no existi\u00f3, que no dio pie ni a la imaginaci\u00f3n.<\/p>\n<p class=\"voc-p\" style=\"\">Y la misma desilusi\u00f3n se apoder\u00f3 de las gradas con el cuarto, al que cost\u00f3 fijarlo. Tras carreras y carreras, pasando de largo de Morante, Juan Jos\u00e9 Dom\u00ednguez lo recogi\u00f3 llev\u00e1ndolo largo y templado. Tambi\u00e9n en el capote de Curro Javier, pero en el del matador, no. Cosas del arte que impacientaron a los logro\u00f1eses, que ve\u00edan que se esfumaba la segunda oportunidad de ver a quien en ese momento parec\u00eda m\u00e1s inhibido que otra cosa. El toro ten\u00eda calidad, y eso anim\u00f3 a Morante a ponerse por la derecha y ajustar dos muletazos como una caricia, llev\u00e1ndolo muy por las afueras. <\/p>\n<p class=\"voc-p\" style=\"\">En la siguiente, m\u00e1s metido, el toro lo trompica y cae en la arena quedando a merced. Afortunadamente no hace por \u00e9l, porque a Morante le cuesta lo suyo incorporarse. A partir de ah\u00ed surgen fogonazos del mejor corte que se reciben con tantas ganas como con la desilusi\u00f3n ya general de una faena que se queda en eso, en apuntes de los que se imagina el final m\u00e1s que se ve. Con el toro ya al l\u00edmite, sin gas pero con bondad, a\u00fan le permiti\u00f3 dos naturales con el sello \u2018made in\u2019 Morante.<\/p>\n<p class=\"voc-p\" style=\"\">Ah\u00ed se acabaron todas las ganas que se ten\u00edan de ver al sevillano y casi ah\u00ed acab\u00f3 la corrida, marcada de principio a fin por los toros de Garcigrande. Bien presentados y con nobil\u00edsimas embestidas, pero tan febles, tan justas de raza, que hicieron que la tarde discurriera por caminos ins\u00edpidos. As\u00ed hasta que salt\u00f3 el sexto, el m\u00e1s pesado con casi seiscientos kilos, y el m\u00e1s entero en su fortaleza. Era la \u00faltima oportunidad de romper la procesi\u00f3n del silencio en que se hab\u00eda convertido el festejo. Y Borja Jim\u00e9nez lo vio claro desde el recibo con encorajinadas ver\u00f3nicas. Quit\u00f3 muy metido siempre con el toro y as\u00ed comenz\u00f3 la faena de muleta con una explosi\u00f3n de pases cambiados por la espalda, que levantaron los tendidos. Se faj\u00f3 con el de Garcigrande por el pit\u00f3n derecho, pero lo mejor de la faena, y del final de feria matea, lleg\u00f3 con la mano izquierda. Ah\u00ed se bati\u00f3 el cobre Borja. Se lo pas\u00f3 muy cerca en unos naturales de buen trazo, largura y temple, con el toro siempre muy metido en la muleta. La faena fue siempre a m\u00e1s y el final con alardes de valor acab\u00f3 con crear un ambiente apasionado que se increment\u00f3 con la estocada de efecto fulminante. Le pidieron con fuerza las dos orejas, y feliz puso el punto final a una tarde complicada por anodina.<\/p>\n<ul class=\"voc-list\">\n<li class=\"voc-list__item\">\n<strong>Coso de la Ribera.<\/strong><br \/>\nMi\u00e9rcoles, 24 de septiembre de 2025. \u00daltima corrida. Tres cuartos de entrada. Toros de Garcigrande, bien presentados, nobles y al l\u00edmite de casta y fuerza; destac\u00f3 el 6\u00ba.\n<\/li>\n<li class=\"voc-list__item\">\n<strong>Morante de la Puebla,<\/strong><br \/>\nde turquesa y blanco: estocada desprendida (silencio); media y dos descabellos (silencio tras aviso).\n<\/li>\n<li class=\"voc-list__item\">\n<strong>Alejandro Talavante,<\/strong><br \/>\nde plomo y oro: pinchazo y estocada (silencio); pinchazo y estocada (silencio).\n<\/li>\n<li class=\"voc-list__item\">\n<strong>Borja Jim\u00e9nez,<\/strong><br \/>\nde rioja y oro: dos pinchazos y estocada (aplausos); estocada (dos orejas). Sale a hombros.\n<\/li>\n<\/ul>\n<p class=\"voc-p\" style=\"\">En ese tono un tanto gris anduvo Alejandro Talavante con el segundo, que humillaba con bondad. Ah\u00ed surgieron muletazos a derechas e izquierdas. Todo muy despegado, deslavazado trasteo que no convenci\u00f3 a nadie. Ligerito el extreme\u00f1o, que quiso m\u00e1s con el quinto. Bueno tambi\u00e9n, y en el mismo tono de ir apag\u00e1ndose de los garcigrandes. Comenz\u00f3 el \u00faltimo tercio de rodillas, y sobresali\u00f3 una serie a derechas, la planta erguida y la muleta templada. A partir de ah\u00ed quiso gustarse, se empe\u00f1\u00f3 en sacar faena, pero el pozo ten\u00eda poca agua. Demasiada insistencia. Temple s\u00ed, pero sin la m\u00ednima emoci\u00f3n, hasta el punto que los aficionados se fueron cansando y comenzaron a pitar y pedirle que acabara con aquello. Sin embargo, segu\u00eda y segu\u00eda en la cara. Hasta parec\u00eda que estaba disfrutando. La espada tampoco le acompa\u00f1\u00f3.<\/p>\n<p class=\"voc-p\" style=\"\">Tanto esperan los p\u00fablicos de Morante, que al m\u00ednimo rev\u00e9s un manto de decepci\u00f3n lo inunda todo, como si no hubiera ni un ma\u00f1ana ni m\u00e1s toreros. Menos mal, que al final hubo uno que no se dej\u00f3 caer en el des\u00e1nimo general y devolvi\u00f3 la emoci\u00f3n desaparecida.<\/p>\n","protected":false},"excerpt":{"rendered":"Tanto mosqueo hab\u00eda por la repentina ca\u00edda del cartel de Roca Rey el d\u00eda anterior que los tendidos&hellip;\n","protected":false},"author":2,"featured_media":137201,"comment_status":"","ping_status":"","sticky":false,"template":"","format":"standard","meta":{"footnotes":""},"categories":[91],"tags":[146,147,25,24,6173,780,23],"class_list":{"0":"post-137200","1":"post","2":"type-post","3":"status-publish","4":"format-standard","5":"has-post-thumbnail","7":"category-entretenimiento","8":"tag-entertainment","9":"tag-entretenimiento","10":"tag-es","11":"tag-espana","12":"tag-logrono","13":"tag-morante","14":"tag-spain"},"share_on_mastodon":{"url":"","error":""},"_links":{"self":[{"href":"https:\/\/www.europesays.com\/es\/wp-json\/wp\/v2\/posts\/137200","targetHints":{"allow":["GET"]}}],"collection":[{"href":"https:\/\/www.europesays.com\/es\/wp-json\/wp\/v2\/posts"}],"about":[{"href":"https:\/\/www.europesays.com\/es\/wp-json\/wp\/v2\/types\/post"}],"author":[{"embeddable":true,"href":"https:\/\/www.europesays.com\/es\/wp-json\/wp\/v2\/users\/2"}],"replies":[{"embeddable":true,"href":"https:\/\/www.europesays.com\/es\/wp-json\/wp\/v2\/comments?post=137200"}],"version-history":[{"count":0,"href":"https:\/\/www.europesays.com\/es\/wp-json\/wp\/v2\/posts\/137200\/revisions"}],"wp:featuredmedia":[{"embeddable":true,"href":"https:\/\/www.europesays.com\/es\/wp-json\/wp\/v2\/media\/137201"}],"wp:attachment":[{"href":"https:\/\/www.europesays.com\/es\/wp-json\/wp\/v2\/media?parent=137200"}],"wp:term":[{"taxonomy":"category","embeddable":true,"href":"https:\/\/www.europesays.com\/es\/wp-json\/wp\/v2\/categories?post=137200"},{"taxonomy":"post_tag","embeddable":true,"href":"https:\/\/www.europesays.com\/es\/wp-json\/wp\/v2\/tags?post=137200"}],"curies":[{"name":"wp","href":"https:\/\/api.w.org\/{rel}","templated":true}]}}