{"id":13721,"date":"2025-07-30T10:33:08","date_gmt":"2025-07-30T10:33:08","guid":{"rendered":"https:\/\/www.europesays.com\/es\/13721\/"},"modified":"2025-07-30T10:33:08","modified_gmt":"2025-07-30T10:33:08","slug":"si-no-se-dice-que-sanchez-es-un-cabron-aqui-no-se-deja-hablar","status":"publish","type":"post","link":"https:\/\/www.europesays.com\/es\/13721\/","title":{"rendered":"Si no se dice que S\u00e1nchez es un cabr\u00f3n, aqu\u00ed no se deja hablar"},"content":{"rendered":"<p class=\"article-text\">\n        <strong>Sarah Santaolalla<\/strong> protagoniz\u00f3 este martes un intenso rifirrafe con algunos de los tertulianos de <strong>En boca de todos<\/strong> (Cuatro) mientras se debat\u00eda sobre los c\u00e1nticos e insultos que se lanzan en la calle contra <strong>Pedro S\u00e1nchez<\/strong>. Ante la imposibilidad de expresar su opini\u00f3n \u2013se le interrump\u00eda constantemente\u2013 la analista critic\u00f3 que en dicho programa solo \u201cse deja hablar\u201d a quienes tienen una postura contraria al Gobierno.\n    <\/p>\n<p>    <a href=\"https:\/\/www.eldiario.es\/entrevistas\/pablo-chiapella-muestra-cara-presentador-rtve-interesa-gente-vea-amador-rivas-no-existe-la-que-se-avecina_1_12497262.html\" data-mrf-recirculation=\"saber-mas\" data-dl-event=\"saber-mas\" rel=\"nofollow noopener\" target=\"_blank\"><\/p>\n<p class=\"know-more__title\">Pablo Chiapella muestra su \u00abotra cara\u00bb como presentador en RTVE: \u00abMe interesa que la gente vea que Amador no existe\u00bb<\/p>\n<p>            <img decoding=\"async\" class=\"lazy\" loading=\"lazy\" data-src=\"https:\/\/static.eldiario.es\/clip\/6da682f4-22f6-4afc-9475-b1cbd75e5332_16-9-aspect-ratio_default_0.jpg\" src=\"data:image\/svg+xml,%3Csvg xmlns=\" http:=\"\" viewbox=\"0 0 880 495\" alt=\"Pablo Chiapella muestra su &quot;otra cara&quot; como presentador en RTVE: &quot;Me interesa que la gente vea que Amador no existe&quot;\"\/><\/p>\n<p>                        <\/a><\/p>\n<p class=\"article-text\">\n        Despu\u00e9s de que el abogado <strong>Joaqu\u00edn Moeckel<\/strong> confirmara que los c\u00e1nticos de <strong>\u201cPedro S\u00e1nchez hijo de puta\u201d<\/strong> no constituyen un delito \u2013aunque \u00e9l los \u201cdesaprueba de forma frontal\u201d y no cree que sean \u201ccorrectos\u201d\u2013, Santaolalla llam\u00f3 \u201cviolentos\u201d a los autores de estos insultos contra el presidente del Gobierno.\n    <\/p>\n<p class=\"article-text\">\n        <strong>\u201cEsto no es libertad de expresi\u00f3n, esto es libertad de agresi\u00f3n\u201d<\/strong>, sentenci\u00f3 la tertuliana, que no pudo terminar su argumentaci\u00f3n porque <strong>Patricia Cerezo<\/strong> le acus\u00f3 de tener doble rasero. Harta de las interrupciones, Santaolalla se rebel\u00f3 contra sus compa\u00f1eros.\n    <\/p>\n<p class=\"article-text\">\n        \u201cNo hablo, da igual, es que es imposible\u201d, se quej\u00f3 mientras Moeckel la llamaba \u201ccobarde\u201d y manten\u00eda un discurso paralelo al suyo. El presentador del programa, <strong>Nacho Abad<\/strong>, pidi\u00f3 al abogado que respetara el turno de palabra, pero a la famosa analista se le hab\u00eda acabado la paciencia: <strong>\u201cSi no se dice que este pa\u00eds es tercermundista, que todo es una basura, que la izquierda es lo peor y que S\u00e1nchez es un cabr\u00f3n, aqu\u00ed no se deja hablar\u201d<\/strong>, solt\u00f3 indignada. \u201cPues no, no est\u00e1 pasando eso, aqu\u00ed la econom\u00eda va como un tiro, este pa\u00eds funciona y hay que votar en las urnas. Basta ya de propaganda\u201d, a\u00f1adi\u00f3.\n    <\/p>\n<p class=\"article-text\">\n        Aprovechando que tras su queja se hizo el silencio en el plat\u00f3, Santaolalla remat\u00f3 su planteamiento: \u201cEsta gente son unos sinverg\u00fcenzas que insultan a un presidente del Gobierno y son unos maleducados. Ojal\u00e1 voten y se dejen de estas cosas. Y por cierto, en este pa\u00eds se encarcel\u00f3 a un rapero Pablo Has\u00e9l por hacer una canci\u00f3n contra la monarqu\u00eda y no os vi defender la libertad de expresi\u00f3n\u201d, les reproch\u00f3.\n    <\/p>\n<p>    <a href=\"https:\/\/www.eldiario.es\/vertele\/audiencias-tv\/martes-29-julio-2025-boca-logra-maximo-historico-cuatro-piramide-sigue-debil-minimo-1_1_12501888.html\" data-mrf-recirculation=\"saber-mas-abajo\" data-dl-event=\"saber-mas-abajo\" rel=\"nofollow noopener\" target=\"_blank\"><\/p>\n<p class=\"know-more__title\">&#8216;En boca de todos&#8217; (8.1%) logr\u00f3 su mejor dato de audiencia en Cuatro este martes 29 de julio<\/p>\n<p>            <img decoding=\"async\" class=\"lazy\" loading=\"lazy\" data-src=\"https:\/\/static.eldiario.es\/clip\/197764da-1e64-4222-abb5-3064299dc9e4_16-9-aspect-ratio_default_0.jpg\" src=\"data:image\/svg+xml,%3Csvg xmlns=\" http:=\"\" viewbox=\"0 0 880 495\" alt=\"'En boca de todos' (8.1%) logra m\u00e1ximo hist\u00f3rico en Cuatro y 'La Pir\u00e1mide' (5.7%) sigue d\u00e9bil tras su m\u00ednimo en La 1\"\/><\/p>\n<p>                        <\/a><\/p>\n<p class=\"article-text\">\n        Minutos despu\u00e9s de lo ocurrido, cuando el programa ya hab\u00eda terminado, Sarah Santaolalla extendi\u00f3 su cr\u00edtica en las redes sociales, donde dijo que \u201csi hablas mal de la izquierda, del gobierno, de la econom\u00eda y cuentas alg\u00fan que otro bulo puedes hablar todo lo que quieras. En cuanto das datos reales, defiendes ideas progresistas y no insultas al presidente te interrumpen constantemente. Agotador\u201d.\n    <\/p>\n<blockquote class=\"twitter-tweet\" data-lang=\"es\"><p><a href=\"https:\/\/twitter.com\/X\/status\/1950159138350043207?ref_src=twsrc%5Etfw\" rel=\"nofollow noopener\" target=\"_blank\"><\/p><\/blockquote>\n<p>                                    <script async src=\"https:\/\/platform.twitter.com\/widgets.js\" charset=\"utf-8\"><\/script><\/p>\n","protected":false},"excerpt":{"rendered":"Sarah Santaolalla protagoniz\u00f3 este martes un intenso rifirrafe con algunos de los tertulianos de En boca de todos&hellip;\n","protected":false},"author":2,"featured_media":13722,"comment_status":"","ping_status":"","sticky":false,"template":"","format":"standard","meta":{"footnotes":""},"categories":[171],"tags":[9261,9263,51,9262,146,147,25,24,9264,689,199,9260,9259,23,214],"class_list":{"0":"post-13721","1":"post","2":"type-post","3":"status-publish","4":"format-standard","5":"has-post-thumbnail","7":"category-tv","8":"tag-bronca","9":"tag-cabron","10":"tag-deja","11":"tag-en-boca-de-todos","12":"tag-entertainment","13":"tag-entretenimiento","14":"tag-es","15":"tag-espana","16":"tag-hablar","17":"tag-no","18":"tag-sanchez","19":"tag-santaolalla","20":"tag-sarah","21":"tag-spain","22":"tag-tv"},"share_on_mastodon":{"url":"","error":""},"_links":{"self":[{"href":"https:\/\/www.europesays.com\/es\/wp-json\/wp\/v2\/posts\/13721","targetHints":{"allow":["GET"]}}],"collection":[{"href":"https:\/\/www.europesays.com\/es\/wp-json\/wp\/v2\/posts"}],"about":[{"href":"https:\/\/www.europesays.com\/es\/wp-json\/wp\/v2\/types\/post"}],"author":[{"embeddable":true,"href":"https:\/\/www.europesays.com\/es\/wp-json\/wp\/v2\/users\/2"}],"replies":[{"embeddable":true,"href":"https:\/\/www.europesays.com\/es\/wp-json\/wp\/v2\/comments?post=13721"}],"version-history":[{"count":0,"href":"https:\/\/www.europesays.com\/es\/wp-json\/wp\/v2\/posts\/13721\/revisions"}],"wp:featuredmedia":[{"embeddable":true,"href":"https:\/\/www.europesays.com\/es\/wp-json\/wp\/v2\/media\/13722"}],"wp:attachment":[{"href":"https:\/\/www.europesays.com\/es\/wp-json\/wp\/v2\/media?parent=13721"}],"wp:term":[{"taxonomy":"category","embeddable":true,"href":"https:\/\/www.europesays.com\/es\/wp-json\/wp\/v2\/categories?post=13721"},{"taxonomy":"post_tag","embeddable":true,"href":"https:\/\/www.europesays.com\/es\/wp-json\/wp\/v2\/tags?post=13721"}],"curies":[{"name":"wp","href":"https:\/\/api.w.org\/{rel}","templated":true}]}}