{"id":137211,"date":"2025-09-25T04:45:16","date_gmt":"2025-09-25T04:45:16","guid":{"rendered":"https:\/\/www.europesays.com\/es\/137211\/"},"modified":"2025-09-25T04:45:16","modified_gmt":"2025-09-25T04:45:16","slug":"alejandra-neira-mundial-ciclismo-la-santiaguesa-alejandra-neira-supera-con-nota-la-crono-del-mundial-de-ruanda","status":"publish","type":"post","link":"https:\/\/www.europesays.com\/es\/137211\/","title":{"rendered":"ALEJANDRA NEIRA MUNDIAL CICLISMO | La santiaguesa Alejandra Neira supera con nota la crono del Mundial de Ruanda"},"content":{"rendered":"<p class=\"ft-text\">La navarra <strong>Paula Ostiz<\/strong> consigui\u00f3 la primera medalla para la delegaci\u00f3n espa\u00f1ola en el<strong> Campeonato del Mundo de <\/strong><a class=\"ft-link ft-link--decoration\" href=\"https:\/\/www.elcorreogallego.es\/tags\/ciclismo\/\" target=\"_blank\" rel=\"nofollow noopener\"><strong>Ciclismo<\/strong><\/a> que se celebra en Ruanda. La joven corredora solo fue superada en la contra reloj junior <strong>por la neerlandesa Arens Megan<\/strong> que necesito 35 segundos menos para cubrir los 22,6 kil\u00f3metros de recorrido que en su ecuador contaba con la subida a la Cote de Nyanza (2,5 kil\u00f3metros al 5,8% de pendiente media), adem\u00e1s de con el muro empedrado de la Cote de Kimihurura.<\/p>\n<p class=\"ft-text\">La expedici\u00f3n espa\u00f1ola en esta prueba se completaba<strong> <\/strong><a class=\"ft-link ft-link--decoration\" href=\"https:\/\/www.elcorreogallego.es\/deportes\/2025\/06\/27\/santiaguesa-alejandra-neira-proclama-campeona-119138490.html\" target=\"_blank\" rel=\"nofollow noopener\"><strong>con la santiaguesa Alejandra Neira<\/strong><\/a>, que finalmente se tuvo que conformar con la <strong>d\u00e9cimo s\u00e9ptima plaza<\/strong> , aunque a solo 24 segundos de la octava posici\u00f3n de la clasificaci\u00f3n final, lo que demuestra la igualdad existente. <strong>Junior de primer a\u00f1o<\/strong> con solo 17 a\u00f1os, bien pudo situarse en alguna de las diez primeras posiciones, lo que supondr\u00eda una excelente actuaci\u00f3n para una joven nacida <strong>en el Club Ciclista Compostelano<\/strong> y que tiene como sue\u00f1os participar en unos <a class=\"ft-link ft-link--decoration\" href=\"https:\/\/www.elcorreogallego.es\/tags\/juegos-olimpicos\/\" target=\"_blank\" rel=\"nofollow noopener\"><strong>Juegos Ol\u00edmpicos<\/strong><\/a> y en un <a class=\"ft-link ft-link--decoration\" href=\"https:\/\/www.elcorreogallego.es\/tags\/tour-de-francia\/\" target=\"_blank\" rel=\"nofollow noopener\"><strong>Tour de Francia<\/strong><\/a>.<\/p>\n<p><img decoding=\"async\" src=\"https:\/\/www.europesays.com\/es\/wp-content\/uploads\/2025\/09\/caec8f3d-8cc6-40e5-8fa3-f334db7258aa_alta-libre-aspect-ratio_default_0.jpg\" width=\"1200\" height=\"2062\" alt=\"Alejandra Neira y Paula Ostiz se abrazan tras la prueba.\" class=\"ft-helper-img-rd\" loading=\"lazy\" hasdataaida=\"true\"\/><\/p>\n<p class=\"ft-helper-fontColor-quaternary ft-helper-fontSize-body-S ft-helper-spacer-t-xxs\">Alejandra Neira y Paula Ostiz se abrazan tras la prueba.  \/ RFECiclismo<\/p>\n<p class=\"ft-text\">Fue precisamente Alejandra Neira la primera espa\u00f1ola que se enfrent\u00f3 al exigente recorrido. La ciclista del <strong>Caf\u00e9s Baqu\u00e9<\/strong> registraba en el punto intermedio el s\u00e9ptimo mejor tiempo provisional con <strong>17:52<\/strong>. Pero no se rindi\u00f3. Sigui\u00f3 pedaleando con soltura pese a saber que estaba lejos de las mejores. En la l\u00ednea de meta finalizar\u00eda en esa s\u00e9ptima posici\u00f3n <strong>con un tiempo de 27:45<\/strong> y a falta de que las grandes favoritas se enfrentaran al asfalto ruand\u00e9s, entre ellas la gran opci\u00f3n de la delegaci\u00f3n espa\u00f1ola, la navarra Paula Ostiz.<\/p>\n<p class=\"ft-text\">El <strong>Mundial Contrarreloj J\u00fanior Femenino de Kigali<\/strong> dar\u00eda la primera alegr\u00eda a Espa\u00f1a <strong>de la mano precisamente de la ciclista navarra<\/strong>. Con apenas 18 a\u00f1os, la corredora del Movistar se colg\u00f3 la medalla de plata, confirmando las expectativas que la se\u00f1alaban como<strong> una de las grandes promesas del pelot\u00f3n nacional<\/strong>. Este nuevo \u00e9xito internacional se une al ya destacado palmar\u00e9s de la espa\u00f1ola, en el que figuran <strong>un t\u00edtulo europeo contrarreloj y el subcampeonato del mundo en ruta <\/strong>cosechado el pasado a\u00f1o en la prueba celebrada en Z\u00farich.<\/p>\n<p class=\"ft-text\">La campeona fue la neerlandesa <strong>Megan Arens (Grouwels-Watersley)<\/strong>, que detuvo el crono en <strong>25 minutos y 47 segundos<\/strong>, siendo la \u00fanica en bajar de la barrera de los 26 minutos. Su registro le permiti\u00f3 superar en 35 segundos a Ostiz, que firm\u00f3 una actuaci\u00f3n sobresaliente <strong>en un recorrido exigente de 18,3 kil\u00f3metros marcado por la ascensi\u00f3n final a la adoquinada Cote de Kimihurura<\/strong>, punto decisivo de la jornada. La noruega <strong>Ode Aune Gissinger<\/strong> complet\u00f3 el podio con el bronce, mientras que la brit\u00e1nica Boothman se qued\u00f3 a las puertas de la medalla tras perder terreno en los \u00faltimos kil\u00f3metros.<\/p>\n<p><img decoding=\"async\" src=\"https:\/\/www.europesays.com\/es\/wp-content\/uploads\/2025\/09\/26047e05-65fa-466c-99a2-b420c9d95ea9_alta-libre-aspect-ratio_default_0.jpg\" width=\"1200\" height=\"800\" alt=\"Paula Ostiz, y Oda Aune Gissinger completaron el podio.\" class=\"ft-helper-img-rd\" loading=\"lazy\" hasdataaida=\"true\"\/><\/p>\n<p class=\"ft-helper-fontColor-quaternary ft-helper-fontSize-body-S ft-helper-spacer-t-xxs\">Paula Ostiz, Megan Arens y Oda Aune Gissinger completaron el podio.  \/ AP<\/p>\n<p class=\"ft-text\">El desarrollo de la prueba estuvo cargado de emoci\u00f3n: en el \u00fanico punto intermedio de cronometraje, <strong>Ostiz marcaba el cuarto mejor tiempo<\/strong> (17:17), apenas tres segundos por detr\u00e1s de Arens, lo que anticipaba una lucha cerrada hasta la meta. La navarra dosific\u00f3 fuerzas con inteligencia y protagoniz\u00f3 una remontada final <strong>que le permiti\u00f3 superar a Gissinger y Boothman.<\/strong><\/p>\n<p class=\"ft-text\">En el arranque de la prueba, la chilena <strong>Marlen Rojas<\/strong> hab\u00eda fijado una primera referencia con 27:28, pero pronto qued\u00f3 superada por Gissinger (26:24). Solo las dos grandes favoritas, Arens y Ostiz, <strong>lograron mejorar ese registro <\/strong>y subirse al podio.<\/p>\n<p class=\"ft-text\">El resultado de Ostiz <strong>confirma el buen momento del ciclismo femenino espa\u00f1ol <\/strong>en categor\u00edas inferiores y abre la puerta a so\u00f1ar con un futuro en el que pueda consolidarse en la \u00e9lite.<\/p>\n<p>Benjam\u00edn Noval roz\u00f3 el Top-10<\/p>\n<p class=\"ft-text\">El asturiano <strong>Benjam\u00edn Noval<\/strong>, j\u00fanior de primer a\u00f1o, ha completado una gran contrarreloj en su primer Mundial. Con solo 16 a\u00f1os, Noval se ha destacado entre los mejores especialistas del mundo, qued\u00e1ndose <strong>a solo tres segundos del acceso a los diez mejores<\/strong> que ha marcado el australiano Goold. Noval, a pesar de no encontrar sus mejores sensaciones como destacaba despu\u00e9s, ha concluido a solo 55 segundos del ganador,<strong> el neerland\u00e9s Mouris.<\/strong><\/p>\n<p class=\"ft-text\"><strong>E\u00f1aut Urkaregi<\/strong>, subcampe\u00f3n del mundo de persecuci\u00f3n individual, no ha encontrado su mejor nivel y<strong> ha terminado en la 28\u00aa plaza a 2 minutos y 22 segundos del nuevo campe\u00f3n del mundo<\/strong>. \u00abNo fueron las mejores sensaciones, pero creo que es un resultado bastante bueno\u00bb, comentaba al t\u00e9rmino de la prueba Noval.<\/p>\n<p>El gallego Carlos Canal espera en Navacerrada<\/p>\n<p class=\"ft-text\">El gallego Carlos Canal se encuentra con la selecci\u00f3n espa\u00f1ola \u00e9lite masculina de carretera en Navacerrada, en donde ultima su preparaci\u00f3n para la prueba en l\u00ednea del Campeonato del Mundo de Kigali. El limiano, junto a Juan Ayuso, Roger Adri\u00e1, Marc Soler, Carlos Verona y Abel Balderstone est\u00e1 concentrado bajo la direcci\u00f3n del seleccionador nacional Alejandro Valverde, desde el lunes en el pueblo de Navacerrada, a algo m\u00e1s de 1.200 metros de altitud, con la meta de realizar buenos entrenamientos conjuntos antes de viajar hoy a Ruanda, donde ya se encuentran Iv\u00e1n Romeo y Ra\u00fal Garc\u00eda Pierna. La prueba en l\u00ednea \u00e9lite masculina, que se disputar\u00e1 el domingo, ser\u00e1 como es costumbre el colof\u00f3n del Campeonato del Mundo. En Kigali se vivir\u00e1, adem\u00e1s de una cita hist\u00f3rica por ser el primer Mundial que se celebra en suelo africano, uno de los Mundiales m\u00e1s duros que jam\u00e1s se han celebrado. Aguarda un brutal recorrido de 267,5 kil\u00f3metros y 5.475 metros de desnivel positivo acumulado fruto de dar 15 vueltas al circuito local de Kigali, que incluye las subidas de Kigali Golf (0,8 kil\u00f3metros al 8,1% de media con rampas m\u00e1ximas del 14%) y la subida adoquinada a Kimihurura (de 1,3 kil\u00f3metros y 6,3% de pendiente media). a principal diferencia entre la carrera \u00e9lite masculina y el resto de pruebas de este Mundial ser\u00e1 la inclusi\u00f3n mediada la prueba de una extensi\u00f3n del circuito que incluye el paso por el Mont Kigali (5,9 km al 6,9%), una exigente subida que se coronar\u00e1 en el kil\u00f3metro 163 y que bien podr\u00eda desencadenar los primeros movimientos de los favoritos.<\/p>\n","protected":false},"excerpt":{"rendered":"La navarra Paula Ostiz consigui\u00f3 la primera medalla para la delegaci\u00f3n espa\u00f1ola en el Campeonato del Mundo de&hellip;\n","protected":false},"author":2,"featured_media":137212,"comment_status":"","ping_status":"","sticky":false,"template":"","format":"standard","meta":{"footnotes":""},"categories":[273],"tags":[7934,15288,313,312,168,25,24,3370,43282,17944,25063,43281,23,167,5378],"class_list":{"0":"post-137211","1":"post","2":"type-post","3":"status-publish","4":"format-standard","5":"has-post-thumbnail","7":"category-ciclismo","8":"tag-alejandra","9":"tag-campeonato","10":"tag-ciclismo","11":"tag-cycling","12":"tag-deportes","13":"tag-es","14":"tag-espana","15":"tag-medalla","16":"tag-neira","17":"tag-nota","18":"tag-ruanda","19":"tag-santiaguesa","20":"tag-spain","21":"tag-sports","22":"tag-supera"},"share_on_mastodon":{"url":"","error":""},"_links":{"self":[{"href":"https:\/\/www.europesays.com\/es\/wp-json\/wp\/v2\/posts\/137211","targetHints":{"allow":["GET"]}}],"collection":[{"href":"https:\/\/www.europesays.com\/es\/wp-json\/wp\/v2\/posts"}],"about":[{"href":"https:\/\/www.europesays.com\/es\/wp-json\/wp\/v2\/types\/post"}],"author":[{"embeddable":true,"href":"https:\/\/www.europesays.com\/es\/wp-json\/wp\/v2\/users\/2"}],"replies":[{"embeddable":true,"href":"https:\/\/www.europesays.com\/es\/wp-json\/wp\/v2\/comments?post=137211"}],"version-history":[{"count":0,"href":"https:\/\/www.europesays.com\/es\/wp-json\/wp\/v2\/posts\/137211\/revisions"}],"wp:featuredmedia":[{"embeddable":true,"href":"https:\/\/www.europesays.com\/es\/wp-json\/wp\/v2\/media\/137212"}],"wp:attachment":[{"href":"https:\/\/www.europesays.com\/es\/wp-json\/wp\/v2\/media?parent=137211"}],"wp:term":[{"taxonomy":"category","embeddable":true,"href":"https:\/\/www.europesays.com\/es\/wp-json\/wp\/v2\/categories?post=137211"},{"taxonomy":"post_tag","embeddable":true,"href":"https:\/\/www.europesays.com\/es\/wp-json\/wp\/v2\/tags?post=137211"}],"curies":[{"name":"wp","href":"https:\/\/api.w.org\/{rel}","templated":true}]}}