{"id":137254,"date":"2025-09-25T05:24:10","date_gmt":"2025-09-25T05:24:10","guid":{"rendered":"https:\/\/www.europesays.com\/es\/137254\/"},"modified":"2025-09-25T05:24:10","modified_gmt":"2025-09-25T05:24:10","slug":"felipe-vi-exige-a-israel-parar-la-masacre-y-sanchez-manda-un-buque-para-proteger-a-la-flotilla-humanitaria-en-gaza-el-pais-expres","status":"publish","type":"post","link":"https:\/\/www.europesays.com\/es\/137254\/","title":{"rendered":"Felipe VI exige a Israel parar la \u201cmasacre\u201d y S\u00e1nchez manda un buque para proteger a la flotilla humanitaria en Gaza | El PA\u00cdS Expr\u00e9s"},"content":{"rendered":"<p><img fetchpriority=\"high\" decoding=\"auto\" class=\"_re  a_m-v\" height=\"415\"  width=\"414\"  src=\"https:\/\/www.europesays.com\/es\/wp-content\/uploads\/2025\/09\/J73RJJP3XVCKLPIERFMZ6GBAHU.jpg\" loading=\"eager\"\/>NEW YORK (United States), 24\/09\/2025.- Spain&#8217;s King Felipe VI speaks during the General Debate of the 80th session of the United Nations General Assembly (UNGA) at the United Nations headquarters in New York, USA, 24 September 2025. (Espa\u00f1a, Nueva York) EFE\/EPA\/KENA BETANCUR&#13;<br \/>\nKENA BETANCUR (EFE)<\/p>\n<p>ASAMBLEA GENERAL DE LA ONU<\/p>\n<p class=\"\">Felipe VI abri\u00f3 la segunda jornada de la Asamblea de la ONU con un discurso centrado en denunciar la masacre de Israel en Gaza. <\/p>\n<p class=\"\"><b>Hac\u00eda 10 a\u00f1os que el Rey no hablaba en la ONU.<\/b> El jefe del Estado Espa\u00f1ol ha sido especialmente duro con el Gobierno de Benjam\u00edn Netanyahu, a quien exigi\u00f3 detener la \u201cmasacre\u201d en Gaza. <\/p>\n<ul>\n<li>Tambi\u00e9n apel\u00f3 a adoptar la soluci\u00f3n de los dos Estados. <\/li>\n<li>Pero evit\u00f3 utilizar la palabra genocidio (que s\u00ed usa el Gobierno, y que rechaza el PP). <\/li>\n<li>\u201cNo podemos guardar silencio, ni mirar hacia otro lado ante la devastaci\u00f3n, los bombardeos o la hambruna\u201d, manifest\u00f3 Felipe VI.<\/li>\n<\/ul>\n<p class=\"\"><b>Su discurso fue muy diferente al que pronunci\u00f3 Donald Trump.<\/b> El Rey defendi\u00f3 la inmigraci\u00f3n en su intervenci\u00f3n de 20 minutos; mientras el presidente de Estados Unidos habl\u00f3 de invasi\u00f3n durante m\u00e1s de una hora en la Asamblea. <\/p>\n<ul>\n<li>Felipe VI calific\u00f3 a la inmigraci\u00f3n como un vector de \u201cdesarrollo mutuo\u201d, para los pa\u00edses de salida y de llegada. <\/li>\n<\/ul>\n<p class=\"\"><b>Mientras, S\u00e1nchez anunci\u00f3 m\u00e1s ayudas para Gaza.<\/b> El presidente del Gobierno dijo que este jueves zarpar\u00e1 de Cartagena un buque espa\u00f1ol en ayuda de la Flotilla de la Libertad, que intenta romper el bloqueo y llevar ayudas humanitarias a la Franja.<\/p>\n<ul>\n<li>El nav\u00edo de la Armada es de acci\u00f3n mar\u00edtima, pero no se plantea un choque militar con Israel.<\/li>\n<\/ul>\n<p class=\"\">\u00a9Foto: Kena Betancur (EFE)<\/p>\n<p class=\"\"><a href=\"https:\/\/elpais.com\/espana\/2025-09-24\/espana-enviara-un-buque-militar-a-proteger-a-la-flotilla-de-gaza.html\" target=\"_self\" rel=\"nofollow noopener\" title=\"https:\/\/elpais.com\/espana\/2025-09-24\/espana-enviara-un-buque-militar-a-proteger-a-la-flotilla-de-gaza.html\">Si quieres m\u00e1s, puedes leer aqu\u00ed.<\/a><\/p>\n","protected":false},"excerpt":{"rendered":"NEW YORK (United States), 24\/09\/2025.- Spain&#8217;s King Felipe VI speaks during the General Debate of the 80th session&hellip;\n","protected":false},"author":2,"featured_media":137255,"comment_status":"","ping_status":"","sticky":false,"template":"","format":"standard","meta":{"footnotes":""},"categories":[8],"tags":[41518,17,18,68,352,25,24,629,13,14,11439,11,74,19,20,9,10,15,16,896,732,76,2959,23,12,21,22],"class_list":{"0":"post-137254","1":"post","2":"type-post","3":"status-publish","4":"format-standard","5":"has-post-thumbnail","7":"category-espana","8":"tag-asamblea-general-onu","9":"tag-breaking-news","10":"tag-breakingnews","11":"tag-conflicto-arabe-israeli","12":"tag-donald-trump","13":"tag-es","14":"tag-espana","15":"tag-estados-unidos","16":"tag-featured-news","17":"tag-featurednews","18":"tag-felipe-vi","19":"tag-headlines","20":"tag-israel","21":"tag-latest-news","22":"tag-latestnews","23":"tag-news","24":"tag-noticias","25":"tag-noticias-destacadas","26":"tag-noticiasdestacadas","27":"tag-nueva-york","28":"tag-onu","29":"tag-palestina","30":"tag-pedro-sanchez","31":"tag-spain","32":"tag-titulares","33":"tag-ultimas-noticias","34":"tag-ultimasnoticias"},"share_on_mastodon":{"url":"","error":""},"_links":{"self":[{"href":"https:\/\/www.europesays.com\/es\/wp-json\/wp\/v2\/posts\/137254","targetHints":{"allow":["GET"]}}],"collection":[{"href":"https:\/\/www.europesays.com\/es\/wp-json\/wp\/v2\/posts"}],"about":[{"href":"https:\/\/www.europesays.com\/es\/wp-json\/wp\/v2\/types\/post"}],"author":[{"embeddable":true,"href":"https:\/\/www.europesays.com\/es\/wp-json\/wp\/v2\/users\/2"}],"replies":[{"embeddable":true,"href":"https:\/\/www.europesays.com\/es\/wp-json\/wp\/v2\/comments?post=137254"}],"version-history":[{"count":0,"href":"https:\/\/www.europesays.com\/es\/wp-json\/wp\/v2\/posts\/137254\/revisions"}],"wp:featuredmedia":[{"embeddable":true,"href":"https:\/\/www.europesays.com\/es\/wp-json\/wp\/v2\/media\/137255"}],"wp:attachment":[{"href":"https:\/\/www.europesays.com\/es\/wp-json\/wp\/v2\/media?parent=137254"}],"wp:term":[{"taxonomy":"category","embeddable":true,"href":"https:\/\/www.europesays.com\/es\/wp-json\/wp\/v2\/categories?post=137254"},{"taxonomy":"post_tag","embeddable":true,"href":"https:\/\/www.europesays.com\/es\/wp-json\/wp\/v2\/tags?post=137254"}],"curies":[{"name":"wp","href":"https:\/\/api.w.org\/{rel}","templated":true}]}}