{"id":137267,"date":"2025-09-25T05:37:05","date_gmt":"2025-09-25T05:37:05","guid":{"rendered":"https:\/\/www.europesays.com\/es\/137267\/"},"modified":"2025-09-25T05:37:05","modified_gmt":"2025-09-25T05:37:05","slug":"otono-entre-libros-de-la-inesperada-novela-de-atxaga-a-lo-ultimo-de-harkaitz-cano-o-katixa-agirre","status":"publish","type":"post","link":"https:\/\/www.europesays.com\/es\/137267\/","title":{"rendered":"Oto\u00f1o entre libros, de la inesperada novela de Atxaga a lo \u00faltimo de Harkaitz Cano o Katixa Agirre"},"content":{"rendered":"<p><a class=\"v-mdl-ath__fig-a\" href=\"https:\/\/www.diariovasco.com\/autor\/jon-agirre-4521.html\" title=\"Jon Agirre\" rel=\"nofollow noopener\" target=\"_blank\"><br \/>\n<img decoding=\"async\" class=\"v-mdl-ath__img\" src=\"https:\/\/www.europesays.com\/es\/wp-content\/uploads\/2025\/09\/autor-4521-foto-1.jpeg\" alt=\"Jon Agirre\"\/><br \/>\n<\/a><\/p>\n<p class=\"v-mdl-ath__p v-mdl-ath__p--6\">\nJueves, 25 de septiembre 2025, 07:06<\/p>\n<p class=\"v-p\">Sorpresas, muchas sorpresas, y a\u00fan m\u00e1s novedades trae el oto\u00f1o literario en euskera. Y eso que en lo que va de a\u00f1o ya se han presentado cerca de 70 libros. Bien con originales o traducciones, los escaparates de las librer\u00edas volver\u00e1n a acumular miradas y quien quiera dejar de lado las pantallas para apostar por el papel tendr\u00e1 donde elegir. La novela sigue siendo la principal oferta, aunque algo menos &#8216;negra&#8217; que otros a\u00f1os, destaca que el ensayo mantiene el pulso y baja algo el c\u00f3mic tras unos a\u00f1os de auge. <\/p>\n<p class=\"v-p\">La vuelta de Bernardo Atxaga a la novela con &#8216;Enarak&#8217; (Pamiela), genero al que el propio escritor cerr\u00f3 la puerta en 2021, es la principal sorpresa. Pero tambi\u00e9n llegan Eider Rodriguez, Katixa Agirre, Harkaitz Cano o Arantxa Urretabizkaia, por mencionar algunos escritores de una lista inabarcable.<\/p>\n<p class=\"v-p\">Las golondrinas de Atxaga, parte del paisaje del viaje a Carboneras, en la costa de Almer\u00eda, que inspir\u00f3 el libro, son tambi\u00e9n un elemento clave del tejido narrativo. Llega en octubre.<\/p>\n<p class=\"v-p\">Algo m\u00e1s tarde, en noviembre, Katixa Agirre presentar\u00e1 &#8216;Barne zerbitzuak&#8217; (Elkar), una historia que reflejar\u00e1 las vivencias de mujeres \u00abvalientes\u00bb que visitaron a familiares presos \u00abdespu\u00e9s de perder la guerra del 36\u00bb y, con los intercambios de mensajes, dieron pie a la &#8216;red \u00c1lava&#8217;. Casi lo mismo que de aquellos esp\u00edas se sabe del nuevo libro de Toti Mart\u00ednez de Lezea. Solo que llegar\u00e1 y lo publicar\u00e1 \u00absu editorial\u00bb, Erein -tambi\u00e9n reeditar\u00e1 &#8216;La abadesa&#8217;,- y que estar\u00e1 en librer\u00edas en noviembre.<\/p>\n<p>&#8216;Dena zulo bera zen&#8217;<\/p>\n<p class=\"v-p\">\nAutora: Eider Rodriguez. Editorial: Susa. Estilo: Narrativa, relatos.\n<\/p>\n<p>&#8216;Azken batean&#8217;<\/p>\n<p class=\"v-p\">\nAutora: Lourdes O\u00f1ederra. Editorial: Erein. Estilo: Narrativa. Fecha: Urria.\n<\/p>\n<p>&#8216;Txillarreko sukaldaria&#8217;<\/p>\n<p class=\"v-p\">\nAutores: A. Ibaibarriaga y Edurne San Martin. Estilo: Ensayo. Editorial: Elkar. Fecha: Octubre.\n<\/p>\n<p>&#8216;Sakelako bihotzak&#8217;<\/p>\n<p class=\"v-p\">\nAutor: Julen Apella. Editorial: Elkar (Premio Agustin Zubikarai). Estilo: Novela. Fecha: octubre.\n<\/p>\n<p>&#8216;Aurpegien lapurra&#8217;<\/p>\n<p class=\"v-p\">\nAutor: Ibon mart\u00edn. Estilo: Novela. Editorial: Elkar. Traducci\u00f3n: Aiora Jaka. Precio: 23 euros.\n<\/p>\n<p>3<\/p>\n<p class=\"v-p\">\nAutora: Uxue Juarez. Editorial: Balea Zuria. Estilo: Poesia. Fecha: 30 de septiembre.\n<\/p>\n<p class=\"v-p\">En fechas similares publicar\u00e1 Harkaitz Cano &#8216;Silueta&#8217; (Susa), un juego casi metaliterario en el que el lector encontrar\u00e1 \u00ablas cr\u00edticas que ha recibido un libro que no existe\u00bb y que, teniendo las piezas, deber\u00e1 unir. Tambi\u00e9n ha buscado crear un libro distinto, \u00abqueer y mutante\u00bb, Danele Sarriugarte con &#8216;Beste zerbait&#8217; (Consonni), formado \u00abretazo a retazo\u00bb, en el que ha recogido y cosido experiencias afectivas o lecturas feministas. De ah\u00ed la variedad de formas y tonos.<\/p>\n<p class=\"v-p\">Erein presenta las novelas de tres veteranos, &#8216;Azken batean&#8217; de Lourdes O\u00f1ederra, que narra la complicada relaci\u00f3n madre-hija entre Elisa y Elixabete; &#8216;D\u00fcsseldorfeko txibatoa&#8217; de Karlos Linazasoro, cr\u00f3nica diaria de Karl, jud\u00edo alem\u00e1n, repleta de iron\u00eda y humor negro. Y Jon Arretxe, que da descanso a Tour\u00e9, aunque no se aleja del todo de la novela negra. Quien vuelve con su dupla investigadora es Kepa Iribar, a los que en &#8216;Erleen azken ziztada&#8217; hace resolver un secuestro vinculado a la Segunda Guerra Mundial. Completan la lista &#8216;Izen baten promesa&#8217; (Susa) de Hedoi Etxarte o la doble oferta de Laura Mintegi: presenta &#8216;Akabo&#8217; (Txalaparta) y reedita &#8216;Ecce homo&#8217; (Txalaparta).<\/p>\n<p class=\"v-p\">Las becas y concursos tambi\u00e9n dar\u00e1n sus frutos. Julen Apella trae para octubre &#8216;Sakelako bihotzak&#8217; (Elkar), que se adjudic\u00f3 el premio Zubikarai con su proyecto sobre Jokin y Felix, dos personajes casi antagonistas en sus \u00faltimos a\u00f1os de universidad. De la mano de Zaitegi Saria llegar\u00e1 &#8216;Barazkijalea&#8217; (Elkar) de Hang Kang, y de Gabriel Aresti (Erein) los textos \/cuentos premiados en 2023 y 2024.<\/p>\n<p class=\"v-p\">Las colecciones de cuentos, a veces opacadas por las novelas, tendr\u00e1n su hueco. Principal reclamo &#8216;Dena zulo bera zen&#8217; (Susa) de Eider Rodriguez, que tras &#8216;Eraikuntzarako materiala&#8217; vuelve a los cuentos, el quinto volumen, para presentar un paisaje con \u00abel cielo abierto, pero en el que respirar no siempre es f\u00e1cil\u00bb.<\/p>\n<p class=\"v-p\">Adem\u00e1s Arrate Ega\u00f1a repite en Erein, aunque con un estilo que se acerca m\u00e1s a lo fant\u00e1stico y tiene ciertos tintes de &#8216;Black Mirror&#8217;. Jone Bordato trae en &#8216;Erroen izerdia&#8217; (Elkar) tres historias independientes que conforman un \u00abtr\u00edptico\u00bb y de las que ha servido para indagar en el mundo interior de dos personajes marcados por acciones del pasado.<\/p>\n<p>Reflexi\u00f3n y an\u00e1lisis<\/p>\n<p class=\"v-p\">No solo de ficci\u00f3n se nutre la oferta de este oto\u00f1o y casi todas las editoriales publican ensayos. Destaca &#8216;Zahartzaroaren maparen bila&#8217; (Pamiela) de Arantxa Urretabizkaia, en el que ahonda la senda abierta con &#8216;Azken Etxea&#8217; (2022) y reflexiona sobre los modelos de vejez, llamando a desarrollar \u00abhip\u00f3tesis\u00bb y \u00abcrear\u00bb un nuevo modelo que no arrincone a los mayores. La misma editorial publica &#8216;Odola kantari&#8217; de Unai Elorriaga, que descubre qui\u00e9n es el creador de los bertsos &#8216;Mu\u00f1agorriren bertsoak&#8217;. Completa la lista &#8216;Biba gorriac!&#8217; de Imanol Murua y la colecci\u00f3n Lisipe de Susa, esta vez con &#8216;Hiria gure oinetan&#8217; de Irati Majuelo, que partiendo de la literatura vasca analiza las ciudades que habitamos.<\/p>\n<p><a href=\"http:\/\/www.diariovasco.com\/culturas\/libros\/insolito-duelo-reyes-bestseller-emerito-rentree-editorial-20250828000350-ntrc.html#vtm_modulosEngag=mod-rel:culturas:noticia:1:cmp:1-not\" class=\"v-a-link\" aria-label=\"Imagen\" rel=\"nofollow noopener\" target=\"_blank\"><\/p>\n<p><img decoding=\"async\" loading=\"lazy\" src=\"https:\/\/www.europesays.com\/es\/wp-content\/uploads\/2025\/09\/libros-840-v3.jpg\" class=\"v-a-img\" width=\"258\" height=\"180\" alt=\"\" data-voc-vtm-id=\"in-text-traffic\"\/><\/p>\n<p><\/a><\/p>\n<p class=\"v-p\">Del ambiente pol\u00edtico habla tambi\u00e9n &#8216;Txillarreko sukaldaria&#8217; (Elkar), escrito a cuatro manos por Asier Ibaibarriaga y Edurne San Martin para reivindicar que \u00ablas personas humildes\u00bb como Pello Rubio \u00abhacen historia\u00bb. No es lo \u00fanico de oto\u00f1o que analiza la violencia, pues Pello Salaburu reflexiona sobre la violencia en &#8216;Panfleto bat atzenduraren kontra&#8217; (Erein) para \u00abdenunciar la p\u00e9rdida de memoria colectiva\u00bb. Completan la lista &#8216;Emognosia&#8217; de Mitxelko Uranga, &#8216;Idia mihian&#8217; de Felipe Juaristi o &#8216;Martxelo Otamendi&#8217; de Garbi\u00f1e Ubeda.<\/p>\n<p class=\"v-p\">Adem\u00e1s de narrativa, la poes\u00eda tendr\u00e1 su hueco en las estanter\u00edas con t\u00edtulos como &#8216;Euri beroak&#8217; de Iban Garro, &#8216;Etxe bat Husaviken&#8217; de Uxue Juarez, el h\u00edbrido &#8216;Kokaguneak&#8217; de Juan Kruz Igerabide, &#8216;Haize-begitik&#8217; de Mikel Ibarguren o &#8216;Sua itzaltzen bada&#8217; de Hasier Larretxea.<\/p>\n<p>No tanto c\u00f3mic<\/p>\n<p class=\"v-p\">El manga vuelve de la mano de la secci\u00f3n Kabe de Harriet con nuevas entregas de sus series: el segundo n\u00famero de &#8216;Buztan eta Guzti&#8217; de Mizu Sahara, el tercero de &#8216;Otaku bat Jainko Lanetan&#8217; de Rootport y Tomomi Usui y el tercero de &#8216;Change the World&#8217; de Yuya Kanzaki. Tambi\u00e9n publican &#8216;Reagan. Gerra hotza irabazi zuen ergela&#8217;. <\/p>\n<p class=\"v-p\">Por \u00faltimo, pero no menos importante, en literatura infantil y juvenil Haritz Larrageta trae el quinto ejemplar de Anna Kopek &#8216;Ezpata bikingoa&#8217; (Erein), ambientada en los Juegos de Tokio, aunque Jokin y Uxue no viajar\u00e1n con su madre. Nerea Loiola publica el cuarto de la saga Eskapu, el esperado &#8216;elige tu propia aventura y escape room&#8217;. Y como toda lista, esta queda corta. Perd\u00f3n a los ausentes. Lo mejor acudir a la librer\u00eda de confianza.<\/p>\n<p>&#8216;Txapeldunorde&#8217; y &#8216;Hetero&#8217; al castellano, principales traducciones<\/p>\n<p class=\"v-p\">\nAdem\u00e1s de los libros en lengua original, casi todas las editoriales presentan traducciones al euskera. Erein e Igela publican &#8216;Atalaseko ametsak&#8217; y la segunda a\u00f1ade &#8216;Haurdunaldi oharrak&#8217; de Yoko Ogawa&#8217; y &#8216;Esker onak&#8217; de &#8216;Delphine de Vigan&#8217;; Alberdania trae al euskera el libro de Mikel Ayestaran sobre Gaza, &#8216;Gazako istorioak&#8217; y &#8216;Lur mortuak&#8217;. &#8216;Bizitza gerren artean&#8217; y Libros del K.O no falta a su compromiso, aportando &#8216;Txapeldunorde&#8217; (octubre) de Ander Izagirre y Zuhaitz Gurrutxaga.\n<\/p>\n<p class=\"v-p\">\nEl camino inverso hace &#8216;Hetero&#8217; de la mano de Consonni y &#8216;La colina del aliso&#8217; con Alberdania.\n<\/p>\n<p>Comenta<\/p>\n<p>Reporta un error<\/p>\n<p class=\"v-crt__t\"> L\u00edmite de sesiones alcanzadas<\/p>\n<p class=\"v-crt__p\">El acceso al contenido Premium est\u00e1 abierto por cortes\u00eda del establecimiento donde te encuentras, pero ahora mismo hay demasiados usuarios conectados a las vez.<\/p>\n<p class=\"v-crt__p\">Por favor, int\u00e9ntalo pasados unos minutos.<\/p>\n<p>\nVolver a intentar\n<\/p>\n<p class=\"v-crt__t\">Sesi\u00f3n cerrada<\/p>\n<p class=\"v-crt__p\">Al iniciar sesi\u00f3n desde un dispositivo distinto, por seguridad, se cerr\u00f3 la \u00faltima sesi\u00f3n en este.<\/p>\n<p class=\"v-crt__p\">Para continuar disfrutando de su suscripci\u00f3n digital, inicie sesi\u00f3n en este dispositivo.<\/p>\n<p>\nEste contenido es exclusivo para suscriptores\n<\/p>\n<p class=\"text\">\u00bfTienes una suscripci\u00f3n? <a href=\"https:\/\/secure.diariovasco.com\/identidad\/inicio#vca=suscribete&amp;vso=diariovasco&amp;vmc=on&amp;vli=cdn-ce-link-login\" class=\"login\" data-voc-vtm-id=\"comienzoSuscripcionON\" data-voc-vtm-info=\"cdn-ce-link-login\" rel=\"nofollow noopener\" target=\"_blank\">Inicia sesi\u00f3n<\/a><\/p>\n","protected":false},"excerpt":{"rendered":"Jueves, 25 de septiembre 2025, 07:06 Sorpresas, muchas sorpresas, y a\u00fan m\u00e1s novedades trae el oto\u00f1o literario en&hellip;\n","protected":false},"author":2,"featured_media":137268,"comment_status":"","ping_status":"","sticky":false,"template":"","format":"standard","meta":{"footnotes":""},"categories":[172],"tags":[43307,43310,43306,224,43309,146,147,25,24,43308,43311,225,23],"class_list":{"0":"post-137267","1":"post","2":"type-post","3":"status-publish","4":"format-standard","5":"has-post-thumbnail","7":"category-libros","8":"tag-enarak","9":"tag-arantxa-urretabizkaia","10":"tag-bernardo-atxaga","11":"tag-books","12":"tag-eider-rodriguez","13":"tag-entertainment","14":"tag-entretenimiento","15":"tag-es","16":"tag-espana","17":"tag-harkaitz-cano","18":"tag-katixa-agirre","19":"tag-libros","20":"tag-spain"},"share_on_mastodon":{"url":"","error":""},"_links":{"self":[{"href":"https:\/\/www.europesays.com\/es\/wp-json\/wp\/v2\/posts\/137267","targetHints":{"allow":["GET"]}}],"collection":[{"href":"https:\/\/www.europesays.com\/es\/wp-json\/wp\/v2\/posts"}],"about":[{"href":"https:\/\/www.europesays.com\/es\/wp-json\/wp\/v2\/types\/post"}],"author":[{"embeddable":true,"href":"https:\/\/www.europesays.com\/es\/wp-json\/wp\/v2\/users\/2"}],"replies":[{"embeddable":true,"href":"https:\/\/www.europesays.com\/es\/wp-json\/wp\/v2\/comments?post=137267"}],"version-history":[{"count":0,"href":"https:\/\/www.europesays.com\/es\/wp-json\/wp\/v2\/posts\/137267\/revisions"}],"wp:featuredmedia":[{"embeddable":true,"href":"https:\/\/www.europesays.com\/es\/wp-json\/wp\/v2\/media\/137268"}],"wp:attachment":[{"href":"https:\/\/www.europesays.com\/es\/wp-json\/wp\/v2\/media?parent=137267"}],"wp:term":[{"taxonomy":"category","embeddable":true,"href":"https:\/\/www.europesays.com\/es\/wp-json\/wp\/v2\/categories?post=137267"},{"taxonomy":"post_tag","embeddable":true,"href":"https:\/\/www.europesays.com\/es\/wp-json\/wp\/v2\/tags?post=137267"}],"curies":[{"name":"wp","href":"https:\/\/api.w.org\/{rel}","templated":true}]}}