{"id":137295,"date":"2025-09-25T05:58:14","date_gmt":"2025-09-25T05:58:14","guid":{"rendered":"https:\/\/www.europesays.com\/es\/137295\/"},"modified":"2025-09-25T05:58:14","modified_gmt":"2025-09-25T05:58:14","slug":"ella-valia-mas-por-lo-que-callaba-que-por-lo-que-contaba","status":"publish","type":"post","link":"https:\/\/www.europesays.com\/es\/137295\/","title":{"rendered":"Ella val\u00eda m\u00e1s por lo que callaba que por lo que contaba"},"content":{"rendered":"<p class=\"L6-news-detail__text\"><b>Juan Sanguino<\/b> hace su recorrido semanal por la prensa rosa, desde la dieta de Tamara Falc\u00f3 a la <b><a title=\"boda de Pablo L\u00f3pez y Laura Rubio\" href=\"https:\/\/www.lasexta.com\/programas\/zapeando\/juan-sanguino-desvela-detalles-boda-pablo-lopez-laura-rubio-invitados-canciones_2025092468d41452f158e014f6f62e4d.html\" target=\"_blank\" rel=\"nofollow noopener\">boda de Pablo L\u00f3pez y Laura Rubio<\/a><\/b>, y tambi\u00e9n dedica unos minutos a la <b><a title=\"muerte de la m\u00edtica Claudia Cardinale\" href=\"https:\/\/www.lasexta.com\/noticias\/cultura\/muere-87-anos-actriz-claudia-cardinale-icono-cine-italiano_2025092368d30bec6b16e40392dd3bba.html\" target=\"_blank\" rel=\"nofollow noopener\">muerte de la m\u00edtica Claudia Cardinale<\/a><\/b>.<\/p>\n<p class=\"L6-news-detail__text\">Musa de directores como <b>Luchino Visconti, Federico Fellini o Sergio Leone<\/b>, la actriz italiana tambi\u00e9n tuvo una vida de pel\u00edcula: \u00abElla val\u00eda m\u00e1s por lo que callaba que por lo que contaba\u00bb, afirma Sanguino en el v\u00eddeo sobre estas l\u00edneas.<\/p>\n<p class=\"L6-news-detail__text\">El colaborador de Zapeando explica que Cardinale <b>\u00abpensaba que era fea\u00bb<\/b>, pero que su idea cambi\u00f3 un poco cuando gan\u00f3 el certamen de la italiana m\u00e1s bella de T\u00fanez, cuyo premio era un viaje al Festival de Venecia.<\/p>\n<p class=\"L6-news-detail__text\">All\u00ed apareci\u00f3 con un bikini y una chilaba y \u00abcaus\u00f3 sensaci\u00f3n\u00bb. Tanto que le ofrecieron un mont\u00f3n de pel\u00edculas, pero explica Sanguino que \u00ab<b>las rechazaba todas<\/b>, lo cual solo hizo que los directores se muriesen por trabajar con ella\u00bb.<\/p>\n<p class=\"L6-news-detail__text\">Sanguino destaca que Claudia Cardinale <b>\u00abfue la primera en entrar al Vaticano con minifalda\u00bb<\/b> y que \u00absu m\u00e1ximo arrepentimiento fue <b>no acostarse con Marlon Brando<\/b>\u00ab.<\/p>\n<p class=\"L6-news-detail__text\">Juan cuenta que en el 67, Brando fue hasta la habitaci\u00f3n de Claudia y le dijo \u00abyo soy aries, t\u00fa eres aries, tendr\u00edamos que hacer el amor\u00bb. La reacci\u00f3n de Cardinale fue sufrir un ataque de risa, mientras que a Marlon \u00abse le baj\u00f3 un poco la cosa y se fue cabizbajo\u00bb.<\/p>\n<p class=\"L6-support-news-video__title\">Lamine se queda a las puertas<\/p>\n<p>            <a href=\"https:\/\/www.lasexta.com\/programas\/zapeando\/mensaje-nicki-nicole-consolar-lamine-yamal-perder-balon-oro-estrella-amo_2025092368d2c0db6b16e40392dc9ca3.html\" class=\"L6-news__link\" rel=\"nofollow noopener\" target=\"_blank\"><br \/>\n                El mensaje de Nicki Nicole para consolar a Lamine Yamal tras perder el Bal\u00f3n de Oro: \u00abMi estrella, te amo\u00bb<\/p>\n<p class=\"recirculation-video-desc\">\u00abQui\u00e9n quiere un Bal\u00f3n de Oro teniendo declaraciones de amor tan bonitas\u00bb, reacciona Isabel Forner en este v\u00eddeo tras el tierno mensaje que Nicki Nicole dedic\u00f3 a Lamine Yamal tras quedar segundo en el Bal\u00f3n de Oro.<\/p>\n<p>            <\/a><\/p>\n","protected":false},"excerpt":{"rendered":"Juan Sanguino hace su recorrido semanal por la prensa rosa, desde la dieta de Tamara Falc\u00f3 a la&hellip;\n","protected":false},"author":2,"featured_media":137296,"comment_status":"","ping_status":"","sticky":false,"template":"","format":"standard","meta":{"footnotes":""},"categories":[174],"tags":[255,146,147,25,24,256,23],"class_list":{"0":"post-137295","1":"post","2":"type-post","3":"status-publish","4":"format-standard","5":"has-post-thumbnail","7":"category-famosos","8":"tag-celebrities","9":"tag-entertainment","10":"tag-entretenimiento","11":"tag-es","12":"tag-espana","13":"tag-famosos","14":"tag-spain"},"share_on_mastodon":{"url":"","error":""},"_links":{"self":[{"href":"https:\/\/www.europesays.com\/es\/wp-json\/wp\/v2\/posts\/137295","targetHints":{"allow":["GET"]}}],"collection":[{"href":"https:\/\/www.europesays.com\/es\/wp-json\/wp\/v2\/posts"}],"about":[{"href":"https:\/\/www.europesays.com\/es\/wp-json\/wp\/v2\/types\/post"}],"author":[{"embeddable":true,"href":"https:\/\/www.europesays.com\/es\/wp-json\/wp\/v2\/users\/2"}],"replies":[{"embeddable":true,"href":"https:\/\/www.europesays.com\/es\/wp-json\/wp\/v2\/comments?post=137295"}],"version-history":[{"count":0,"href":"https:\/\/www.europesays.com\/es\/wp-json\/wp\/v2\/posts\/137295\/revisions"}],"wp:featuredmedia":[{"embeddable":true,"href":"https:\/\/www.europesays.com\/es\/wp-json\/wp\/v2\/media\/137296"}],"wp:attachment":[{"href":"https:\/\/www.europesays.com\/es\/wp-json\/wp\/v2\/media?parent=137295"}],"wp:term":[{"taxonomy":"category","embeddable":true,"href":"https:\/\/www.europesays.com\/es\/wp-json\/wp\/v2\/categories?post=137295"},{"taxonomy":"post_tag","embeddable":true,"href":"https:\/\/www.europesays.com\/es\/wp-json\/wp\/v2\/tags?post=137295"}],"curies":[{"name":"wp","href":"https:\/\/api.w.org\/{rel}","templated":true}]}}