{"id":137297,"date":"2025-09-25T06:00:28","date_gmt":"2025-09-25T06:00:28","guid":{"rendered":"https:\/\/www.europesays.com\/es\/137297\/"},"modified":"2025-09-25T06:00:28","modified_gmt":"2025-09-25T06:00:28","slug":"maria-gabriela-gonzalez-lanza-su-primer-libro-lo-que-aprendi-de-ti-un-homenaje-al-legado-de-su-padre","status":"publish","type":"post","link":"https:\/\/www.europesays.com\/es\/137297\/","title":{"rendered":"Mar\u00eda Gabriela Gonz\u00e1lez lanza su primer libro \u2018Lo que aprend\u00ed de ti\u2019, un homenaje al legado de su padre"},"content":{"rendered":"<p>La periodista e internacionalista <b>Mar\u00eda Gabriela Gonz\u00e1lez public\u00f3 su primer libro, &#8216;Lo que aprend\u00ed de ti&#8217;, una obra de m\u00e1s de 200 p\u00e1ginas que recoge memorias, ense\u00f1anzas y reflexiones en torno a la figura paterna.<\/b>\u00a0<\/p>\n<p>El texto, originalmente concebido como un obsequio para su padre, fue desarrollado posteriormente como una propuesta editorial con vocaci\u00f3n m\u00e1s amplia.<\/p>\n<p>Aunque parte de una experiencia \u00edntima, el libro no se limita al relato autobiogr\u00e1fico. A trav\u00e9s de una narrativa clara y directa, Gonz\u00e1lez invita al lector a explorar su propia historia y a reconocer la influencia de quienes han sido gu\u00edas en distintos momentos de la vida.<\/p>\n<p class=\"c-leatambien__titulo\"> LEA TAMBI\u00c9N <\/p>\n<p><img decoding=\"async\" alt=\"Nuevo libro de Juliana Di Mar\u00eda\" width=\"120\" height=\"120\" loading=\"lazy\" src=\"https:\/\/imagenes2.eltiempo.com\/files\/image_120_120\/uploads\/2025\/09\/19\/68cd9e375a288.png\" data-full-src=\"https:\/\/www.europesays.com\/es\/wp-content\/uploads\/2025\/09\/68cd9e375a288.png\"\/>Reflexiones sobre gratitud, v\u00ednculos y aprendizaje<\/p>\n<p>La autora aborda temas como la gratitud, el esfuerzo, la honestidad, el sentido de pertenencia y el poder de las palabras. Tambi\u00e9n reflexiona sobre el matrimonio, el entorno laboral y la felicidad como una decisi\u00f3n consciente, siempre desde una perspectiva basada en la experiencia vivida.<\/p>\n<p>Gonz\u00e1lez se\u00f1ala que su intenci\u00f3n no es ofrecer respuestas definitivas, sino abrir un espacio de reflexi\u00f3n personal.\u00a0<\/p>\n<p class=\"c-cuerpo__media__txt\">Nuevo libro &#8216;Lo que aprend\u00ed de ti&#8217;. Foto:Grupo Planeta.<\/p>\n<p><b>\u201cEst\u00e1 pensado para cualquier persona que busque respuestas simples a aspectos complejos de la vida\u201d,<\/b> explic\u00f3. El enfoque del libro se aleja de los discursos te\u00f3ricos y se apoya en una voz narrativa \u00edntima, cercana y emocionalmente honesta.<\/p>\n<p class=\"c-leatambien__titulo\"> LEA TAMBI\u00c9N <\/p>\n<p><img decoding=\"async\" alt=\"Premios M\u00fasica Electr\u00f3nica 2025\" width=\"120\" height=\"120\" loading=\"lazy\" src=\"https:\/\/imagenes2.eltiempo.com\/files\/image_120_120\/uploads\/2025\/09\/23\/68d2dd66bdf49.png\" data-full-src=\"https:\/\/www.europesays.com\/es\/wp-content\/uploads\/2025\/09\/68d2dd66bdf49.png\"\/>Una autora con trayectoria en medios y relaciones internacionales<\/p>\n<p>Mar\u00eda Gabriela Gonz\u00e1lez ha sido columnista en medios como &#8216;La Rep\u00fablica&#8217; y &#8216;Vanguardia&#8217;, y cuenta con experiencia profesional en comercio exterior y diplomacia p\u00fablica.\u00a0<\/p>\n<p>En &#8216;Lo que aprend\u00ed de ti&#8217;, combina su formaci\u00f3n acad\u00e9mica y su sensibilidad personal para construir un relato que apunta al bienestar emocional sin f\u00f3rmulas, desde la observaci\u00f3n de lo cotidiano.<\/p>\n<p class=\"c-leatambien__titulo\"> LEA TAMBI\u00c9N <\/p>\n<p><img decoding=\"async\" alt=\"Margarita Bernal \/ El condimentario\" width=\"120\" height=\"120\" loading=\"lazy\" src=\"https:\/\/imagenes2.eltiempo.com\/files\/image_120_120\/files\/fp\/uploads\/2024\/03\/30\/6608b64797e31.r_d.595-260.jpeg\" data-full-src=\"https:\/\/www.europesays.com\/es\/wp-content\/uploads\/2025\/09\/6608b64797e31.jpeg\"\/><\/p>\n<p>La publicaci\u00f3n marca su debut como escritora y consolida un proyecto que, seg\u00fan indica, ha logrado tocar fibras sensibles en quienes lo han le\u00eddo. <b>Su prop\u00f3sito es que el libro funcione como punto de partida para quienes deseen reconectar con una figura paterna<\/b>, sanar un v\u00ednculo afectivo o simplemente expresar gratitud.<\/p>\n<p>M\u00e1s noticias en EL TIEMPO<\/p>\n<p>*Este contenido fue reescrito con la asistencia de una inteligencia artificial, basado en informaci\u00f3n de Grupo Planeta.\u00a0<\/p>\n","protected":false},"excerpt":{"rendered":"La periodista e internacionalista Mar\u00eda Gabriela Gonz\u00e1lez public\u00f3 su primer libro, &#8216;Lo que aprend\u00ed de ti&#8217;, una obra&hellip;\n","protected":false},"author":2,"featured_media":137298,"comment_status":"","ping_status":"","sticky":false,"template":"","format":"standard","meta":{"footnotes":""},"categories":[172],"tags":[224,146,147,25,5399,24,14018,3296,225,43315,23],"class_list":{"0":"post-137297","1":"post","2":"type-post","3":"status-publish","4":"format-standard","5":"has-post-thumbnail","7":"category-libros","8":"tag-books","9":"tag-entertainment","10":"tag-entretenimiento","11":"tag-es","12":"tag-escritora","13":"tag-espana","14":"tag-lanzamiento","15":"tag-leer","16":"tag-libros","17":"tag-maria-gabriela-gonzalez","18":"tag-spain"},"share_on_mastodon":{"url":"","error":""},"_links":{"self":[{"href":"https:\/\/www.europesays.com\/es\/wp-json\/wp\/v2\/posts\/137297","targetHints":{"allow":["GET"]}}],"collection":[{"href":"https:\/\/www.europesays.com\/es\/wp-json\/wp\/v2\/posts"}],"about":[{"href":"https:\/\/www.europesays.com\/es\/wp-json\/wp\/v2\/types\/post"}],"author":[{"embeddable":true,"href":"https:\/\/www.europesays.com\/es\/wp-json\/wp\/v2\/users\/2"}],"replies":[{"embeddable":true,"href":"https:\/\/www.europesays.com\/es\/wp-json\/wp\/v2\/comments?post=137297"}],"version-history":[{"count":0,"href":"https:\/\/www.europesays.com\/es\/wp-json\/wp\/v2\/posts\/137297\/revisions"}],"wp:featuredmedia":[{"embeddable":true,"href":"https:\/\/www.europesays.com\/es\/wp-json\/wp\/v2\/media\/137298"}],"wp:attachment":[{"href":"https:\/\/www.europesays.com\/es\/wp-json\/wp\/v2\/media?parent=137297"}],"wp:term":[{"taxonomy":"category","embeddable":true,"href":"https:\/\/www.europesays.com\/es\/wp-json\/wp\/v2\/categories?post=137297"},{"taxonomy":"post_tag","embeddable":true,"href":"https:\/\/www.europesays.com\/es\/wp-json\/wp\/v2\/tags?post=137297"}],"curies":[{"name":"wp","href":"https:\/\/api.w.org\/{rel}","templated":true}]}}