{"id":137309,"date":"2025-09-25T06:17:08","date_gmt":"2025-09-25T06:17:08","guid":{"rendered":"https:\/\/www.europesays.com\/es\/137309\/"},"modified":"2025-09-25T06:17:08","modified_gmt":"2025-09-25T06:17:08","slug":"rotor-uno-no-es-un-regreso-es-una-declaracion-de-intenciones-joanseguidor-com","status":"publish","type":"post","link":"https:\/\/www.europesays.com\/es\/137309\/","title":{"rendered":"Rotor UNO no es un regreso: es una declaraci\u00f3n de intenciones &#8211; joanseguidor.com"},"content":{"rendered":"<ol>\n<li><a href=\"https:\/\/news.google.com\/rss\/articles\/CBMiaEFVX3lxTE9CVDluMDdrbWRLWGVkb3l0RkZwN0F0YWQ1aWx6Y3VoLTlLNjhUaDdnNWROWW1SZmp5Q2YtOFIxR0hrZVVXVHF1SkVneENJN1c4M1JUVWtEOG54Z1ptZEVTOUlFcEpuX0k2?oc=5\" target=\"_blank\" rel=\"nofollow noopener\">Rotor UNO no es un regreso: es una declaraci\u00f3n de intenciones<\/a>&nbsp;&nbsp;joanseguidor.com<\/li>\n<li><a href=\"https:\/\/news.google.com\/rss\/articles\/CBMi2wFBVV95cUxNSzlwTDROZUM0cVNRVUVLQTNtOFBUS0RBMEZ4TTNwQ2ExYnppY0RScEl1Yjk2c2tVUlJTZ0l4cHB6NjEtbUR4RHJjd3N4ajlfeFg2MDRzTzI2ZENDU28tc24tME92WVgtbUVoVm9VN0Z5LW1JU1VjNWpVWTR5cmxuU25paVFYV0lMTnF4YlIyTkF1LW1rY3F2S1BCZ0txXzBiUk1kZmU0NWdHS1hCSVR1V1FIUGpVU0xCR3dUTTRKTDYzMEhvbGdGNmsyVUVkMmVtZWowN1RLLThXd2s?oc=5\" target=\"_blank\" rel=\"nofollow noopener\">Esta nueva transmisi\u00f3n electr\u00f3nica sirve para cualquier modalidad y, adem\u00e1s, \u00a1es espa\u00f1ola!<\/a>&nbsp;&nbsp;H\u00edbridos y El\u00e9ctricos<\/li>\n<li><a href=\"https:\/\/news.google.com\/rss\/articles\/CBMiswFBVV95cUxPWUhjbjktZUpLQXpKeVE1ZzhUU2ZGbTF2bjNvdGdzeVBTa21YQ2JFcWNIc2Z0cE81R3h0YzlNSkJndHNsbEZkUWZwaHhiN1MwQUlrdW9Cd1U5Snc1ZklXcktYdVZQOWJxZ1liMG9BenZaRkxxbHFYUENMV2loTHA4LXlfdjdiNlpZdmlMeElya1QxaHhmOWpESlRsMFh5MEJzMV9vYXBuVzAyM21XYkloX0lnd9IBuAFBVV95cUxNMTdUd1BvcDRmVTZkZXNNYnJ1R1VBVm9nVjVEZXRWcmVTVm5TbG5KeGl4Y0pqV0pLWDFGR1I2dTZQdXJGak8wdnlCbXBPaU9hWmE0djB2d1BIeHd5cmVRWGJMX05JWkdRaFdMZXFTZmM3WkdKRlJmakdLblE0VHZWd1liSFlxTVlFRUdmSmo2SlRyb3lRR3JxYzNQaXNTUFV4M09NY255ajMtSEhyRVk2aERFaUI0THJ3?oc=5\" target=\"_blank\" rel=\"nofollow noopener\">Rotor UNO, el nuevo grupo electr\u00f3nico inal\u00e1mbrico para gravel y monta\u00f1a<\/a>&nbsp;&nbsp;Mountainbike.es<\/li>\n<li><a href=\"https:\/\/news.google.com\/rss\/articles\/CBMixwFBVV95cUxQS201eklxbzVRc19PQjF2bXRZUHd2M3ZMRzZuQy03T3huRkp1MkpoU29fcXd5d0Z5WXk5WUd3R3pHemhYV3JSTnNxR1RjS25tajRZZUhiVnFWaFpsVUtQZGRkbHVyeTdmM0tOeDk4dDQta1ZwUXpkYk45b25LR0o2aFJlVnAwZnM4eFlPTkFUTEFPZHYtSWU5YVRjYmNKWHl2MW9VTFdYRFQ2bXFBOHlfSnVYNUpJRmZiOU1BZFZuaGtLa19JaVlJ?oc=5\" target=\"_blank\" rel=\"nofollow noopener\">Rotor Uno Wireless: regresa el grupo espa\u00f1ol, ahora electr\u00f3nico y sin cables (y basado en tecnolog\u00eda de Wheeltop)<\/a>&nbsp;&nbsp;ESMTB.com<\/li>\n<li><a href=\"https:\/\/news.google.com\/rss\/articles\/CBMirwFBVV95cUxQMEdPSzZHekRNaU1qVzFUbF9tOF8zMFFJM0IxWUhRRUZDRW9ra0ZxVmJEendaLUVRQ001UHFBREp2amZrN2FzNnpGYmNwWnNlcU1TR2lLN2RCaHV6ckJOM0FuM0t2a2lzMWEyNmhNY3J3M3IyZHZTSC02TkRYWU9UX3IxbzRwTjFSbjZOT1dXcGFWUmtqZ1lVMmwwU2FTTU9lMlV4UlJTcjhpVWhFbEVJ0gG0AUFVX3lxTE1WdUp5Z2E0RzZsMkIyUGN4TVNZdjFRZ3ZpWTdNZnJ2NjNVekVycUM0bGlsVFhIdVlYakNFVDdMb2FvVjlzOWRrdWczVDVIRUNWNmk2Nm5BUzF0YVR2WWhZSG9jZjhKYWo4Y0FMOVJzVmNMQVpfeFdfNktUOFhoTFhSMTN6QW5ibjBrWnhlU1pEY3N3U1BvQ3NNUjVHLVMtYWhibjlHVGQ2dnUtYThuZlA0UHZIYw?oc=5\" target=\"_blank\" rel=\"nofollow noopener\">ROTOR UNO: el nuevo grupo electr\u00f3nico e inal\u00e1mbrico de ROTOR para MTB y gravel<\/a>&nbsp;&nbsp;MTBPro<\/li>\n<\/ol>\n","protected":false},"excerpt":{"rendered":"Rotor UNO no es un regreso: es una declaraci\u00f3n de intenciones&nbsp;&nbsp;joanseguidor.com Esta nueva transmisi\u00f3n electr\u00f3nica sirve para cualquier&hellip;\n","protected":false},"author":2,"featured_media":137310,"comment_status":"","ping_status":"","sticky":false,"template":"","format":"standard","meta":{"footnotes":""},"categories":[273],"tags":[313,312,168,25,24,2548,41146,23,167],"class_list":{"0":"post-137309","1":"post","2":"type-post","3":"status-publish","4":"format-standard","5":"has-post-thumbnail","7":"category-ciclismo","8":"tag-ciclismo","9":"tag-cycling","10":"tag-deportes","11":"tag-es","12":"tag-espana","13":"tag-featured","14":"tag-rotor","15":"tag-spain","16":"tag-sports"},"share_on_mastodon":{"url":"","error":""},"_links":{"self":[{"href":"https:\/\/www.europesays.com\/es\/wp-json\/wp\/v2\/posts\/137309","targetHints":{"allow":["GET"]}}],"collection":[{"href":"https:\/\/www.europesays.com\/es\/wp-json\/wp\/v2\/posts"}],"about":[{"href":"https:\/\/www.europesays.com\/es\/wp-json\/wp\/v2\/types\/post"}],"author":[{"embeddable":true,"href":"https:\/\/www.europesays.com\/es\/wp-json\/wp\/v2\/users\/2"}],"replies":[{"embeddable":true,"href":"https:\/\/www.europesays.com\/es\/wp-json\/wp\/v2\/comments?post=137309"}],"version-history":[{"count":0,"href":"https:\/\/www.europesays.com\/es\/wp-json\/wp\/v2\/posts\/137309\/revisions"}],"wp:featuredmedia":[{"embeddable":true,"href":"https:\/\/www.europesays.com\/es\/wp-json\/wp\/v2\/media\/137310"}],"wp:attachment":[{"href":"https:\/\/www.europesays.com\/es\/wp-json\/wp\/v2\/media?parent=137309"}],"wp:term":[{"taxonomy":"category","embeddable":true,"href":"https:\/\/www.europesays.com\/es\/wp-json\/wp\/v2\/categories?post=137309"},{"taxonomy":"post_tag","embeddable":true,"href":"https:\/\/www.europesays.com\/es\/wp-json\/wp\/v2\/tags?post=137309"}],"curies":[{"name":"wp","href":"https:\/\/api.w.org\/{rel}","templated":true}]}}