{"id":137344,"date":"2025-09-25T06:42:08","date_gmt":"2025-09-25T06:42:08","guid":{"rendered":"https:\/\/www.europesays.com\/es\/137344\/"},"modified":"2025-09-25T06:42:08","modified_gmt":"2025-09-25T06:42:08","slug":"el-lointek-gernika-se-medira-dentro-de-un-mes-al-conjunto-israeli-elitzur-ramla","status":"publish","type":"post","link":"https:\/\/www.europesays.com\/es\/137344\/","title":{"rendered":"El Lointek Gernika se medir\u00e1 dentro de un mes al conjunto israel\u00ed Elitzur Ramla"},"content":{"rendered":"<p>\n        <strong>Llegar a la fase de grupos de la Eurocup era el primer objetivo de la temporada para el <\/strong><a href=\"https:\/\/www.deia.eus\/tags\/lointek-gernika\/\" title=\"Lointek Gernika\" class=\"link copy\" rel=\"nofollow noopener\" target=\"_blank\">Lointek Gernika<\/a>, pero ello esconde un regalo envenenado desde cualquier punto de vista. Como fue establecido en el sorteo de la competici\u00f3n en julio, el conjunto granate ha quedado<strong> encuadrado en el mismo grupo que el Elitzur Ramla, el \u00fanico equipo israel\u00ed que disputa competiciones femeninas de clubes de la <\/strong><a href=\"https:\/\/www.deia.eus\/tags\/fiba\/\" title=\"FIBA\" class=\"link copy\" rel=\"nofollow noopener\" target=\"_blank\"><strong>FIBA<\/strong><\/a><strong>.<\/strong> Hace dos a\u00f1os el Lointek Gernika tambi\u00e9n ten\u00eda que enfrentarse al Ramat Hasharon, pero en aquella ocasi\u00f3n el equipo de Israel se retir\u00f3 de la competici\u00f3n y evit\u00f3 males mayores.\n<\/p>\n<blockquote class=\"twitter-tweet\" data-lang=\"es\">\n<p lang=\"eu\" dir=\"ltr\">\ud83d\udea8\ud83d\udea8\ud83d\udea8 Amaiera! Final! \ud83d\udea8\ud83d\udea8\ud83d\udea8<\/p>\n<p>Official: <a href=\"https:\/\/twitter.com\/EuroCupWomen?ref_src=twsrc%5Etfw\" rel=\"nofollow noopener\" target=\"_blank\">@EuroCupWomen<\/a> \ud83d\ude80<\/p>\n<p>Lointek Gernika Bizkaia 94<br \/>PAS Giannina 61<a href=\"https:\/\/twitter.com\/hashtag\/GutarikoBat?src=hash&amp;ref_src=twsrc%5Etfw\" rel=\"nofollow noopener\" target=\"_blank\">#GutarikoBat<\/a>\ud83d\udc9c <a href=\"https:\/\/t.co\/CKVMoMEUvW\" rel=\"nofollow\">pic.twitter.com\/CKVMoMEUvW<\/a><\/p>\n<p>\u2014 Lointek Gernika Bizkaia (@GKesb) <a href=\"https:\/\/twitter.com\/GKesb\/status\/1970941959557792026?ref_src=twsrc%5Etfw\" rel=\"nofollow noopener\" target=\"_blank\">24 de septiembre de 2025<\/a><\/p><\/blockquote>\n<p class=\"article-body__text \">\n        El tiempo ha pasado y<strong> el genocidio en Israel contin\u00faa sin que por parte de los organismos deportivos se hayan tomado decisiones dr\u00e1sticas<\/strong>. En este caso, <strong>el Elitzur Ramla est\u00e1 decidido a disputar la <\/strong><a href=\"https:\/\/www.deia.eus\/tags\/eurocup\/\" title=\"Eurocup\" class=\"link copy\" rel=\"nofollow noopener\" target=\"_blank\"><strong>Eurocup<\/strong><\/a><strong> y para ello incorpor\u00f3 algunas jugadoras de buen nivel<\/strong>. Sin embargo, <strong>el club israel\u00ed ha planteado a sus rivales la posibilidad de jugar sus partidos fuera de Israel y as\u00ed lo har\u00e1 contra los otros dos rivales del grupo, el Uniao Sportiva Azores de Portugal y el NKA Universitas Pecs de Hungr\u00eda<\/strong>. <strong>El primer choque contra el Lointek Gernika est\u00e1 previsto para el 23 de octubre y, seg\u00fan el calendario, deb\u00eda jugar en Ramla. Pero eso no va a ocurrir y al club de la villa foral le ha llegado el mismo ofrecimiento, aunque no va a tomar una decisi\u00f3n hasta tener todos los cabos muy bien atado<\/strong>s porque cualquier medida puede ser mala para escapar de un laberinto que quiz\u00e1s no tenga salida.\n<\/p>\n<p class=\"article-body__text \">\n        <strong>Descartados el viaje a Israel y la retirada del Elitzur Ramla, la opci\u00f3n de disputar los dos partidos en suelo vizcaino supone un riesgo para la seguridad, sobre todo teniendo en cuenta que la estancia del cuadro israel\u00ed se prolongar\u00eda por no menos de cuatro d\u00eda<\/strong>s. <strong>Y que el <\/strong><a href=\"https:\/\/www.deia.eus\/tags\/lointek-gernika\/\" title=\"Lointek Gernika\" class=\"link copy\" rel=\"nofollow noopener\" target=\"_blank\"><strong>Lointek Gernika<\/strong><\/a><strong> se negara a jugar tampoco es una opci\u00f3n v\u00e1lida ya que se expondr\u00eda a alguna sanci\u00f3n deportiva y econ\u00f3mica<\/strong>, salvo que existiera un respaldo de la Federaci\u00f3n Espa\u00f1ola, que al fin y al cabo fue la que invit\u00f3 al club que preside Gerardo Candina a cubrir la retirada del Joventut.\n<\/p>\n<p class=\"article-body__text \">\n        <strong>La inacci\u00f3n del Comit\u00e9 Ol\u00edmpico Internacional y las federaciones internacionales es tota<\/strong>l, al menos hasta ahora, pero es el baloncesto europeo el que m\u00e1s la sufre ya que es el deporte con m\u00e1s equipos israel\u00edes en competici\u00f3n, incluida la selecci\u00f3n hebrea<strong>. Al menos, el Surne Bilbao Basket ha tenido suerte ya que en la <\/strong><a href=\"https:\/\/www.deia.eus\/tags\/fiba-europe-cup\/\" title=\"FIBA Europe Cup\" class=\"link copy\" rel=\"nofollow noopener\" target=\"_blank\"><strong>FIBA Europe Cup<\/strong><\/a><strong> no toman parte equipos de Israel<\/strong>. Todos los dem\u00e1s, excepto el rival del Lointek Gernika, van a disputar sus partidos como locales fuera de territorio israel\u00ed.<strong> En la Euroliga, el Maccabi Tel Aviv jugar\u00e1 en Belgrado y el Hapoel en Sof\u00eda. En la Eurocup, el Hapoel Jerusal\u00e9n tambi\u00e9n actuar\u00e1 como local en Belgrado<\/strong>. Este equipo debe visitar el 15 de octubre Manresa, donde ya existen movilizaciones para protestar por la presencia de ese equipo en la ciudad. Por \u00faltimo, <strong>en la Basketball Champions League la ciudad checa de Opava acoger\u00e1 al Bnei Herzliya, que debe medirse al Tenerife, y Szombathely, en Hungr\u00eda, ser\u00e1 la sede de los encuentros del Hapoel Holon, rival del Joventut.<\/strong>\n<\/p>\n<p>  <strong>Pancarta griega en Maloste <\/strong><\/p>\n<p class=\"article-body__text \">\n        La indignaci\u00f3n entre los seguidores del deporte en Europa es generalizada <strong>y ayer mismo las seis decenas de aficionados del Pas Giannina que estuvieron en la grada de Maloste, adem\u00e1s de no parar de animar a las suyas, exhibieron una pancarta con un mensaje claro, que como otros las autoridades deportivas siguen sin querer escuchar: \u201cGaza is the new Gernika. Antinazi Pas\u201d. \u201cGaza es el nuevo Gernika\u201d. <\/strong>\n<\/p>\n<p>            <script async src=\"https:\/\/platform.twitter.com\/widgets.js\" charset=\"utf-8\"><\/script><\/p>\n","protected":false},"excerpt":{"rendered":"Llegar a la fase de grupos de la Eurocup era el primer objetivo de la temporada para el&hellip;\n","protected":false},"author":2,"featured_media":137345,"comment_status":"","ping_status":"","sticky":false,"template":"","format":"standard","meta":{"footnotes":""},"categories":[269],"tags":[299,298,168,43318,25,24,832,3705,74,9276,43319,23,167],"class_list":{"0":"post-137344","1":"post","2":"type-post","3":"status-publish","4":"format-standard","5":"has-post-thumbnail","7":"category-baloncesto","8":"tag-baloncesto","9":"tag-basketball","10":"tag-deportes","11":"tag-elitzur","12":"tag-es","13":"tag-espana","14":"tag-eurocup","15":"tag-gernika","16":"tag-israel","17":"tag-lointek","18":"tag-ramla","19":"tag-spain","20":"tag-sports"},"share_on_mastodon":{"url":"","error":""},"_links":{"self":[{"href":"https:\/\/www.europesays.com\/es\/wp-json\/wp\/v2\/posts\/137344","targetHints":{"allow":["GET"]}}],"collection":[{"href":"https:\/\/www.europesays.com\/es\/wp-json\/wp\/v2\/posts"}],"about":[{"href":"https:\/\/www.europesays.com\/es\/wp-json\/wp\/v2\/types\/post"}],"author":[{"embeddable":true,"href":"https:\/\/www.europesays.com\/es\/wp-json\/wp\/v2\/users\/2"}],"replies":[{"embeddable":true,"href":"https:\/\/www.europesays.com\/es\/wp-json\/wp\/v2\/comments?post=137344"}],"version-history":[{"count":0,"href":"https:\/\/www.europesays.com\/es\/wp-json\/wp\/v2\/posts\/137344\/revisions"}],"wp:featuredmedia":[{"embeddable":true,"href":"https:\/\/www.europesays.com\/es\/wp-json\/wp\/v2\/media\/137345"}],"wp:attachment":[{"href":"https:\/\/www.europesays.com\/es\/wp-json\/wp\/v2\/media?parent=137344"}],"wp:term":[{"taxonomy":"category","embeddable":true,"href":"https:\/\/www.europesays.com\/es\/wp-json\/wp\/v2\/categories?post=137344"},{"taxonomy":"post_tag","embeddable":true,"href":"https:\/\/www.europesays.com\/es\/wp-json\/wp\/v2\/tags?post=137344"}],"curies":[{"name":"wp","href":"https:\/\/api.w.org\/{rel}","templated":true}]}}