{"id":137370,"date":"2025-09-25T07:00:14","date_gmt":"2025-09-25T07:00:14","guid":{"rendered":"https:\/\/www.europesays.com\/es\/137370\/"},"modified":"2025-09-25T07:00:14","modified_gmt":"2025-09-25T07:00:14","slug":"matums-gumrot-respondio-a-la-pelea-de-charles-olivira-en-ufc-rio","status":"publish","type":"post","link":"https:\/\/www.europesays.com\/es\/137370\/","title":{"rendered":"Matums Gumrot respondi\u00f3 a la pelea de Charles Olivira en UFC R\u00edo"},"content":{"rendered":"<p>        <a href=\"https:\/\/noticiashuesca.com\/wp-content\/uploads\/2025\/09\/Screenshot-2025-09-23-at-6.33.58E280AFPM.png\" data-caption=\"\" rel=\"nofollow noopener\" target=\"_blank\"><img loading=\"lazy\" decoding=\"async\" width=\"640\" height=\"333\" class=\"entry-thumb td-modal-image\" src=\"https:\/\/www.europesays.com\/es\/wp-content\/uploads\/2025\/09\/Screenshot-2025-09-23-at-6.33.58E280AFPM-640x333.png\"   alt=\"\" title=\"Screenshot-2025-09-23-at-6.33.58E280AFPM.png\"\/><\/a><\/p>\n<p class=\"duet--article--dangerously-set-cms-markup duet--article--standard-paragraph _1nfb3k4i _16w9vov1 _16w9vov0 ls9zuh1\">No. 8 ranned Ultimate Fighting Championship (UFC) Ligero ligero <strong>Madera<\/strong> Acabo de obtener la mayor oportunidad de su carrera. Hoy temprano, el concursante polaco se enter\u00f3 de que titular\u00eda UFC R\u00edo solo tres semanas contra el antiguo Kingpin ligero (s\u00e1bado, 11 de octubre de 2025) <strong>Charles Olivira<\/strong> Dentro de la arena de la farmacia en R\u00edo de Janeiro, Brasil.<\/p>\n<p class=\"duet--article--dangerously-set-cms-markup duet--article--standard-paragraph _1nfb3k4i _16w9vov1 _16w9vov0 ls9zuh1\">Este anuncio lleg\u00f3 a muchos como un impulso para muchos, pero nadie se sorprendi\u00f3 que Gamrot. Uno de sus entrenadores, <strong>Lucas Jaboroski<\/strong>Su luchador captur\u00f3 la noticia en el momento en que recibi\u00f3 la noticia de que titular\u00eda su cuarta tarjeta UFC.<\/p>\n<p class=\"duet--article--dangerously-set-cms-markup duet--article--standard-paragraph _1nfb3k4i _16w9vov1 _16w9vov0 ls9zuh1\">La reacci\u00f3n de Gamrot fue pura sorpresa mezclada con incredulidad. \u00c9l es un largo \u201cwhoaaaaaaaaaaaaaaaaaaaaaaaaaaaaaaaaaaaaaaaaaaaaaaaaaaaaaaaaaaaaaaaaaaaaaaaaaaaaaa. Antes de decir algo en el polaco y salir del autom\u00f3vil, un hombre como empacar alrededor del estacionamiento solo est\u00e1 tratando de procesar el boleto de oro.<\/p>\n<p class=\"duet--article--dangerously-set-cms-markup duet--article--standard-paragraph _1nfb3k4i _16w9vov1 _16w9vov0 ls9zuh1\">Al final, nada de esto es importante: Gamrot recibi\u00f3 una llamada y el enfrentamiento est\u00e1 configurado.<\/p>\n<p class=\"duet--article--dangerously-set-cms-markup duet--article--standard-paragraph _1nfb3k4i _16w9vov1 _16w9vov0 ls9zuh1\">El concursante polaco cre\u00f3 en silencio una fuerte historia de vida a \u00a3 155, sus \u00faltimas cinco peleas fueron a 4-1. Recientemente gan\u00f3 una decisi\u00f3n un\u00e1nime <strong>Ludovit limpio<\/strong> Un perfecto 3-0 en UFC Vegas 107 y eventos originales de UFC. Gamrot ahora ha tenido la oportunidad de sorprender al mundo en la regi\u00f3n enemiga mientras lucha con uno de los antiguos ex campeones m\u00e1s queridos de Brasil.<\/p>\n<p class=\"duet--article--dangerously-set-cms-markup duet--article--standard-paragraph _1nfb3k4i _16w9vov1 _16w9vov0 ls9zuh1\"><strong>Haga clic aqu\u00ed para ver la \u00faltima tarjeta de lucha de UFC Rio y rumores.<\/strong><\/p>\n<p><a href=\"https:\/\/www.mmamania.com\/ufc-news\/391110\/video-watch-exact-moment-mateusz-gamrot-wins-charles-oliveira-ufc-rio-main-event-sweepstakes-whoa?rand=234\" rel=\"nofollow noopener\" target=\"_blank\">Enlace fuente<\/a><\/p>\n","protected":false},"excerpt":{"rendered":"No. 8 ranned Ultimate Fighting Championship (UFC) Ligero ligero Madera Acabo de obtener la mayor oportunidad de su&hellip;\n","protected":false},"author":2,"featured_media":137371,"comment_status":"","ping_status":"","sticky":false,"template":"","format":"standard","meta":{"footnotes":""},"categories":[276],"tags":[168,25,24,23,167,343],"class_list":{"0":"post-137370","1":"post","2":"type-post","3":"status-publish","4":"format-standard","5":"has-post-thumbnail","7":"category-ufc","8":"tag-deportes","9":"tag-es","10":"tag-espana","11":"tag-spain","12":"tag-sports","13":"tag-ufc"},"share_on_mastodon":{"url":"","error":""},"_links":{"self":[{"href":"https:\/\/www.europesays.com\/es\/wp-json\/wp\/v2\/posts\/137370","targetHints":{"allow":["GET"]}}],"collection":[{"href":"https:\/\/www.europesays.com\/es\/wp-json\/wp\/v2\/posts"}],"about":[{"href":"https:\/\/www.europesays.com\/es\/wp-json\/wp\/v2\/types\/post"}],"author":[{"embeddable":true,"href":"https:\/\/www.europesays.com\/es\/wp-json\/wp\/v2\/users\/2"}],"replies":[{"embeddable":true,"href":"https:\/\/www.europesays.com\/es\/wp-json\/wp\/v2\/comments?post=137370"}],"version-history":[{"count":0,"href":"https:\/\/www.europesays.com\/es\/wp-json\/wp\/v2\/posts\/137370\/revisions"}],"wp:featuredmedia":[{"embeddable":true,"href":"https:\/\/www.europesays.com\/es\/wp-json\/wp\/v2\/media\/137371"}],"wp:attachment":[{"href":"https:\/\/www.europesays.com\/es\/wp-json\/wp\/v2\/media?parent=137370"}],"wp:term":[{"taxonomy":"category","embeddable":true,"href":"https:\/\/www.europesays.com\/es\/wp-json\/wp\/v2\/categories?post=137370"},{"taxonomy":"post_tag","embeddable":true,"href":"https:\/\/www.europesays.com\/es\/wp-json\/wp\/v2\/tags?post=137370"}],"curies":[{"name":"wp","href":"https:\/\/api.w.org\/{rel}","templated":true}]}}