{"id":137382,"date":"2025-09-25T07:09:08","date_gmt":"2025-09-25T07:09:08","guid":{"rendered":"https:\/\/www.europesays.com\/es\/137382\/"},"modified":"2025-09-25T07:09:08","modified_gmt":"2025-09-25T07:09:08","slug":"la-escritora-que-ha-imaginado-la-vida-que-le-arrebataron-a-su-abuelo-fusilado-en-la-guerra-civil","status":"publish","type":"post","link":"https:\/\/www.europesays.com\/es\/137382\/","title":{"rendered":"La escritora que ha imaginado la vida que le arrebataron a su abuelo fusilado en la Guerra Civil"},"content":{"rendered":"<p><img decoding=\"async\" src=\"https:\/\/www.europesays.com\/es\/wp-content\/uploads\/2025\/09\/1758784148_368_default.jpg\" itemprop=\"image\" width=\"100%\" alt=\"\"\/><\/p>\n<p><b>Soraya Romero Hern\u00e1ndez<\/b><\/p>\n<p><b>Editorial: <\/b>Kailas<\/p>\n<p><b>A\u00f1o de publicaci\u00f3n original: <\/b>2025<\/p>\n<p>Dec\u00eda <b><a title=\"Carlos Ruiz Zaf\u00f3n\" href=\"https:\/\/www.lasexta.com\/ahoraqueleo\/virales\/guia-barcelona-carlos-ruiz-zafon-cementerio-libros-olvidados-plaza-nuria-monfort_2022080262e23b2d47c4540001008f41.html\" target=\"_blank\" rel=\"nofollow noopener\">Carlos Ruiz Zaf\u00f3n<\/a><\/b> que \u00absomos porque alguien nos recuerda\u00bb. En este ejercicio de memoria, <b>Nicomedes Romero <\/b>pervive \u2014y se convierte en inmortal\u2014 en el recuerdo de su nieta. Pero es tambi\u00e9n todas las vidas posibles que pudo haber tenido y le arrebataron, porque fue fusilado en la <b><a title=\"Guerra Civil\" href=\"https:\/\/www.lasexta.com\/ahoraqueleo\/virales\/bisnietos-guerra-civil-ahora-son-escritores-estan-contando-nuestra-historia-como-nunca_202404196620e13ec18d40000184fe35.html\" target=\"_blank\" rel=\"nofollow noopener\">Guerra Civil<\/a><\/b>.<\/p>\n<blockquote><p> Soraya Romero Hern\u00e1ndez le regala al lector, y a su abuelo asesinado, una narrativa que dignifica su vida y la de tantos masacrados <\/p><\/blockquote>\n<p>En ese \u00abqu\u00e9 hubiera pasado si&#8230;\u00bb, <b><a title=\"Soraya Romero Hern\u00e1ndez \" href=\"https:\/\/www.lasexta.com\/ahoraqueleo\/autores-libros\/escritora-que-reparado-dolor-bisabuela-descubriendo-que-fue-abandonada-inclusa-madrid_202312016569a4c762c50d0001a9a16f.html\" target=\"_blank\" rel=\"nofollow noopener\">Soraya Romero Hern\u00e1ndez <\/a><\/b>le regala al lector, y a su abuelo asesinado, una narrativa que dignifica su vida y la de <b><a title=\"tantas personas que fueron masacradas\" href=\"https:\/\/www.lasexta.com\/ahoraqueleo\/libros\/abismo-olvido-desgarrador-comic-paco-roca-que-nos-pone-piel-fusilados-franquismo_202312186580462bd7b0c30001967a60.html\" target=\"_blank\" rel=\"nofollow noopener\">tantas personas que fueron masacradas<\/a><\/b>. Aunque someta a sus antepasados a quedar marcados como las manzanas podridas en el cesto. Entre barros, lodo y cieno, la autora bucea en un argumento que engancha y que nos hace viajar a ese exilio imaginado junto al protagonista, en una trenza hist\u00f3rica entre <b>Espa\u00f1a y M\u00e9xico<\/b>.<\/p>\n<p>La vida posible de <b>Nicomedes <\/b>no es f\u00e1cil. Arrastra en la lectura y nos introduce en un viaje, de dif\u00edcil retorno, a un exilio obligado. Primero a <b>Portugal<\/b> y despu\u00e9s a <b><a title=\"Am\u00e9rica\" href=\"https:\/\/www.lasexta.com\/ahoraqueleo\/libros\/1491-historia-americas-antes-colon-charles-mann_2022080262e93992b4b110000148d804.html\" target=\"_blank\" rel=\"nofollow noopener\">Am\u00e9rica<\/a><\/b>. Su itinerario vital resulta ser un pasaporte marcado por la violencia y un juego de luces y sombras donde tiene que inventarse otra identidad para sobrevivir. Pero el protagonista ya lo advierte en una de sus cartas: \u00abLa verdad no importa, porque la mayor\u00eda de las veces la verdad tambi\u00e9n puede inventarse\u00bb.<\/p>\n<p>Escapar del pozo infinito del olvido<\/p>\n<p>El relato avanza con un ritmo que engancha, sostenido por la tensi\u00f3n entre<b> realidad y ficci\u00f3n<\/b> que remueve el suelo que pisa. Aderezado con citas po\u00e9ticas y hasta con <b>una propuesta de playlist <\/b>musical pero sin ning\u00fan artificio, se despliegan todas las piezas de un rompecabezas que no puede quedar inconcluso, el puzle de <b>la memoria desdibujada de su propia familia<\/b>. Porque Soraya Romero Hern\u00e1ndez vuelve a regalar en esta literatura una ventana a su vida y a su pasado, aunque cueste asomarse.<\/p>\n<blockquote><p> &#8216;Demasiado ayer&#8217; trata de combatir con literatura el olvido al que algunos quieren condenar nuestra historia <\/p><\/blockquote>\n<p>\u00abHace un tiempo empezaron a dolerme heridas que no eran propias, verdades a las que les apremiaba escapar del pozo infinito del olvido, de la muerte definitiva e irreversible que es la de <b><a title=\"la desaparici\u00f3n de la memoria\" href=\"https:\/\/www.lasexta.com\/ahoraqueleo\/autores-libros\/david-ucles-desmemoria-historica-jovenes-estan-banalizando-figura-franco-eso-peligro_2025032067da77ab9d5e6500017248bd.html\" target=\"_blank\" rel=\"nofollow noopener\">la desaparici\u00f3n de la memoria<\/a><\/b>\u00ab. As\u00ed lo cuenta la autora en el ep\u00edlogo, en el que reflexiona sobre la necesidad de hilvanar con las palabras precisas un relato reparador.<\/p>\n<p>Como tambi\u00e9n hiciera con su anterior novela, <b><a title=\"La semilla del silencio\" href=\"https:\/\/www.lasexta.com\/ahoraqueleo\/libros\/semillas-silencio-historia-institucion-religiosa-que-crio-mas-600000-hijos-vicio_2023113065687df60ec7c80001ae8f07.html\" target=\"_blank\" rel=\"nofollow noopener\">La semilla del silencio<\/a><\/b>, presenta su propio jaque en un tablero personal y familiar, incluyendo <b>documentaci\u00f3n sobre los hechos hist\u00f3ricos <\/b>que novela. Una reflexi\u00f3n punzante, que nos duele como sociedad, para combatir con cuidada literatura ese olvido al que algunos quieren condenar nuestra historia.<\/p>\n<p>Sigue el <b><a title=\"canal de Ahora Qu\u00e9 Leo en WhatsApp\" href=\"https:\/\/whatsapp.com\/channel\/0029VaRsQjkFsn0ZyeLlFd3n\" target=\"_blank\" rel=\"nofollow noopener\">canal de Ahora Qu\u00e9 Leo en WhatsApp<\/a><\/b> para estar al tanto de todas nuestras rese\u00f1as, reportajes y entrevistas.<\/p>\n","protected":false},"excerpt":{"rendered":"Soraya Romero Hern\u00e1ndez Editorial: Kailas A\u00f1o de publicaci\u00f3n original: 2025 Dec\u00eda Carlos Ruiz Zaf\u00f3n que \u00absomos porque alguien&hellip;\n","protected":false},"author":2,"featured_media":137383,"comment_status":"","ping_status":"","sticky":false,"template":"","format":"standard","meta":{"footnotes":""},"categories":[172],"tags":[224,146,147,25,24,225,23],"class_list":{"0":"post-137382","1":"post","2":"type-post","3":"status-publish","4":"format-standard","5":"has-post-thumbnail","7":"category-libros","8":"tag-books","9":"tag-entertainment","10":"tag-entretenimiento","11":"tag-es","12":"tag-espana","13":"tag-libros","14":"tag-spain"},"share_on_mastodon":{"url":"","error":""},"_links":{"self":[{"href":"https:\/\/www.europesays.com\/es\/wp-json\/wp\/v2\/posts\/137382","targetHints":{"allow":["GET"]}}],"collection":[{"href":"https:\/\/www.europesays.com\/es\/wp-json\/wp\/v2\/posts"}],"about":[{"href":"https:\/\/www.europesays.com\/es\/wp-json\/wp\/v2\/types\/post"}],"author":[{"embeddable":true,"href":"https:\/\/www.europesays.com\/es\/wp-json\/wp\/v2\/users\/2"}],"replies":[{"embeddable":true,"href":"https:\/\/www.europesays.com\/es\/wp-json\/wp\/v2\/comments?post=137382"}],"version-history":[{"count":0,"href":"https:\/\/www.europesays.com\/es\/wp-json\/wp\/v2\/posts\/137382\/revisions"}],"wp:featuredmedia":[{"embeddable":true,"href":"https:\/\/www.europesays.com\/es\/wp-json\/wp\/v2\/media\/137383"}],"wp:attachment":[{"href":"https:\/\/www.europesays.com\/es\/wp-json\/wp\/v2\/media?parent=137382"}],"wp:term":[{"taxonomy":"category","embeddable":true,"href":"https:\/\/www.europesays.com\/es\/wp-json\/wp\/v2\/categories?post=137382"},{"taxonomy":"post_tag","embeddable":true,"href":"https:\/\/www.europesays.com\/es\/wp-json\/wp\/v2\/tags?post=137382"}],"curies":[{"name":"wp","href":"https:\/\/api.w.org\/{rel}","templated":true}]}}