{"id":137398,"date":"2025-09-25T07:19:09","date_gmt":"2025-09-25T07:19:09","guid":{"rendered":"https:\/\/www.europesays.com\/es\/137398\/"},"modified":"2025-09-25T07:19:09","modified_gmt":"2025-09-25T07:19:09","slug":"manuel-roman-gana-las-elecciones-de-santa-genoveva-abc","status":"publish","type":"post","link":"https:\/\/www.europesays.com\/es\/137398\/","title":{"rendered":"Manuel Rom\u00e1n gana las elecciones de Santa Genoveva &#8211; ABC"},"content":{"rendered":"<ol>\n<li><a href=\"https:\/\/news.google.com\/rss\/articles\/CBMi1wFBVV95cUxOZUxFSEFvSkY0QkNUMmFTRHVOY3lTTWRXS196dEZFdUhyejZYb2puRG12czJwRk9CZHhHVmRPZTc3U0lzWTNOWDhCN3pkNmVPbzF0X3VaeDFJVUNkaXhZcUp3WXcyYnJVTEs2Vm96OVl1Z3p6UU8zdC1yNUx3OUhrX2Q4a1Y0MmlzXzBrLTNHeDhZQWVUSGtLcUZBeWhaTjItaEtDUmJBVXNLNmFSQnZqaWc0QkFtNkFZT3hRdHNiUzU1QWltbjJQeEZkVVFtaUl3OHVWWVpnb9IB3AFBVV95cUxQTnhjaGtBampNYi1ZaHlqQ1MwTHNhUmFuRjBCdS1aaVFxblIwNHFCRWR4eExxQmpldHJtdG5UelJTRW1kWHRveUNOdWN2NC1JS2pKeDJMNm5waERuSzJJdDZSRU05Tzlta2NTcVJvMXpoejRhaGpneU5SVEZmM2FyY2NtWm9GWkg1OUFPSnNDcTl1MWZCVnA1RFFoSmtoRGtKUGxLSERsX3Y3TFFfdW5TMjBsSFN1SDhBeFhBeWhkaGxha3p3TndkTDZ2QzlBZ1ItcU9hRjRMdUlRUDNw?oc=5\" target=\"_blank\" rel=\"nofollow noopener\">Manuel Rom\u00e1n gana las elecciones de Santa Genoveva<\/a>&nbsp;&nbsp;ABC<\/li>\n<li><a href=\"https:\/\/news.google.com\/rss\/articles\/CBMinAFBVV95cUxOa0d0R2tKTmJpSEt1RzNIZllDWnV4eURiOFZsZzNLNFJCcVRSUWM5OHV2c1h0WDdlTm02RXoxZnVTY2draThVMGM3Z185ZHFNdWZ1VmpiWE9VVDRaOXNLOGdfUkxaWGpNNzIxdTRielBYRWpSRDRvVmhGTzg2NlFaTEJReGREbE9VVDJIYlFxUXdHdnVvOERlUExGUnDSAaIBQVVfeXFMTjJDa1V3WF8wM0FTZlVqVlV3Q0w0d25UOHRiYW1xYjhBSHlaNzdpUkREVjhaRDBVeDg2cVExTVVsNEZ6UEpWVUQzbG1jNTkwd0t2MlQ4RkVaZFVaZjRwSTBHS043MS14Y0hibHV3MzRuM0lscURtNFhnYkliT3ctWnM3dFUwLXdLNWEtZXdsc2ZxUHJiRWlqbFo3eVpzdmJQV3Vn?oc=5\" target=\"_blank\" rel=\"nofollow noopener\">Manuel Rom\u00e1n gana las elecciones en Santa Genoveva<\/a>&nbsp;&nbsp;Diario de Sevilla<\/li>\n<li><a href=\"https:\/\/news.google.com\/rss\/articles\/CBMi3wFBVV95cUxOd3pRcy0yUkM4aUw1Wk4tVEdDTjdXV0szM20zMVo1SkNRYmRvWlhvYTVxVmI5cVV0dkV1aTUyRFU5T0FiSjZWVUtHdExCWFFTT2ZnaXh4QUc1bWtHdXFMY0JkeU5fRFg0Q2pPR1VFNnBxeUp0VEtIRUozTFFUUlAtckRVV2JsSUJfc2xubWExSTFPUjRTYnZIOGJzNTBJU1RBNGZfRVdPZ0tpOGpOLWlSTGJndDJTUHRkOHhuX2NBb2Vkb05Qb1NPdVY2dm5CSlY0cUZRZnlPTE5iVXdfR2Jr0gHzAUFVX3lxTFBnSmRZcG1jVW9TSXdEc2t3TjZxUl83aDhXQlRfa0hZMndrTWgyNVpRSnN1RWc4dWN0MDR5SFFWOWZkMHg4aFBuZDZQTlZQUUU5eWVQTVJjUmRUdXVYaThwNVk3LXhWOHNtTHN1LXRiOG5qVlpvR0xIR1JOekR5bk1pUHJDRFZiRVdKR2Q2QWUxU0lpZHdmS1lVS29FTE9aQ3VCUDhMSGRIN09sOW83YlZPOGNncUlMOTFhNDM4dTNMQng2dFRKODlRMnNiaVFtc1c1UVBMYnZmSnNwYWdrTDRKZTlSdkJ2VEwyTkotUk1Malhsdw?oc=5\" target=\"_blank\" rel=\"nofollow noopener\">Manuel Rom\u00e1n y Jos\u00e9 Manuel Gamboa optan este mi\u00e9rcoles a hermano mayor de Santa Genoveva<\/a>&nbsp;&nbsp;Cadena SER<\/li>\n<li><a href=\"https:\/\/news.google.com\/rss\/articles\/CBMi4gFBVV95cUxOT2txYTVMci1CRWd0UlM0eE9oT0xyYWVaNFdNdXRaeTBBeUZ5c0V6TXY5T2xoeG5kV3hPemFlWjlfWEpZRWR3SDd3Y3VVYlhyTXVKRmxRRXlneUdqTGp2bnpuTGRSZk5nMWtxNmlxYTRWOFpZTXdONUFhYzg3dFJVU20wTkRWa29ITVk3REhFNGZ6c3c0dTNmNzlOd0JiWkxHNVFZODRHSFAyTHU2YVZROWM4ZTNyWjdxbnlDTVRUUlh3aEhuM3RZTEJoaFJiOUtaWkVjRDhWU01pa3JMTXJfREZB?oc=5\" target=\"_blank\" rel=\"nofollow noopener\">Jos\u00e9 Manuel Gamboa, candidato de Santa Genoveva: \u00abEl proyecto importante es la construcci\u00f3n del centro social\u00bb<\/a>&nbsp;&nbsp;ABC<\/li>\n<li><a href=\"https:\/\/news.google.com\/rss\/articles\/CBMizwFBVV95cUxNdllGYlRSWmhQd2FmcHh3Rkl4Ym5YYWU5YVZHQkYwLW1JMEpqXzM3STliR3NYY05EcUFzemZ0WE16dUZmckxUcmw4VlFFU1ZHUG5nQ2FZYmF0cUhPb1QzZEZKa0dhOGVYYU9rWVZwbUEyNWNXcWdyT0NUUWFQd3FXS0VKRUlvWVhMeUNlSFJSWVQ1dmpseC1EN2RCSloyeEkwdnA5LUt0MUkySVVhREZzV1VlQURQYUNXOXJ6TVlUdGJKR0w5cjMtWk12dTExQ3c?oc=5\" target=\"_blank\" rel=\"nofollow noopener\">Manuel Rom\u00e1n, candidato de Santa Genoveva: \u00abNo contemplamos cambiar de sitio dentro del Lunes Santo\u00bb<\/a>&nbsp;&nbsp;ABC<\/li>\n<\/ol>\n","protected":false},"excerpt":{"rendered":"Manuel Rom\u00e1n gana las elecciones de Santa Genoveva&nbsp;&nbsp;ABC Manuel Rom\u00e1n gana las elecciones en Santa Genoveva&nbsp;&nbsp;Diario de Sevilla&hellip;\n","protected":false},"author":2,"featured_media":136484,"comment_status":"","ping_status":"","sticky":false,"template":"","format":"standard","meta":{"footnotes":""},"categories":[8],"tags":[17,18,25,24,13,14,11,19,20,9,10,15,16,23,12,21,22],"class_list":{"0":"post-137398","1":"post","2":"type-post","3":"status-publish","4":"format-standard","5":"has-post-thumbnail","7":"category-espana","8":"tag-breaking-news","9":"tag-breakingnews","10":"tag-es","11":"tag-espana","12":"tag-featured-news","13":"tag-featurednews","14":"tag-headlines","15":"tag-latest-news","16":"tag-latestnews","17":"tag-news","18":"tag-noticias","19":"tag-noticias-destacadas","20":"tag-noticiasdestacadas","21":"tag-spain","22":"tag-titulares","23":"tag-ultimas-noticias","24":"tag-ultimasnoticias"},"share_on_mastodon":{"url":"","error":""},"_links":{"self":[{"href":"https:\/\/www.europesays.com\/es\/wp-json\/wp\/v2\/posts\/137398","targetHints":{"allow":["GET"]}}],"collection":[{"href":"https:\/\/www.europesays.com\/es\/wp-json\/wp\/v2\/posts"}],"about":[{"href":"https:\/\/www.europesays.com\/es\/wp-json\/wp\/v2\/types\/post"}],"author":[{"embeddable":true,"href":"https:\/\/www.europesays.com\/es\/wp-json\/wp\/v2\/users\/2"}],"replies":[{"embeddable":true,"href":"https:\/\/www.europesays.com\/es\/wp-json\/wp\/v2\/comments?post=137398"}],"version-history":[{"count":0,"href":"https:\/\/www.europesays.com\/es\/wp-json\/wp\/v2\/posts\/137398\/revisions"}],"wp:featuredmedia":[{"embeddable":true,"href":"https:\/\/www.europesays.com\/es\/wp-json\/wp\/v2\/media\/136484"}],"wp:attachment":[{"href":"https:\/\/www.europesays.com\/es\/wp-json\/wp\/v2\/media?parent=137398"}],"wp:term":[{"taxonomy":"category","embeddable":true,"href":"https:\/\/www.europesays.com\/es\/wp-json\/wp\/v2\/categories?post=137398"},{"taxonomy":"post_tag","embeddable":true,"href":"https:\/\/www.europesays.com\/es\/wp-json\/wp\/v2\/tags?post=137398"}],"curies":[{"name":"wp","href":"https:\/\/api.w.org\/{rel}","templated":true}]}}