{"id":137425,"date":"2025-09-25T07:37:12","date_gmt":"2025-09-25T07:37:12","guid":{"rendered":"https:\/\/www.europesays.com\/es\/137425\/"},"modified":"2025-09-25T07:37:12","modified_gmt":"2025-09-25T07:37:12","slug":"tomar-cualquier-nivel-de-alcohol-eleva-el-riesgo-de-demencia","status":"publish","type":"post","link":"https:\/\/www.europesays.com\/es\/137425\/","title":{"rendered":"Tomar cualquier nivel de alcohol eleva el riesgo de demencia"},"content":{"rendered":"<p class=\"ft-text\">Beber alcohol incrementa, probablemente, el riesgo de padecer demencia, y cuanto mayor sea la ingesta, m\u00e1s alta es la probabilidad. Aunque el incremento del riesgo es muy peque\u00f1o en dosis muy bajas, no hay ning\u00fan nivel de consumo, por reducido que sea, que produzca un efecto protector frente al deterioro cognitivo. Esta conclusi\u00f3n, similar a la de otros estudios sobre el alcohol y el riesgo de padecer c\u00e1ncer, se deriva del mayor estudio observacional y gen\u00e9tico combinado sobre alcohol y demencia realizado hasta la fecha, que se acaba de publicar en la revista BMJ Evidence-Based Medicine.<\/p>\n<p class=\"ft-text\">Algunos estudios apuntaban a una \u00abdosis \u00f3ptima\u00bb de alcohol para la salud cerebral. Sin embargo, explican los investigadores, la mayor\u00eda de estos estudios se han centrado en personas mayores o no han diferenciado entre exbebedores y abstemios de toda la vida, lo que dificulta inferir una causa.<\/p>\n<p class=\"ft-text\">Para sortear este problema, los autores del estudio \u2014cuya primera firmante es Anya Topiwala, investigadora principal en el Departamento de Psiquiatr\u00eda de la Universidad de Oxford, y que incluye tambi\u00e9n cient\u00edficos de Cambridge (Reino Unido), California, Yale y Harvard (EE UU)\u2014 utilizaron la aleatorizaci\u00f3n mendeliana, un m\u00e9todo de estudio gen\u00e9tico que utiliza la variaci\u00f3n natural de los genes para investigar la relaci\u00f3n causal entre un factor de riesgo (en este caso, el consumo de alcohol) y una enfermedad (la demencia).<\/p>\n<p class=\"ft-text\">Analizaron dos cohortes poblacionales a gran escala: el Programa del Mill\u00f3n de Veteranos de EE UU y el Biobanco del Reino Unido. En total, al inicio del estudio se incluyeron 559.559 adultos de 56 a 72 a\u00f1os en los an\u00e1lisis observacionales, con un seguimiento medio de 4 a\u00f1os en la cohorte estadounidense y 12 a\u00f1os en la cohorte del Reino Unido. De ellos, 14.540 desarrollaron demencia de alg\u00fan tipo durante el per\u00edodo de seguimiento y 48.034 murieron. Para los an\u00e1lisis gen\u00e9ticos utilizaron datos de 2,4 millones de personas.<\/p>\n","protected":false},"excerpt":{"rendered":"Beber alcohol incrementa, probablemente, el riesgo de padecer demencia, y cuanto mayor sea la ingesta, m\u00e1s alta es&hellip;\n","protected":false},"author":2,"featured_media":115888,"comment_status":"","ping_status":"","sticky":false,"template":"","format":"standard","meta":{"footnotes":""},"categories":[92],"tags":[8744,3213,1289,8369,25,24,165,3579,2444,1288,166,23],"class_list":{"0":"post-137425","1":"post","2":"type-post","3":"status-publish","4":"format-standard","5":"has-post-thumbnail","7":"category-salud","8":"tag-alcohol","9":"tag-consumo","10":"tag-demencia","11":"tag-eleva","12":"tag-es","13":"tag-espana","14":"tag-health","15":"tag-nivel","16":"tag-reino-unido","17":"tag-riesgo","18":"tag-salud","19":"tag-spain"},"share_on_mastodon":{"url":"","error":""},"_links":{"self":[{"href":"https:\/\/www.europesays.com\/es\/wp-json\/wp\/v2\/posts\/137425","targetHints":{"allow":["GET"]}}],"collection":[{"href":"https:\/\/www.europesays.com\/es\/wp-json\/wp\/v2\/posts"}],"about":[{"href":"https:\/\/www.europesays.com\/es\/wp-json\/wp\/v2\/types\/post"}],"author":[{"embeddable":true,"href":"https:\/\/www.europesays.com\/es\/wp-json\/wp\/v2\/users\/2"}],"replies":[{"embeddable":true,"href":"https:\/\/www.europesays.com\/es\/wp-json\/wp\/v2\/comments?post=137425"}],"version-history":[{"count":0,"href":"https:\/\/www.europesays.com\/es\/wp-json\/wp\/v2\/posts\/137425\/revisions"}],"wp:featuredmedia":[{"embeddable":true,"href":"https:\/\/www.europesays.com\/es\/wp-json\/wp\/v2\/media\/115888"}],"wp:attachment":[{"href":"https:\/\/www.europesays.com\/es\/wp-json\/wp\/v2\/media?parent=137425"}],"wp:term":[{"taxonomy":"category","embeddable":true,"href":"https:\/\/www.europesays.com\/es\/wp-json\/wp\/v2\/categories?post=137425"},{"taxonomy":"post_tag","embeddable":true,"href":"https:\/\/www.europesays.com\/es\/wp-json\/wp\/v2\/tags?post=137425"}],"curies":[{"name":"wp","href":"https:\/\/api.w.org\/{rel}","templated":true}]}}