{"id":137432,"date":"2025-09-25T07:41:14","date_gmt":"2025-09-25T07:41:14","guid":{"rendered":"https:\/\/www.europesays.com\/es\/137432\/"},"modified":"2025-09-25T07:41:14","modified_gmt":"2025-09-25T07:41:14","slug":"intervencion-del-presidente-del-gobierno-pedro-sanchez-en-la-segunda-edicion-del-evento-en-defensa-de-la-democracia-luchando-contra-el-extremismo","status":"publish","type":"post","link":"https:\/\/www.europesays.com\/es\/137432\/","title":{"rendered":"Intervenci\u00f3n del presidente del Gobierno, Pedro S\u00e1nchez, en la segunda edici\u00f3n del evento \u00abEn defensa de la democracia, luchando contra el extremismo\u00bb"},"content":{"rendered":"<p class=\"news-location\">Nueva York (EEUU)<\/p>\n<p class=\"Centrado\"><strong>INTERVENCI\u00d3N DEL PRESIDENTE DEL GOBIERNO, PEDRO S\u00c1NCHEZ<\/strong><\/p>\n<p class=\"Justificado\">El presidente de Espa\u00f1a, Gabriel, por solidaridad, va a terminar la intervenci\u00f3n aqu\u00ed. Porque me parece que es m\u00e1s importante escuchar a aquellos colegas que se incorporan a esta red de gobiernos, de think tanks, de premios nobeles, por defender com\u00fanmente esa causa que tenemos que es la de la democracia.<\/p>\n<p class=\"Justificado\">Con lo cual yo no intervendr\u00e9, as\u00ed que luego al cerrar la conferencia pues s\u00ed har\u00e9 alguna reflexi\u00f3n m\u00e1s, pero me interesa mucho escuchar a los colegas que est\u00e1n hoy aqu\u00ed presentes.<\/p>\n<p class=\"Justificado\">Muchas gracias Gabriel y gracias a todos los participantes. Como bien ha dicho el presidente de Chile, este es un foro que crece, es un foro vivo.<\/p>\n<p class=\"Justificado\">Y quiero agradecer, aprovechando que est\u00e1 el representante de las Naciones Unidas, tambi\u00e9n la hospitalidad del Secretario General, el habernos cedido esta sala tan importante para poder celebrar este tercer encuentro de este Foro en Defensa de la Democracia.<\/p>\n<p class=\"Justificado\">Creo que tenemos algunas tareas, algunas mejoras pendientes y miro a la expresidenta de Chile, necesitamos m\u00e1s mujeres que participen en las intervenciones y en las discusiones, y esos son los deberes, presidente Gabriel, que nos ponemos para el siguiente encuentro.<\/p>\n<p class=\"Justificado\">Y, sobre las propuestas, me recordaba antes Gabriel, presidente de Chile, que en la reuni\u00f3n precedente que tuvimos en Santiago, en la capital de Chile, se llegaron a unos acuerdos en materia de cooperaci\u00f3n, no solamente de think tanks, de centros, de tanques de pensamiento, sino tambi\u00e9n de propuestas concretas vinculadas con la gobernanza, el multilateralismo, el desaf\u00edo tecnol\u00f3gico y digital que representa particularmente la inteligencia artificial, algunas cuestiones vinculadas con el combate contra la desigualdad a escala nacional, pero tambi\u00e9n a escala global, por ejemplo, en el \u00e1mbito de la fiscalidad progresiva y justa y, por supuesto, tambi\u00e9n la participaci\u00f3n de la gente joven de la arquitectura multilateral vinculada con la juventud, particularmente la Organizaci\u00f3n Iberoamericana de Juventud, que lidera un observatorio multilateral de juventudes frente al extremismo.<\/p>\n<p class=\"Justificado\">En definitiva, estos son todos acuerdos que, \u00bfpor qu\u00e9 los quiero recordar? Porque aquellos participantes que por primera vez lo hacen en este foro en el a\u00f1o 2025, nos gustar\u00eda que pudieran adherirse a ellos y asumirlos como compromisos, porque creo que, en efecto, fue una reuni\u00f3n importante la que tuvimos en Santiago de Chile y queremos dar continuidad a esos compromisos.<\/p>\n<p class=\"Justificado\">Bueno, tambi\u00e9n decir que los compromisos que hemos alcanzado en el en el d\u00eda de hoy todos los participantes, que as\u00ed han tenido a bien, son los siguientes.<\/p>\n<p class=\"Justificado\">En primer lugar, establecer una red entre nuestros think tanks para avanzar en el pensamiento democr\u00e1tico y progresista, y por la informaci\u00f3n que yo tengo de la parte espa\u00f1ola, eso ya se ha puesto en marcha, se ha firmado, se ha acordado.<\/p>\n<p class=\"Justificado\">En segundo lugar, colaborar para una gobernanza de lo digital y de la tecnolog\u00eda al servicio de las personas. Y creo que esto est\u00e1 muy en colaci\u00f3n con uno de los acuerdos que logramos en Santiago de Chile hace escasos meses sobre la colaboraci\u00f3n internacional para la transparencia algor\u00edtmica y de gesti\u00f3n de datos en el entorno digital y la cooperaci\u00f3n t\u00e9cnica para una gobernanza digital democr\u00e1tica.<\/p>\n<p class=\"Justificado\">Tambi\u00e9n luchar contra la desinformaci\u00f3n clim\u00e1tica, algo que ha dicho el premio nobel de Econom\u00eda Joseph Stiglitz, y que se vincula con un acuerdo que se alcanz\u00f3 tambi\u00e9n en Santiago de Chile relativo al refuerzo a la iniciativa global de las Naciones Unidas y de la UNESCO para la integridad de la informaci\u00f3n sobre el cambio clim\u00e1tico.<\/p>\n<p class=\"Justificado\">Bueno, esto creo que tiene coherencia lo que hoy estamos acordando, con lo que se acord\u00f3 en Santiago de Chile, y creo que adem\u00e1s es uno de los elementos centrales: el que la democracia y tambi\u00e9n aquellos que tomamos decisiones desde el punto de vista pol\u00edtico, abracemos a la ciencia, respetemos a la ciencia e incorporemos el an\u00e1lisis cient\u00edfico en nuestra toma de decisiones.<\/p>\n<p class=\"Justificado\">Y finalmente, unirnos. Este es otro de los acuerdos que proponemos a los participantes en el d\u00eda de hoy, unirnos en la lucha contra el extremismo en nuestra juventud. Y eso, evidentemente tiene esa coherencia con lo acordado en Santiago de Chile cuando habl\u00e1bamos de la promoci\u00f3n de un observatorio multilateral de juventudes frente al extremismo, con el liderazgo de la Organizaci\u00f3n Iberoamericana de Juventud, para generar, dec\u00edamos entonces, datos, intercambiar buenas pr\u00e1cticas y dise\u00f1ar pol\u00edticas inclusivas desde una mirada interseccional y participativa.<\/p>\n<p class=\"Justificado\">En definitiva, quiero de nuevo agradecer la participaci\u00f3n de todas las delegaciones. La verdad es que nos complace, y mucho, el que cada vez haya m\u00e1s representantes de m\u00e1s continentes, singularmente del continente africano.<\/p>\n<p class=\"Justificado\">Creo que tenemos todav\u00eda deberes que hacer cuando hablamos del continente asi\u00e1tico. A ver si en la pr\u00f3xima, el pr\u00f3ximo encuentro, podemos tener representantes de todos los continentes, porque eso enriquece el debate.<\/p>\n<p class=\"Justificado\">Y s\u00ed quisiera invitaros a la pr\u00f3xima celebraci\u00f3n del foro que tendremos el gusto de convocar en la capital de mi pa\u00eds, de Espa\u00f1a, en Madrid, para que podamos en el a\u00f1o 2026 continuar con este foro, como he dicho antes, que crece, que es vivo y que, sobre todo, es inclusivo.<\/p>\n<p class=\"Justificado\">Como dec\u00eda antes el presidente del Consejo, Antonio Costa, cuando hablamos de democracia estamos hablando de un bien de todos y de todas.<\/p>\n<p class=\"Justificado\">Y, en ese sentido, pues trataremos de estar a la altura, como estuvo precisamente el Gobierno de Chile cuando celebramos una conferencia de este foro en defensa de la democracia exitosa como la que celebramos hace escasos meses en tu ciudad, querido Gabriel.<\/p>\n<p class=\"Justificado\">Y con esto, pues de nuevo agradeceros la participaci\u00f3n, agradeceros las intervenciones, las reflexiones, los acuerdos que tomamos y nos llevamos algunos deberes para Madrid.<\/p>\n<p class=\"Justificado\">Pero espero, como he dicho antes, estar a la altura.<\/p>\n<p class=\"Derecha\">  (Transcripci\u00f3n editada por la Secretar\u00eda de Estado de Comunicaci\u00f3n)<\/p>\n<p class=\"Derecha\">(Intervenci\u00f3n original en espa\u00f1ol)<\/p>\n","protected":false},"excerpt":{"rendered":"Nueva York (EEUU) INTERVENCI\u00d3N DEL PRESIDENTE DEL GOBIERNO, PEDRO S\u00c1NCHEZ El presidente de Espa\u00f1a, Gabriel, por solidaridad, va&hellip;\n","protected":false},"author":2,"featured_media":121663,"comment_status":"","ping_status":"","sticky":false,"template":"","format":"standard","meta":{"footnotes":""},"categories":[42],"tags":[17,18,13,14,11,61,62,63,64,19,20,9,10,15,16,12,21,22,65,66,67],"class_list":{"0":"post-137432","1":"post","2":"type-post","3":"status-publish","4":"format-standard","5":"has-post-thumbnail","7":"category-internacional","8":"tag-breaking-news","9":"tag-breakingnews","10":"tag-featured-news","11":"tag-featurednews","12":"tag-headlines","13":"tag-internacional","14":"tag-international","15":"tag-international-news","16":"tag-internationalnews","17":"tag-latest-news","18":"tag-latestnews","19":"tag-news","20":"tag-noticias","21":"tag-noticias-destacadas","22":"tag-noticiasdestacadas","23":"tag-titulares","24":"tag-ultimas-noticias","25":"tag-ultimasnoticias","26":"tag-world","27":"tag-world-news","28":"tag-worldnews"},"share_on_mastodon":{"url":"","error":""},"_links":{"self":[{"href":"https:\/\/www.europesays.com\/es\/wp-json\/wp\/v2\/posts\/137432","targetHints":{"allow":["GET"]}}],"collection":[{"href":"https:\/\/www.europesays.com\/es\/wp-json\/wp\/v2\/posts"}],"about":[{"href":"https:\/\/www.europesays.com\/es\/wp-json\/wp\/v2\/types\/post"}],"author":[{"embeddable":true,"href":"https:\/\/www.europesays.com\/es\/wp-json\/wp\/v2\/users\/2"}],"replies":[{"embeddable":true,"href":"https:\/\/www.europesays.com\/es\/wp-json\/wp\/v2\/comments?post=137432"}],"version-history":[{"count":0,"href":"https:\/\/www.europesays.com\/es\/wp-json\/wp\/v2\/posts\/137432\/revisions"}],"wp:featuredmedia":[{"embeddable":true,"href":"https:\/\/www.europesays.com\/es\/wp-json\/wp\/v2\/media\/121663"}],"wp:attachment":[{"href":"https:\/\/www.europesays.com\/es\/wp-json\/wp\/v2\/media?parent=137432"}],"wp:term":[{"taxonomy":"category","embeddable":true,"href":"https:\/\/www.europesays.com\/es\/wp-json\/wp\/v2\/categories?post=137432"},{"taxonomy":"post_tag","embeddable":true,"href":"https:\/\/www.europesays.com\/es\/wp-json\/wp\/v2\/tags?post=137432"}],"curies":[{"name":"wp","href":"https:\/\/api.w.org\/{rel}","templated":true}]}}