{"id":137444,"date":"2025-09-25T07:49:05","date_gmt":"2025-09-25T07:49:05","guid":{"rendered":"https:\/\/www.europesays.com\/es\/137444\/"},"modified":"2025-09-25T07:49:05","modified_gmt":"2025-09-25T07:49:05","slug":"evenepoel-y-el-record-de-la-hora","status":"publish","type":"post","link":"https:\/\/www.europesays.com\/es\/137444\/","title":{"rendered":"Evenepoel y el r\u00e9cord de la hora"},"content":{"rendered":"<p>El triple campe\u00f3n del mundo contrarreloj, Remco Evenepoel (Soudal), podr\u00eda intentar el asalto al r\u00e9cord de la hora. As\u00ed lo ha adelantado el padre del  &#8230; corredor, Patrick Evenepoel: \u00abQuiz\u00e1 s\u00ed. No lo hemos hablado de manera directa, pero pienso que en alg\u00fan momento le interesar\u00e1. Es exactamente el tipo de desaf\u00edo que le puede atraer\u00bb.<\/p>\n<p class=\"v-p\">Considera que su hijo \u00abcuenta con las cualidades adecuadas para lograrlo, aunque es una disciplina distinta. La contrarreloj sigue siendo su terreno natural y su gran objetivo inmediato es intentar un cuarto t\u00edtulo mundial. M\u00e1s adelante, el r\u00e9cord de la hora podr\u00eda convertirse en otra cima a conquistar\u00bb.<\/p>\n<p class=\"v-p\">Por el momento, la posibilidad no pasa de ser una hip\u00f3tesis y no hay ni fecha ni vel\u00f3dromo previstos. Evenepoel no conoce la pista, ya que lleg\u00f3 al ciclismo desde el f\u00fatbol y nunca ha practicado la modalidad, al contrario que Ganna, campe\u00f3n ol\u00edmpico y del mundo en los vel\u00f3dromos.<\/p>\n<p class=\"v-p\">Eddy Merckx, que bati\u00f3 el r\u00e9cord de la hora en 1972, sugiri\u00f3 este verano que el ciclismo disfrutar\u00eda si Evenepoel y Pogacar se retaran en esa prueba. \u00abEl esloveno es el mejor, el m\u00e1s completo. Y Remco tiene una aerodin\u00e1mica incre\u00edble. Ser\u00eda bonito que se atrevieran con ese reto\u00bb, dijo al diario Le Soir.<\/p>\n<p class=\"v-p\">Mientras tanto, Remco Evenepoel contin\u00faa en Ruanda preparando el Mundial de ruta, que se disputa el domingo. Ayer reconoci\u00f3 el recorrido acompa\u00f1ado por sus compa\u00f1eros de la selecci\u00f3n belga. Es el \u00fanico ciclista de la historia junto a Abraham Olano que es campe\u00f3n del mundo tanto en ruta como en l\u00ednea. Busca ser el primero en lograr los dos t\u00edtulos en la misma edici\u00f3n, un doblete que s\u00ed logr\u00f3 en los Juegos Ol\u00edmpicos de Par\u00eds.<\/p>\n<p>Ostolaza, sexta con el relevo<\/p>\n<p class=\"v-p\">Usoa Ostolaza acab\u00f3 en el sexto puesto de la prueba de relevos mixtos del Mundial con la selecci\u00f3n espa\u00f1ola. El t\u00edtulo fue para Australia.<\/p>\n","protected":false},"excerpt":{"rendered":"El triple campe\u00f3n del mundo contrarreloj, Remco Evenepoel (Soudal), podr\u00eda intentar el asalto al r\u00e9cord de la hora.&hellip;\n","protected":false},"author":2,"featured_media":137445,"comment_status":"","ping_status":"","sticky":false,"template":"","format":"standard","meta":{"footnotes":""},"categories":[273],"tags":[313,312,168,25,24,2680,1458,4722,23,167],"class_list":{"0":"post-137444","1":"post","2":"type-post","3":"status-publish","4":"format-standard","5":"has-post-thumbnail","7":"category-ciclismo","8":"tag-ciclismo","9":"tag-cycling","10":"tag-deportes","11":"tag-es","12":"tag-espana","13":"tag-evenepoel","14":"tag-hora","15":"tag-record","16":"tag-spain","17":"tag-sports"},"share_on_mastodon":{"url":"","error":""},"_links":{"self":[{"href":"https:\/\/www.europesays.com\/es\/wp-json\/wp\/v2\/posts\/137444","targetHints":{"allow":["GET"]}}],"collection":[{"href":"https:\/\/www.europesays.com\/es\/wp-json\/wp\/v2\/posts"}],"about":[{"href":"https:\/\/www.europesays.com\/es\/wp-json\/wp\/v2\/types\/post"}],"author":[{"embeddable":true,"href":"https:\/\/www.europesays.com\/es\/wp-json\/wp\/v2\/users\/2"}],"replies":[{"embeddable":true,"href":"https:\/\/www.europesays.com\/es\/wp-json\/wp\/v2\/comments?post=137444"}],"version-history":[{"count":0,"href":"https:\/\/www.europesays.com\/es\/wp-json\/wp\/v2\/posts\/137444\/revisions"}],"wp:featuredmedia":[{"embeddable":true,"href":"https:\/\/www.europesays.com\/es\/wp-json\/wp\/v2\/media\/137445"}],"wp:attachment":[{"href":"https:\/\/www.europesays.com\/es\/wp-json\/wp\/v2\/media?parent=137444"}],"wp:term":[{"taxonomy":"category","embeddable":true,"href":"https:\/\/www.europesays.com\/es\/wp-json\/wp\/v2\/categories?post=137444"},{"taxonomy":"post_tag","embeddable":true,"href":"https:\/\/www.europesays.com\/es\/wp-json\/wp\/v2\/tags?post=137444"}],"curies":[{"name":"wp","href":"https:\/\/api.w.org\/{rel}","templated":true}]}}