{"id":137469,"date":"2025-09-25T08:05:08","date_gmt":"2025-09-25T08:05:08","guid":{"rendered":"https:\/\/www.europesays.com\/es\/137469\/"},"modified":"2025-09-25T08:05:08","modified_gmt":"2025-09-25T08:05:08","slug":"el-pp-cree-que-sanchez-solo-sigue-en-la-moncloa-para-blindarse-judicialmente-y-se-encastilla-para-frenar-el-golpe-familiar-el-mundo","status":"publish","type":"post","link":"https:\/\/www.europesays.com\/es\/137469\/","title":{"rendered":"El PP cree que S\u00e1nchez s\u00f3lo sigue en La Moncloa para &quot;blindarse&quot; judicialmente y se &quot;encastilla&quot; para frenar el golpe familiar &#8211; El Mundo"},"content":{"rendered":"<ol>\n<li><a href=\"https:\/\/news.google.com\/rss\/articles\/CBMiekFVX3lxTE1TZm5sOTJpNVhsRjd0M0dMUlJuODNiYW1Od0x6X3B6WklhR1BoZnlWX0VuOVV4aElsTUJFZFNWQTdaNkFhOGdfdkRYUDJIc002SmJ2WUtkV2ZVUTFsd1BON3ViTHJXdTdSUUJlbmhMM2VwelBIUzhLWldB0gF6QVVfeXFMT0hWeHBSc0hRbHhsTE5lVE1MVTVubTZOR2llcDhOSkxWM0g0MmltZmk3alpwaHJLaTJEdGNXUGV3Yk1YejYyY1prUmpISnRoZWs3cFIxaWlqYld1Q2VZX3RneUt3RnVzMDF2OERCeTl2b0QwaVZnWVlVYXc?oc=5\" target=\"_blank\" rel=\"nofollow noopener\">El PP cree que S\u00e1nchez s\u00f3lo sigue en La Moncloa para \u00abblindarse\u00bb judicialmente y se \u00abencastilla\u00bb para frenar el golpe familiar<\/a>&nbsp;&nbsp;El Mundo<\/li>\n<li><a href=\"https:\/\/news.google.com\/rss\/articles\/CBMi7AFBVV95cUxNenBPRHBZbDNCdGhRVTZoRGp6aUxGWkRCWFY3QkpRT2xmODFLQjZzb1psYkVoUXRrT2xXbk1GVlZ3ZjBkTWNxakloYzY1eXltTFV3ZHVoUURUQ1ZnSE1NVmpjaVJ4eXF6RS0xME42M3Rqa1BfZnBLTXF1cDdBTGtWbHdRdXhPaTVpNlQtQ01YYlNFZ2VjQmF6cktHX0VWWU9oU3piUk5RM1RVaUtkWlNTVXB4OTE0Q3l6OExUVU5hUnFjRXhQQkliSkJIWVJjRGNISWtBc0ZEVlp3eG80VUFJUVhDZ0R5LThCV2NiVQ?oc=5\" target=\"_blank\" rel=\"nofollow noopener\">Feij\u00f3o defiende que Bego\u00f1a G\u00f3mez pueda ser juzgada por un jurado: \u201cSupongo que as\u00ed no dir\u00e1n que hay \u2018lawfare\u201d<\/a>&nbsp;&nbsp;EL PA\u00cdS<\/li>\n<li><a href=\"https:\/\/news.google.com\/rss\/articles\/CBMiqgFBVV95cUxPMW80dHNaUjhqT2o3R1BfeUxZWmYtWERDSGRZanVqZGlaME1JZG56VThtb0dYT0hYdW94d3NDYjd5NkRtZ3lKdDVjbE94ckdUVHpPSDhuanpfMDR3MFNMc01hNGstMVZvWmFfaTQxZHJ6VmNfbTlNbHkxbWxyUVBfLXVpYUd1a1g3MWhld2dTbGNENUR6Ql9xYk9IMmRHZ1dlZFRTUktLbFBqUQ?oc=5\" target=\"_blank\" rel=\"nofollow noopener\">Feij\u00f3o, tras la decisi\u00f3n de Peinado contra Bego\u00f1a: \u00abS\u00e1nchez es responsable. No merece ser ni diputado\u00bb<\/a>&nbsp;&nbsp;El Confidencial<\/li>\n<li><a href=\"https:\/\/news.google.com\/rss\/articles\/CBMi0AFBVV95cUxPNkxoZW4zZktlaUZXc3VlQllOdExSaGdsclMyWnlyd3pwenBWLXJVZEFfTWphNnFMeFFKT1hjSk9LRnBNaWw2VmVIMDVjUU1tSVpxSkh1c08tYVhXb1FJTVhOeUxfeVNkeXhuVkNyZWM5eFVLMHcyVWwwdUxTVEtBa2dxMTdpMllLY09jSllUWFd5LURBQlZLZnVaeVM0dlVZS3FXV0RYQXR0SmhndFBaQjFUX2hpdWJTeVBHanliN210NkZJOExCOHZVeHptSVZG?oc=5\" target=\"_blank\" rel=\"nofollow noopener\">As\u00ed reaccion\u00f3 Feij\u00f3o al leer la noticia de Bego\u00f1a G\u00f3mez en su m\u00f3vil<\/a>&nbsp;&nbsp;Libertad Digital<\/li>\n<li><a href=\"https:\/\/news.google.com\/rss\/articles\/CBMiqAFBVV95cUxQVHd5T29mRDJnNmxReG1IVUlIRl9ZTVVhUTRWNl9Xelo1MW1VUThOQ1lwYWpVblN2QW02NFU1VjBvYmJlZHpOeng1cElNNHVITGpXYmRFSlU2N2NGTXRKdzg3eWJEaTQwOXlGQjdlNTBuR0dGVHZWQmhwYkNXOWVMTmhtNnE2T01qOEF2ZjJjNW5XZkctNm9RVi11ck1TWGpjbERfLW5tQmg?oc=5\" target=\"_blank\" rel=\"nofollow noopener\">Feij\u00f3o busca capitalizar el derrumbe de S\u00e1nchez: \u00abAlgo ha cambiado. As\u00ed no se puede seguir\u00bb<\/a>&nbsp;&nbsp;ABC<\/li>\n<\/ol>\n","protected":false},"excerpt":{"rendered":"El PP cree que S\u00e1nchez s\u00f3lo sigue en La Moncloa para \u00abblindarse\u00bb judicialmente y se \u00abencastilla\u00bb para frenar&hellip;\n","protected":false},"author":2,"featured_media":137470,"comment_status":"","ping_status":"","sticky":false,"template":"","format":"standard","meta":{"footnotes":""},"categories":[8],"tags":[16640,17,18,25,24,13,14,11,16638,19,20,9,10,15,16,2959,23,12,21,22],"class_list":{"0":"post-137469","1":"post","2":"type-post","3":"status-publish","4":"format-standard","5":"has-post-thumbnail","7":"category-espana","8":"tag-begona-gomez-fernandez","9":"tag-breaking-news","10":"tag-breakingnews","11":"tag-es","12":"tag-espana","13":"tag-featured-news","14":"tag-featurednews","15":"tag-headlines","16":"tag-juan-carlos-peinado","17":"tag-latest-news","18":"tag-latestnews","19":"tag-news","20":"tag-noticias","21":"tag-noticias-destacadas","22":"tag-noticiasdestacadas","23":"tag-pedro-sanchez","24":"tag-spain","25":"tag-titulares","26":"tag-ultimas-noticias","27":"tag-ultimasnoticias"},"share_on_mastodon":{"url":"","error":""},"_links":{"self":[{"href":"https:\/\/www.europesays.com\/es\/wp-json\/wp\/v2\/posts\/137469","targetHints":{"allow":["GET"]}}],"collection":[{"href":"https:\/\/www.europesays.com\/es\/wp-json\/wp\/v2\/posts"}],"about":[{"href":"https:\/\/www.europesays.com\/es\/wp-json\/wp\/v2\/types\/post"}],"author":[{"embeddable":true,"href":"https:\/\/www.europesays.com\/es\/wp-json\/wp\/v2\/users\/2"}],"replies":[{"embeddable":true,"href":"https:\/\/www.europesays.com\/es\/wp-json\/wp\/v2\/comments?post=137469"}],"version-history":[{"count":0,"href":"https:\/\/www.europesays.com\/es\/wp-json\/wp\/v2\/posts\/137469\/revisions"}],"wp:featuredmedia":[{"embeddable":true,"href":"https:\/\/www.europesays.com\/es\/wp-json\/wp\/v2\/media\/137470"}],"wp:attachment":[{"href":"https:\/\/www.europesays.com\/es\/wp-json\/wp\/v2\/media?parent=137469"}],"wp:term":[{"taxonomy":"category","embeddable":true,"href":"https:\/\/www.europesays.com\/es\/wp-json\/wp\/v2\/categories?post=137469"},{"taxonomy":"post_tag","embeddable":true,"href":"https:\/\/www.europesays.com\/es\/wp-json\/wp\/v2\/tags?post=137469"}],"curies":[{"name":"wp","href":"https:\/\/api.w.org\/{rel}","templated":true}]}}