{"id":137471,"date":"2025-09-25T08:06:49","date_gmt":"2025-09-25T08:06:49","guid":{"rendered":"https:\/\/www.europesays.com\/es\/137471\/"},"modified":"2025-09-25T08:06:49","modified_gmt":"2025-09-25T08:06:49","slug":"comparecencia-de-la-ministra-de-educacion-formacion-profesional-y-deportes-y-portavoz-del-gobierno-y-del-ministro-de-economia-comercio-y-empresa","status":"publish","type":"post","link":"https:\/\/www.europesays.com\/es\/137471\/","title":{"rendered":"Comparecencia de la ministra de Educaci\u00f3n, Formaci\u00f3n Profesional y Deportes y portavoz del Gobierno y del ministro de Econom\u00eda, Comercio y Empresa"},"content":{"rendered":"<p class=\"news-location\">La Moncloa<\/p>\n<p class=\"Justificado\"><strong>Ministra de Educaci\u00f3n, Formaci\u00f3n Profesional y Deportes y portavoz del Gobierno, Pilar Alegr\u00eda<\/strong><strong>. &#8211;<\/strong> (INAUDIBLE) &#8230;por la vicepresidenta primera del Gobierno, porque conocen ustedes perfectamente que el presidente del Gobierno, junto con otros ministros, est\u00e1n en estos momentos participando en la reuni\u00f3n anual de la Asamblea General de Naciones Unidas, en un momento crucial para el mundo y por supuesto tambi\u00e9n para la propia ONU. El presidente S\u00e1nchez ha vuelto a defender, como todos ustedes pudieron escuchar, delante de la ONU la urgencia de reconocer el Estado palestino. Una decisi\u00f3n, adem\u00e1s, que nuestro pa\u00eds ya adopt\u00f3 en mayo del a\u00f1o pasado y en el que hoy vemos c\u00f3mo cada vez m\u00e1s son los pa\u00edses que se suman a esta decisi\u00f3n. Ah\u00ed est\u00e1 el caso de Francia, Portugal, Reino Unido, Canad\u00e1, Australia. De hecho, hoy son cerca de 160 los pa\u00edses en el mundo que ya han reconocido el Estado de Palestina. Desde el primer momento, nuestro pa\u00eds, adem\u00e1s, con este Gobierno, ha dado pasos clave dirigidos en la direcci\u00f3n de conseguir el objetivo de esa paz justa y duradera que permita la convivencia entre los dos estados. Y por eso, en esa direcci\u00f3n, hoy el Consejo de Ministros ha aprobado nuevas medidas urgentes contra el genocidio en Gaza y de apoyo a la poblaci\u00f3n palestina, que les explicar\u00e1 el ministro Cuerpo, que, como pueden ver, hoy me acompa\u00f1a de nuevo.<\/p>\n<p class=\"Justificado\">En otro orden de cosas, aprobados tambi\u00e9n hoy en el Consejo de Ministros, en este caso, a propuesta del ministro de Justicia, se ha aprobado el indulto a dos personas de los conocidos como \u00ablos seis de Zaragoza\u00bb. Se trata de Francisco Javier Aij\u00f3n y Adri\u00e1n Latorre, que, como todos ustedes recordar\u00e1n, fueron condenados por un delito agravado de des\u00f3rdenes p\u00fablicos tras la detenci\u00f3n en Zaragoza durante unos altercados producidos con ocasi\u00f3n de una concentraci\u00f3n contra un acto de la ultraderecha. El Ministerio Fiscal y tambi\u00e9n el tribunal sentenciador han informado favorablemente del indulto de estas dos personas.<\/p>\n<p class=\"Justificado\">Adem\u00e1s, tambi\u00e9n, en el d\u00eda de hoy, en el Consejo de Ministros, en este caso, a propuesta del Ministerio de Pol\u00edtica Territorial, se ha aprobado la interposici\u00f3n de dos recursos de inconstitucionalidad contra, en este caso, la Ley de Medidas Fiscales y Administrativas de Galicia y tambi\u00e9n la Ley de Medidas de Fomento de Comunidades Energ\u00e9ticas y Autoconsumo Industrial en Arag\u00f3n.<\/p>\n<p class=\"Justificado\">Y, por supuesto, antes de darle la palabra al ministro Cuerpo, quiero tambi\u00e9n darles cuenta a todos ustedes que hemos aprobado una declaraci\u00f3n, en el d\u00eda de hoy, institucional con motivo del D\u00eda Internacional contra la Explotaci\u00f3n Sexual y la Trata de Mujeres, Ni\u00f1as y Ni\u00f1os. Desde el Gobierno, una vez m\u00e1s, queremos adem\u00e1s expresar nuestro firme compromiso con la igualdad y los derechos de las mujeres, y, desde luego, nuestro objetivo es seguir trabajando para acabar con esa vule&#8230; vulneraci\u00f3n, perd\u00f3n, de los derechos humanos.<\/p>\n<p class=\"Justificado\">Tambi\u00e9n y ya casi por \u00faltimo punto del orden del d\u00eda del Consejo de Ministros, hemos aprobado tambi\u00e9n, se ha concedido esa subvenci\u00f3n directa de 21 millones de euros, en este caso, para las ciudades aut\u00f3nomas de Ceuta y de Melilla para llevar a cabo actuaciones de inter\u00e9s general, como son esas actuaciones sociales tan importantes en materia, por ejemplo, educativa o llevar adelante proyectos fundamentales para esas ciudades aut\u00f3nomas como la puesta en marcha de desalinizadoras.<\/p>\n<p class=\"Justificado\">Y casi antes de darle la palabra al ministro Cuerpo, si me permiten, y aqu\u00ed, en este caso, hablar\u00eda m\u00e1s como ministra de Deportes, s\u00ed que me gustar\u00eda, l\u00f3gicamente, el nombre del Gobierno, trasladar nuestro reconocimiento y nuestra felicitaci\u00f3n a Aitana Bonmat\u00ed, que, como saben, anoche gan\u00f3 su tercer Bal\u00f3n de Oro. Es la primera mujer que consigue esos tres Balones consecutivos. De hecho, con ella solamente est\u00e1n, en este caso, deportistas masculinos, Leo Messi y Platini. Aitana Bonmat\u00ed, todos ustedes lo saben, se ha convertido en un referente de f\u00fatbol femenino para muchos y para muchas, y, desde luego, desde el Gobierno quer\u00edamos reconocerle y agradecerle toda su labor.<\/p>\n<p class=\"Justificado\">Y desde luego, si hablamos de referentes deportivos, est\u00e1 ah\u00ed Aitana Bonmat\u00ed, pero tampoco quer\u00edamos olvidarnos de Mar\u00eda P\u00e9rez, que saben que tambi\u00e9n en este pasado fin de semana ha hecho historia consiguiendo ese doblete de oro, tanto con los 35 como los 20 km, en los dos Mundiales consecutivos. Por tanto, es una mujer tambi\u00e9n, una leyenda del atletismo. As\u00ed que entender\u00e1n que, antes de darle la palabra al ministro Cuerpo, felicit\u00e1ramos, como digo, a estas dos mujeres, a estas dos referentes en el \u00e1mbito deportivo, que bien se merecen este reconocimiento. As\u00ed que, ministro, tuya es la palabra.<\/p>\n<p class=\"Justificado\"><strong>Ministro de Econom\u00eda, Comercio y Empresa, Carlos Cuerpo<\/strong><strong>.<\/strong> <strong>&#8211;<\/strong> Much\u00edsimas gracias, ministra. Como bien has dicho, hemos aprobado hoy el real decreto ley por el que se adoptan medidas urgentes contra el genocidio en Gaza y de apoyo a la poblaci\u00f3n palestina. Pero antes de pasar a explicar el real decreto ley, s\u00ed que me gustar\u00eda contextualizar. Estamos ya cerca de dos a\u00f1os tras los atentados de Ham\u00e1s del 7 de octubre del 2023. Y como se\u00f1al\u00f3 el presidente del Gobierno ayer, seguimos condenando de forma en\u00e9rgica, adem\u00e1s de, por supuesto, pedir la liberaci\u00f3n inmediata e incondicional de los rehenes. Pero me gustar\u00eda se\u00f1alar algunas cifras que ser\u00e1n casi, como dec\u00eda, dos a\u00f1os despu\u00e9s de esta fecha, 7 de octubre, despu\u00e9s de los atentados de Ham\u00e1s. M\u00e1s de 65.000 fallecidos en Gaza, m\u00e1s de 165.000 heridos, en torno a los 2 millones de desplazados y m\u00e1s de 250.000 personas, incluidos ni\u00f1os, en riesgo de desnutrici\u00f3n. Yo creo que son cuatro cifras f\u00e1ciles de recordar y datos que deben interpelarlos, datos que debe seguir alent\u00e1ndonos a actuar, y que llevan, entre otras cosas, a que sigamos avanzando en el seno del Gobierno con la aprobaci\u00f3n, como he dicho, hoy de este real decreto ley de medidas urgentes contra el genocidio en Gaza y de apoyo a la poblaci\u00f3n palestina.<\/p>\n<p class=\"Justificado\">Cumplimos con ello el compromiso y el anuncio del presidente del Gobierno hace apenas dos semanas de seguir avanzando en esta l\u00ednea. Y es una muestra m\u00e1s del compromiso pol\u00edtico del Gobierno y del liderazgo de Espa\u00f1a y del presidente del Gobierno a nivel internacional por el respeto de los derechos humanos, del derecho internacional humanitario y para ser capaces de lograr una paz justa y duradera en la zona, aumentando la presi\u00f3n en todos los \u00e1mbitos en los que podemos: en el \u00e1mbito econ\u00f3mico, legal y pol\u00edtico, tanto a nivel dom\u00e9stico como a nivel internacional, como sigue defendiendo el presidente del Gobierno, como bien ha dicho la ministra portavoz, con su intervenci\u00f3n y su participaci\u00f3n estos d\u00edas en la Asamblea General de la ONU de Naciones Unidas en Nueva York.<\/p>\n<p class=\"Justificado\">Damos un paso m\u00e1s, como dec\u00eda, y paso a detallarles el real decreto ley, el contenido del real decreto ley que hemos aprobado, completando o complementando nuestro marco normativo. Cuatro medidas esenciales dentro de este real decreto ley. La primera de ellas que, como dec\u00eda, atiende a la petici\u00f3n del presidente del Gobierno, es la consolidaci\u00f3n del embargo total de armas a Israel. La prohibici\u00f3n de las exportaciones con destino a Israel y las importaciones con origen en Israel de todo el material de defensa y productos o tecnolog\u00eda de doble uso tal y cual&#8230; tal cual avanz\u00f3 el propio presidente del Gobierno y en base tambi\u00e9n a nuestra normativa de control de comercio exterior y de material de defensa y de doble uso. La segunda medida es la denegaci\u00f3n de la solicitud de tr\u00e1nsito para los combustibles de aeronave con posible uso militar en Israel. Este es un insumo esencial para las Fuerzas Armadas israel\u00edes. No estaban incluidos hasta ahora en el reglamento de control de comercio exterior y pasamos a incluirlos para denegar estas solicitudes de tr\u00e1nsito. La tercera medida es la prohibici\u00f3n de importaci\u00f3n de productos originarios de asentamientos israel\u00edes ilegales en territorio palestino ocupado. Esto de nuevo viene a responder, como he dicho anteriormente, una de las medidas ya anunciadas y puestas sobre la mesa por el presidente del Gobierno. Pero vamos m\u00e1s all\u00e1 y la cuarta medida, el cuarto elemento de este real decreto es la prohibici\u00f3n de la publicidad de comercializaci\u00f3n de bienes originarios de estos asentamientos y de servicios prestados en ellos.<\/p>\n<p class=\"Justificado\">Estas son las cuatro medidas esenciales. El real decreto ley incluye, adem\u00e1s, una disposici\u00f3n para revocar las autorizaciones vigentes a fecha de entrada en vigor de este real decreto ley, y prohibir las pendientes de resoluci\u00f3n. Y, por \u00faltimo, otro elemento importante es que este real decreto ley refuerza la transparencia, la rendici\u00f3n de cuentas por parte del Gobierno y prev\u00e9 la defensa de los intereses generales en circunstancias excepcionales. El Gobierno se compromete a comparecer trimestralmente ante el Congreso de los Diputados para rendir cuentas de la aplicaci\u00f3n de las medidas contempladas en este real decreto ley, incluyendo, como les he se\u00f1alado, la posibilidad de que el Consejo de Ministros autorice una excepci\u00f3n puntual de manera excepcional y por afectaci\u00f3n a intereses nacionales a lo contenido en el art\u00edculo 1 de este real decreto.<\/p>\n<p class=\"Justificado\">En definitiva, y ya termino, ministra, con el real decreto ley que aprobamos hoy consolidamos, como he dicho, el embargo total de armas a Israel y la prohibici\u00f3n de productos originarios de los asentamientos israel\u00edes en territorios ocupados. Seguimos liderando desde el Gobierno de Espa\u00f1a, desde Espa\u00f1a, los esfuerzos a nivel internacional dando un paso m\u00e1s all\u00e1 para aumentar la presi\u00f3n sobre el gobierno israel\u00ed y en defensa, como dicho antes, de la paz, de la seguridad internacional y del respeto a los derechos humanos y al derecho internacional humanitario. De manera coherente, por supuesto, con las l\u00edneas principales, con las claves que definen nuestra pol\u00edtica exterior. Muchas gracias.<\/p>\n<p class=\"Justificado\"><strong>Portavoz.<\/strong> <strong>&#8211;<\/strong> Muy bien. Muchas gracias, ministro. Por favor, empezamos con la ronda de preguntas.<\/p>\n<p class=\"Justificado\"><strong>Juan Manuel Romero (El Independiente<\/strong><strong>). &#8211;<\/strong> <strong>\u00bfQu\u00e9 tal? Buenos d\u00edas, ministros. Yo quer\u00eda preguntarle primero al ministro Cuerpo, primero, c\u00f3mo han salvado el escollo de los productos procedentes de los asentamientos ilegales, de los territorios ocupados, puesto que hab\u00eda una dificultad t\u00e9cnica de c\u00f3mo diferenciar entre los productos que vienen de Israel y aquellos que proceden de los territorios ocupados. Tambi\u00e9n no me ha quedado muy claro esto \u00faltimo que ha comentado de una autorizaci\u00f3n excepcional. Si nos puede detallar un poco m\u00e1s esto \u00faltimo que acaba de decirnos. Y tambi\u00e9n por el proceso de convalidaci\u00f3n en el Congreso. Si conf\u00edan en que todos los socios de investidura apoyen este real decreto ley toda vez que los socios, algunos de ellos, Junts, Podemos, que s\u00ed que ponen m\u00e1s dificultades. En concreto, Junts. Ya dijo el \u00abexpresident\u00bb Carles Puigdemont que no hab\u00eda que boicotear productos israel\u00edes. Si creen que ah\u00ed pueden tener una dificultad objetiva.<\/strong><\/p>\n<p class=\"Justificado\"><strong>Y luego a la ministra portavoz quer\u00eda preguntarle por el asunto de las pulseras antimaltrato. Quer\u00eda preguntarle si el Gobierno en pleno respalda a la ministra de Igualdad, a Ana Redondo, por su gesti\u00f3n y sus explicaciones de los \u00faltimos d\u00edas. Si creen que algo se pod\u00eda haber hecho mejor y si faltan datos, porque todav\u00eda seguimos sin conocer la afectaci\u00f3n, la magnitud del problema. La ministra ha dicho que ha reclamado esos datos a Fiscal\u00eda y al Consejo General del Poder Judicial, que est\u00e1 esper\u00e1ndolos, pero todav\u00eda no los tenemos y quiz\u00e1s se ha podido crear una alarma a las mujeres que portan estos dispositivos electr\u00f3nicos de seguimiento. Gracias.<\/strong><\/p>\n<p class=\"Justificado\"><strong>Ministro de Econom\u00eda, Comercio y Empresa<\/strong><strong>.<\/strong> <strong>&#8211;<\/strong> \u00bfEmpiezo yo? S\u00ed, claro. Quiz\u00e1 por la \u00faltima pregunta, en cuanto a la posible aprobaci\u00f3n, esperemos que aprobaci\u00f3n, de este real decreto ley. Para m\u00ed, un tema esencial. Y es que este real decreto ley supone un paso m\u00e1s, pero un paso contundente y, adem\u00e1s, pionero a nivel internacional en cuanto a la consolidaci\u00f3n legal del embargo total de armas a Israel. Un elemento importante a se\u00f1alar es que se agotan, con este real decreto ley, todos los m\u00e1rgenes de actuaci\u00f3n legal disponibles. Hemos querido llegar al m\u00e1ximo de lo que permiten estos m\u00e1rgenes de actuaci\u00f3n manteniendo, como no puede ser de otra manera, el \u00fanico l\u00edmite que supone el respeto al derecho internacional, los tratados internacionales y tambi\u00e9n a la normativa comunitaria. Lo que vamos a seguir haciendo a partir de ahora es seguir empujando como lo estamos haciendo a nivel europeo para que, en colaboraci\u00f3n con nuestros socios, podamos seguir aumentando tambi\u00e9n la presi\u00f3n en ese sentido y dando pasos adicionales que vayan en la l\u00ednea, por ejemplo, de lo que ya adelant\u00f3 la Comisi\u00f3n Europea hace apenas unos d\u00edas con esa posibilidad de eliminar esos derechos preferenciales arancelarios para Israel, que esperemos que se apruebe. Como saben, necesita mayor\u00eda cualificada en el seno del Consejo. Por lo tanto, como dec\u00eda, es un paso contundente. Lo que hacemos es agotar todos nuestros m\u00e1rgenes de actuaci\u00f3n, y esperamos que esto sea as\u00ed recibido por los grupos para darle paso y aprobaci\u00f3n tambi\u00e9n en el seno del Congreso con una mayor\u00eda suficiente.<\/p>\n<p class=\"Justificado\">En cuanto a la segunda pregunta, la autorizaci\u00f3n por parte del Consejo de Ministros a trav\u00e9s de un ACM, de un Acuerdo de Consejo de Ministros, lo que quer\u00edamos preservar aqu\u00ed es la capacidad del Consejo de Ministros de manera puntual, en circunstancias excepcionales que afecten al inter\u00e9s general, como le dec\u00eda, de poder autorizar una operaci\u00f3n. Es decir, en casos concretos, espec\u00edficos, cuando hablamos de elementos de inter\u00e9s general, que en la propia normativa del comercio exterior en materia de defensa y doble uso se hace referencia a este concepto de inter\u00e9s general, aludiendo, por ejemplo, a elementos asociados a la seguridad nacional o pol\u00edtica exterior. Esta es la circunstancia que dejamos recogida en este real decreto, como dec\u00eda, para situaciones excepcionales que puedan no haber sido previstas inicialmente o que surjan a lo largo de la implementaci\u00f3n de este real decreto ley.<\/p>\n<p class=\"Justificado\">Y con respecto a la primera pregunta, lo que hemos hecho para ser capaces de implementar de manera efectiva la prohibici\u00f3n de la importaci\u00f3n de productos que proceden de estos territorios ocupados es un proceso en dos fases, mediante el cual ser\u00e1 el Ministerio de Asuntos Exteriores el que haga una propuesta de los c\u00f3digos postales de las localidades a las que hacen referencia estos territorios ocupados, que ser\u00e1 luego aprobada por el presidente de la Agencia Tributaria para que tengamos, a partir de ah\u00ed, una lista completa que se pueda circular a nuestros funcionarios en aduanas para que, de manera eficaz, se pueda impedir el paso de estos productos.<\/p>\n<p class=\"Justificado\"><strong>Portavoz.<\/strong> <strong>&#8211;<\/strong> Bueno, antes de&#8230;, o entrando a responder la pregunta que me hac\u00eda, me van a permitir, en primer lugar, lanzar un mensaje de tranquilidad y de certidumbre especialmente a las mujeres. A las mujeres que han sido y que son v\u00edctimas de violencia machista. A todas ellas fundamentalmente decirles y garantizarles esa certeza de que est\u00e1n seguras. De que est\u00e1n seguras. Que han estado protegidas en todo momento. Antes, durante y despu\u00e9s. Y me parece muy importante que seamos capaces tambi\u00e9n de trasladar y lanzar este mensaje porque estamos hablando de mujeres v\u00edctimas de violencia machista. Con la vulnerabilidad que eso ya de por s\u00ed conlleva.<\/p>\n<p class=\"Justificado\">Y de la misma manera que lanzo este mensaje rotundo garantizando la seguridad de esas mujeres, con la misma rotundidad vamos a seguir denunciando la postura absolutamente indecente del Partido Popular, que estamos viendo c\u00f3mo quieren jugar precisamente con el miedo de esas mujeres. Lanzando bulos que son&#8230; una absoluta irresponsabilidad. \u00bfQu\u00e9 es eso de que los dispositivos se han comprado en AliExpress? \u00bfQu\u00e9 mentira es esa de que ha sido una mujer asesinada en el a\u00f1o 2024 haciendo uso de estos dispositivos? \u00bfO qu\u00e9 mentira es esa de que son 5.000 las mujeres que est\u00e1n desprotegidas? Por favor. Por favor. Bastante sufrimiento tienen esas mujeres que han sido v\u00edctimas de la violencia machista como para ver c\u00f3mo el partido pol\u00edtico, en este caso, el Partido Popular, est\u00e1 queriendo jugar con la vulnerabilidad y el miedo de estas mujeres.<\/p>\n<p class=\"Justificado\">Vamos a ver&#8230; para que a todo el mundo nos quede claro, la tecnolog\u00eda no es infalible. No lo es. Ninguna tecnolog\u00eda es infalible. Y, desde luego, en lo que se trabaja, se lleva trabajando durante todo este tiempo y se va a seguir trabajando es en minorar esas incidencias que pueda generar la tecnolog\u00eda. Y lo que es m\u00e1s importante y en lo que se han dado pasos fundamentales es garantizar que, cuando se produce cualquier m\u00ednima afectaci\u00f3n, la respuesta sea inmediata. Y eso ha estado garantizado antes, durante y despu\u00e9s. \u00bfQu\u00e9 quiero decir con esto? Porque creo que a veces hay que intentar, y as\u00ed lo voy a trasladar en esta rueda de prensa, de hablar en un lenguaje que nos podamos entender todos. Miren, cuando una mujer v\u00edctima de violencia machista va con su dispositivo y entra, por ejemplo, en una sala donde no hay cobertura, o vive un momento de apag\u00f3n, ese momento donde haya una p\u00e9rdida de cobertura va a saltar. Esa incidencia va a saltar. Va a ser puesta en conocimiento. Y esa v\u00edctima va a recibir, l\u00f3gicamente, un aviso y una llamada por parte de las fuerzas y cuerpos de seguridad del Estado. Se va a avisar tambi\u00e9n a los polic\u00edas que est\u00e9n llevando m\u00e1s de cerca esa situaci\u00f3n. Y, por \u00faltimo, se va a poner en contacto tambi\u00e9n con el agresor. Y esto es lo que sucede a d\u00eda de hoy.<\/p>\n<p class=\"Justificado\">Ustedes han podido conocer estos d\u00edas y han escuchado tambi\u00e9n a la ministra de Igualdad. Es verdad que hubo un momento de migraci\u00f3n durante cinco meses, del mes de junio al mes de noviembre, donde, evidentemente, se detect\u00f3 alguna anomal\u00eda, que, por cierto, fue subsanada y recuperada posteriormente. Pero, por encima de toda esta cuesti\u00f3n, por favor, vuelvo a decir, lancemos un mensaje de certidumbre y de seguridad para las mujeres. En todo momento han estado protegidas. En todo momento han estado protegidas. Y, desde luego, la voluntad por parte de este Gobierno va a seguir continuando o va a seguir trabajando para mejorar, l\u00f3gicamente, toda la disposici\u00f3n en este momento que tenemos de los sistemas digitales. De hecho, una de esas mejoras que tienen estos dispositivos es ese bot\u00f3n del p\u00e1nico, que antes no exist\u00eda. Y ahora existe. Porque tenemos, entre todos, que mejorar, por supuesto, un sistema que, en este momento, como les digo, es digital. Y se trabaja, l\u00f3gicamente, para mejorarlo. Pero, por encima de esta cuesti\u00f3n, por favor, por favor, creo que es importante, por un lado, desenmascarar los bulos, porque no estamos hablando de cualquier mujer. Es que estamos hablando de mujeres vulnerables. Y creo que entre todos tambi\u00e9n tenemos que lanzar esos mensajes de seguridad y certidumbre. Vuelvo a decirlo: las mujeres estuvieron protegidas y est\u00e1n seguras antes, durante y despu\u00e9s. Por favor, les pido tambi\u00e9n que, frente a este tipo de bulos, absolutamente vergonzosos y bochornosos, contemos la verdad. Y a partir de ah\u00ed, como les digo, seguiremos trabajando para mejorar las cosas. Es nuestra voluntad. Y s\u00ed, a la pregunta que usted me dec\u00eda, todo el respaldo a la ministra de Igualdad.<\/p>\n<p class=\"Justificado\"><strong>Iv\u00e1n Guti\u00e9rrez (TV3<\/strong><strong>). &#8211;<\/strong> <strong>Hola. Al ministro de Econom\u00eda me gustar\u00eda preguntarle sobre si el detalle del decreto del embargo de armas contempla las transferencias de armas. Es decir, que por puertos y aeropuertos pueda pasar este material militar a pesar de que no sea destino final. Estoy pensando en las bases americanas. Por otra parte, usted tambi\u00e9n ha nombrado que han hecho todo lo posible dentro del mercado com\u00fan. Y yo le pregunto: \u00bfpuede ser el mercado com\u00fan la grieta por donde se pueda saltar esto? Porque recuerdo con Rusia, a pesar de que la diferencia es que toda la UE iba a una, Kazajist\u00e1n multiplic\u00f3 todas las exportaciones con origen en la UE. \u00bfPuede ser justamente ahora, con todo el mercado com\u00fan abierto, una v\u00eda por donde se pueda saltar? No s\u00e9 si hay un modo de controlar esto.<\/strong><\/p>\n<p class=\"Justificado\"><strong>Y a la ministra portavoz, sobre la transferencia de competencias de inmigraci\u00f3n a Catalu\u00f1a, si cree que hay margen m\u00e1s all\u00e1 de la votaci\u00f3n de esta tarde para recuperarlo m\u00e1s adelante con Podemos. Gracias.<\/strong><\/p>\n<p class=\"Justificado\"><strong>Ministro de Econom\u00eda, Comercio y Empresa<\/strong><strong>.<\/strong> <strong>&#8211;<\/strong> S\u00ed, muchas gracias. Con respecto al elemento de los tr\u00e1nsitos en primer lugar, aqu\u00ed, nuestra normativa actual ya permite, por razones de pol\u00edtica exterior, la denegaci\u00f3n de las licencias de tr\u00e1nsito para material de defensa y doble uso, y eso es lo que se est\u00e1 haciendo precisamente por parte del Ministerio de Asuntos Exteriores. Y, adem\u00e1s, el refuerzo que le da esta normativa a trav\u00e9s de su art\u00edculo primero, prohibiendo, en este caso, el comercio de material de defensa y doble uso, incluido el tecnol\u00f3gico, con Israel, cierra el c\u00edrculo para que podamos tambi\u00e9n en este caso tener en cuenta el \u00fanico elemento que nos faltaba para cerrarlo, que eran esos materiales, ese combustible que necesitaba de una licencia en este caso, y que no estaban en el listado de nuestra normativa, de nuestro real decreto de comercio exterior. Ahora los incluimos a trav\u00e9s del art\u00edculo 2, si no estoy equivocado. A partir de ah\u00ed, como dec\u00eda, lo que hacemos es llegar&#8230;, dir\u00edamos, utilizar todos los m\u00e1rgenes de nuestra normativa dom\u00e9stica para se\u00f1alar o para ir hasta los l\u00edmites que nos permiten en cuanto al embargo y consolidar este embargo total de armas a Israel. Evidentemente, en el marco de una uni\u00f3n aduanera, como tenemos en la Uni\u00f3n Europea, estaremos pendientes y vigilantes de si existe o no este desv\u00edo procedente de otros pa\u00edses de la Uni\u00f3n y ser\u00e1 parte de lo que informemos, de la rendici\u00f3n de cuentas que hagamos de manera trimestral en el Congreso de los Diputados.<\/p>\n<p class=\"Justificado\"><strong>Portavoz.<\/strong> <strong>&#8211;<\/strong> Efectivamente, vamos a esperar a que se produzca esa votaci\u00f3n. Es verdad que todos ustedes conocen ya en estos momentos la posici\u00f3n de los distintos grupos parlamentarios, pero yo tambi\u00e9n les voy a trasladar que, en nombre del Gobierno, vamos a seguir trabajando. En este caso, con Junts, pero tambi\u00e9n con el resto de los grupos parlamentarios para seguir mejorando y consolidando el autogobierno. En este caso, hablamos de Catalu\u00f1a, de esa delegaci\u00f3n de competencias. Desde luego, la posici\u00f3n del Gobierno es seguir trabajando en esa direcci\u00f3n de la mejora del autogobierno.<\/p>\n<p class=\"Justificado\"><strong>Fernando Garea (El Espa\u00f1ol<\/strong><strong>). &#8211;<\/strong> <strong>S\u00ed, ministra. Le quer\u00eda plantear varias cuestiones referidas a su respuesta anterior a un compa\u00f1ero sobre las pulseras. Usted ha caracterizado todo esto como bulos y adem\u00e1s ha hablado, si he entendido bien, como una campa\u00f1a del Partido Popular. Sin embargo, estos d\u00edas hemos escuchado a mujeres maltratadas afectadas, a extrabajadores de las empresas que intervienen, trabajadores actuales, el actual Consejo General del Poder Judicial, el anterior CGPJ, la memoria de la Fiscal\u00eda, fiscales, audiencias provinciales, polic\u00edas e informaciones de pr\u00e1cticamente todos los medios de comunicaci\u00f3n. Y algunas de esas advertencias, por cierto, han sido negadas estos d\u00edas expresamente por la ministra de Igualdad. Yo le quer\u00eda preguntar c\u00f3mo es posible que haya habido tantas denuncias, que se nieguen, que no se anunciaran en su momento y que, adem\u00e1s, todo entre dentro de una campa\u00f1a del Partido Popular. Y por precisar otra de las cosas de antes, \u00bfdescarta entonces la dimisi\u00f3n de la ministra de Igualdad? Gracias.<\/strong><\/p>\n<p class=\"Justificado\"><strong>Portavoz.<\/strong> <strong>&#8211;<\/strong> Estos d\u00edas hemos podido escuchar y leer los dos comunicados que ha hecho p\u00fablicos la Fiscal\u00eda. O, por ejemplo, todos ustedes esta misma ma\u00f1ana habr\u00e1n podido escuchar a la directora del observatorio contra la violencia de g\u00e9nero y ella misma, de una manera muy clara y muy contundente, y, desde luego, agradecemos esas palabras, cuando esta ma\u00f1ana ella misma dec\u00eda lo que les acabo yo de trasladar hace unos minutos: las mujeres pueden tener la certeza de que est\u00e1n seguras. El control es grande. Que las mujeres est\u00e9n tranquilas, est\u00e9n seguras. Y dec\u00eda ella tambi\u00e9n, Esther Erice, esta misma ma\u00f1ana, que el sistema no es infalible. Si esto lo hemos dicho aqu\u00ed. Pero creo que tambi\u00e9n es importante decirles: cuando se produjo esa migraci\u00f3n de datos durante esos cinco meses, lo que ustedes saben y conocen tambi\u00e9n perfectamente, lo que sucedi\u00f3 en este caso es que hubo datos que no estuvieron accesibles para todos los juzgados, pero esa situaci\u00f3n se subsan\u00f3. Esa situaci\u00f3n se subsan\u00f3 y los dispositivos siguieron funcionando. Muestra de que ese dispositivo es un dispositivo seguro y funciona es que, en el a\u00f1o 2018, eran aproximadamente&#8230; La ministra ha dado los datos y, desde luego, no quiero yo tampoco equivocarme en la cifra y la voy a revisar, perd\u00f3nenme. En el a\u00f1o 2018, eran 1.800 las mujeres que hac\u00edan uso de este dispositivo. Hoy son m\u00e1s de 4.500. Y si es as\u00ed es porque los jueces as\u00ed lo han decidido. Y porque es un sistema seguro que mejora la seguridad de las mujeres. Yo creo que eso es en lo que tenemos que seguir caminando y en lo que tenemos que seguir trabajando. De la misma manera, nadie puede garantizarnos que un agresor trate de arrancarse el dispositivo. O intente manipularlo. Esto no lo podemos garantizar nadie. Desde luego, lo que s\u00ed que tenemos que garantizar, y as\u00ed estamos haciendo, es la respuesta inmediata, contundente y segura para las v\u00edctimas.<\/p>\n<p class=\"Justificado\">Y vuelvo a decir lo primero que he dicho en la respuesta a su compa\u00f1ero: las mujeres han estado seguras en todo momento. Antes, durante y despu\u00e9s. Va a salir de nuevo el contrato, lo ha explicado tambi\u00e9n la ministra, durante estos pr\u00f3ximos meses. Y hay que seguir garantizando y seguir mejorando esa tecnolog\u00eda, por otro lado, como lleva haci\u00e9ndose desde el primer momento. Les dec\u00eda: el bot\u00f3n antip\u00e1nico, el bot\u00f3n del p\u00e1nico. Es una mejora, l\u00f3gicamente, que tienen estos dispositivos. Y en ese camino es en el que hay que andar. Por cierto, no es el \u00fanico mecanismo, no es el \u00fanico sistema, como ustedes tambi\u00e9n saben, que utilizan los jueces. Tambi\u00e9n, por supuesto, se utiliza la informaci\u00f3n que trasladan las fuerzas y cuerpos de seguridad del Estado.<\/p>\n<p class=\"Justificado\">Y lo que yo les he explicado, y yo lo he escuchado, como creo que todos ustedes, que son periodistas, y muchos ciudadanos, yo he escuchado en boca de dirigentes del Partido Popular decir que estos dispositivos se hab\u00edan comprado en AliExpress. Y s\u00ed, eso es indecente. Y s\u00ed, eso es una mentira. Y s\u00ed, eso genera miedo e incertidumbre a las mujeres v\u00edctimas. Y hay que denunciarlo. Y s\u00ed, yo s\u00ed que he o\u00eddo tambi\u00e9n en la boca de un dirigente del Partido Popular decir que con hay 5.000 mujeres en riesgo, y eso es mentira, y genera incertidumbre y genera miedo. Y s\u00ed, yo he o\u00eddo tambi\u00e9n a un dirigente del Partido Popular decir que una mujer que estaba haciendo uso de este dispositivo fue asesinada en 2024, y eso es mentira, no ha pasado ni en el 23, ni en el 24 ni en el 25. Y cuando se hacen este tipo de difamaciones, cuando se vierten ese tipo de bulos, lo que est\u00e1s buscando y lo que est\u00e1s haciendo es jugar con el miedo de mujeres v\u00edctimas, mujeres que son vulnerables. Y frente a esos bulos y frente a esas mentiras, hay que, por lo menos, trasladar la verdad de las cosas.<\/p>\n<p class=\"Justificado\"><strong>Almudena Guerrero (TVE<\/strong><strong>). &#8211;<\/strong> <strong>Gracias. Siguiendo con la pregunta del compa\u00f1ero, seg\u00fan una informaci\u00f3n publicada por el diario El Pa\u00eds, en diciembre de 2024 la Delegaci\u00f3n del Gobierno contra la Violencia de G\u00e9nero y Vodafone admitieron en una reuni\u00f3n que las pulseras incumpl\u00edan las condiciones del contrato. \u00bfPor qu\u00e9 se mantuvieron esas pulseras, si no cumpl\u00edan esas condiciones? Y acaba de trasladar el apoyo a la ministra de Igualdad, \u00bfpero qu\u00e9 responsabilidad asume el Gobierno en todo esto?<\/strong><\/p>\n<p class=\"Justificado\"><strong>Y al ministro, sobre el real decreto, si han calculado y valorado las consecuencias econ\u00f3micas por la rescisi\u00f3n de las licencias. Y una aclaraci\u00f3n: cuando ha hablado de la capacidad del Consejo de Ministros de autorizar una operaci\u00f3n, \u00bfse refiere a autorizar, por ejemplo, la firma de un nuevo contrato con Israel por inter\u00e9s general? Gracias.<\/strong><\/p>\n<p class=\"Justificado\"><strong>Ministro de Econom\u00eda, Comercio y Empresa<\/strong><strong>.<\/strong> <strong>&#8211;<\/strong> S\u00ed, muchas gracias. En cuanto al impacto, ya lo ha dicho la propia ministra de Defensa en este caso, y el Ministerio de Defensa, lo que llevamos poniendo en marcha desde hace meses es un proyecto, un proceso de desconexi\u00f3n no solo de nuestras Fuerzas Armadas y cuerpos de seguridad, sino tambi\u00e9n de nuestra industria. Se est\u00e1 haciendo liderado por el Ministerio de Defensa en colaboraci\u00f3n con la industria de defensa espa\u00f1ola y europea. Y no solo cumple, por supuesto, el objetivo de desligarnos, en este caso, de la dependencia con respecto a Israel, avanzando en el objetivo de dependencia cero, sino que adem\u00e1s refuerza el elemento de autonom\u00eda estrat\u00e9gica de desarrollo de los componentes de nuestra industria, ya sea espa\u00f1ola o europea. Con lo cual, en ese sentido, por lo tanto, prevemos que no exista un impacto econ\u00f3mico, m\u00e1s all\u00e1 de este esfuerzo inicial por realizar esa desconexi\u00f3n, como dec\u00eda, o ese paso, ese tr\u00e1nsito hacia la dependencia cero en colaboraci\u00f3n y en coordinaci\u00f3n con la industria de defensa y con nuestras empresas y las empresas europeas, para no tener en ning\u00fan momento, y esto es un elemento tambi\u00e9n importante, ninguna disrupci\u00f3n o ning\u00fan menoscabo en el funcionamiento y en el trabajo, en el d\u00eda a d\u00eda de nuestras Fuerzas Armadas y nuestros cuerpos y fuerzas de seguridad del Estado.<\/p>\n<p class=\"Justificado\">Con respecto a la segunda pregunta, lo que permite esta disposici\u00f3n adicional, que es la disposici\u00f3n adicional primera, como le he dicho, es la capacidad del Consejo de Ministros de autorizar una excepci\u00f3n al art\u00edculo 1, de manera excepcional, valga la redundancia y por razones de inter\u00e9s general. Esto es, dir\u00edamos, lo que hemos considerado necesario para prever, si se dieran estas circunstancias. Como dec\u00eda, en la normativa de comercio exterior asociada al comercio en materia de defensa y elementos de doble uso, ya se prev\u00e9n estas circunstancias de inter\u00e9s general, asociado, por ejemplo, a la seguridad nacional. Lo que hacemos es delimitar o dejar esta posibilidad, como dec\u00eda, con luz y taqu\u00edgrafos, a trav\u00e9s de un acuerdo del Consejo de Ministros, si es que se tuviera que dar esa autorizaci\u00f3n. Y, adem\u00e1s, con un reflejo, con una rendici\u00f3n de cuentas con periodicidad trimestral en el propio Congreso.<\/p>\n<p class=\"Justificado\"><strong>Portavoz.<\/strong> <strong>&#8211;<\/strong> Bueno, sobre la pregunta que me realizabas, Almudena, la ministra lo ha explicado tambi\u00e9n durante estos d\u00edas: evidentemente, se produjeron, y adem\u00e1s tienen que ser as\u00ed, reuniones, por supuesto, de seguimiento, reuniones, sobre todo, tambi\u00e9n, de mejora. Y, de hecho, esas&#8230; Dig\u00e1moslo, esas deficiencias se mejoraron con el cambio, l\u00f3gicamente, cuando se produjo ese cambio de proveedor y cuando se estuvo realizando esa migraci\u00f3n. De hecho, anteriormente les dec\u00eda, va a haber una nueva licitaci\u00f3n, va a haber un nuevo contrato. L\u00f3gicamente, ya les digo, vamos a garantizar, y lo estamos estudiando, que esa migraci\u00f3n, si se tuviera que producir, si hubiera un cambio de proveedor, garantizar una transici\u00f3n&#8230; cien por cien de un proveedor al otro. L\u00f3gicamente, porque yo creo que de todo hay que aprender, y esta, l\u00f3gicamente, ahora, que se abre, como digo, este nuevo contrato, por ley es garantizar esa transici\u00f3n, l\u00f3gicamente, tambi\u00e9n, entre proveedores, si es que fuera un nuevo proveedor el que saliera de ese nuevo concurso.<\/p>\n<p class=\"Justificado\"><strong>M\u00aa del Carmen Mari\u00f1o (El Peri\u00f3dico<\/strong><strong>). &#8211;<\/strong> <strong>S\u00ed, muchas gracias. Para el ministro de Econom\u00eda, con lo que nos ha dicho del decreto de los territorios ocupados, no s\u00e9 si tienen alguna estimaci\u00f3n de qu\u00e9 impacto tendr\u00edan, tambi\u00e9n si contemplan alg\u00fan tipo de represalia de Israel, viendo que cada vez que se da un paso, Israel responde.<\/strong><\/p>\n<p class=\"Justificado\"><strong>Y luego tambi\u00e9n, a la ministra portavoz, ha dicho que hac\u00edan hoy una declaraci\u00f3n institucional, si no recuerdo mal, por el D\u00eda de la Trata y dem\u00e1s. \u00bfPara cu\u00e1ndo la ley sobre la abolici\u00f3n de la prostituci\u00f3n, que tantos quebraderos cuesta en la coalici\u00f3n porque no se ponen de acuerdo? Y por el momento nada m\u00e1s. Gracias.<\/strong><\/p>\n<p class=\"Justificado\"><strong>Ministro de Econom\u00eda, Comercio y Empresa<\/strong><strong>.<\/strong> <strong>&#8211;<\/strong> S\u00ed, con respecto al impacto de la prohibici\u00f3n de importaci\u00f3n de productos de empresas situadas en territorios ocupados, si tenemos en cuenta el volumen total de comercio con Israel, estamos hablando ya de cantidades, dir\u00edamos, poco significativas para el total del comercio de nuestra econom\u00eda, estamos hablando en torno al 0,5 % del total de las exportaciones, por ejemplo. Es decir, que de cara a ese impacto que me preguntaban tambi\u00e9n antes para nuestra econom\u00eda, estamos hablando de elementos muy marginales, peque\u00f1os, pero s\u00ed que queremos lanzar ese mensaje, en este caso esta prohibici\u00f3n para estas empresas, para las cuales s\u00ed puede tener un efecto significativo.<\/p>\n<p class=\"Justificado\">En cuanto a la segunda parte, yo creo que, en este sentido, no me corresponde a m\u00ed hablar por boca del Gobierno de Israel. Nosotros, si hay algo que tenemos claro, y que creo que todo el mundo puede ver, es una l\u00ednea de trabajo coherente y consistente, una l\u00ednea de pol\u00edtica exterior y, como he dicho anteriormente, va liderando el esfuerzo a nivel internacional para subir la presi\u00f3n al Gobierno israel\u00ed para que la situaci\u00f3n de genocidio en Gaza cese. Y esto es lo que seguimos haciendo y lo que est\u00e1 haciendo tambi\u00e9n, a trav\u00e9s de la presi\u00f3n pol\u00edtica, en este caso, con su participaci\u00f3n en las asambleas de Naciones Unidas en Nueva York el presidente del Gobierno.<\/p>\n<p class=\"Justificado\"><strong>Portavoz.<\/strong> <strong>&#8211;<\/strong> Efectivamente, hemos presentado&#8230; Lo ha entendido usted perfectamente, con motivo del d\u00eda internacional y, de hecho, ya le avanzo que el Gobierno va a traer pr\u00f3ximamente un proyecto de ley contra la trata de las mujeres y la explotaci\u00f3n infantil. Y sobre la abolici\u00f3n de la prostituci\u00f3n, en este caso sabe perfectamente la posici\u00f3n y hablo aqu\u00ed, si me permiten este peque\u00f1o&#8230; en fin, par\u00e9ntesis, que s\u00e9 que no deber\u00eda, l\u00f3gicamente, la posici\u00f3n en este caso del Partido Socialista de seguir adelante en ese debate en el Congreso de los Diputados para materializar esa abolici\u00f3n de la prostituci\u00f3n.<\/p>\n<p class=\"Justificado\"><strong>Luc\u00eda Fern\u00e1ndez (Antena 3<\/strong><strong>). &#8211;<\/strong> <strong>Hola, \u00bfqu\u00e9 tal? Buenas tardes. Al ministro le quer\u00eda preguntar, por aclarar sobre el decreto, \u00bfsignifica que todos los contratos que tengan ahora con Israel caen, o alguno de ellos se puede mantener por esa excepci\u00f3n que acaba de explicar, por esa disposici\u00f3n adicional?<\/strong><\/p>\n<p class=\"Justificado\"><strong>Y luego a la ministra portavoz, esta tarde caer\u00e1 ese traspaso de competencias en inmigraci\u00f3n a Catalu\u00f1a, se constata la divisi\u00f3n de los socios, Junts condiciona el apoyo al Gobierno con que se cumplan los acuerdos. Con este panorama, la pregunta es, portavoz: \u00bfsiguen confiando en que es viable agotar la legislatura y c\u00f3mo lo van a conseguir?<\/strong><\/p>\n<p class=\"Justificado\"><strong>Y, por \u00faltimo, acabamos de conocer que la jueza ha confirmado el procesamiento de David S\u00e1nchez y de Miguel \u00c1ngel Gallardo, \u00bfmantienen ustedes que no hay caso? Gracias.<\/strong><\/p>\n<p class=\"Justificado\"><strong>Ministro de Econom\u00eda, Comercio y Empresa<\/strong><strong>.<\/strong> <strong>&#8211;<\/strong> S\u00ed, con respecto a la desconexi\u00f3n, aqu\u00ed, tanto desde el punto de vista del Ministerio de Defensa, como adelantaba antes, se ha ido haciendo un trabajo en los \u00faltimos meses para llegar a ese objetivo de dependencia cero, es decir, de desconexi\u00f3n total. Y a esto se le suma lo que prev\u00e9 este real decreto, donde incluye, como dec\u00eda antes, una disposici\u00f3n, en este caso es la disposici\u00f3n transitoria, para revocar todas las autorizaciones vigentes a la entrada en vigor del real decreto ley, y prohibir las autorizaciones pendientes de resoluci\u00f3n. Esto es, de nuevo, la forma que tiene este real decreto de evitar que haya, en este caso, ning\u00fan agujero, ninguna previsi\u00f3n o ninguna casu\u00edstica no prevista.<\/p>\n<p class=\"Justificado\"><strong>Portavoz.<\/strong> <strong>&#8211;<\/strong> Sobre la decisi\u00f3n de la jueza, l\u00f3gicamente, el respeto. Se lo vengo trasladando rueda de prensa tras rueda de prensa, y en este&#8230; en este&#8230; En esta cuesti\u00f3n la respuesta va a ser la misma: m\u00e1ximo respeto a las decisiones judiciales. Tambi\u00e9n les dir\u00e9, toda la confianza y esperanza de que la verdad se abra camino y ponga las cosas en su sitio.<\/p>\n<p class=\"Justificado\">Y sobre la pregunta de Junts, es una pregunta que ustedes suelen hacerme tambi\u00e9n habitualmente. Y les voy a volver a recordar lo mismo, ya me perdonar\u00e1n que a veces me repita m\u00e1s que la mojama, pero&#8230; pero es que es as\u00ed. Oiga, es que tenemos un Parlamento que es el Parlamento que han votado, han decidido los ciudadanos, con una complejidad parlamentaria que nos lleva a hablar, debatir y dialogar con todas las fuerzas parlamentarias. Y oiga, ser\u00e1 muy complejo, y habr\u00e1 una importante representaci\u00f3n de fuerzas parlamentarias, pero si vamos a las cosas del comer, en esta legislatura se han aprobado 44 leyes. Busquen ustedes en distintos parlamentos auton\u00f3micos, donde desde luego no tienen, digamos, es complejidad parlamentaria, y en muchos casos no llegan ni a diez las leyes aprobadas. Entonces&#8230; Y se lo vamos a volver otra vez a repetir, s\u00ed, la legislatura termina cuando tiene que terminar, en el a\u00f1o 2027. Y l\u00f3gicamente, este Gobierno va a seguir trabajando hasta el final de esta legislatura y, sobre todo, con voluntad de poder seguir repitiendo despu\u00e9s del a\u00f1o 2027.<\/p>\n<p class=\"Derecha\"> (Transcripci\u00f3n editada por la Secretar\u00eda de Estado de Comunicaci\u00f3n)<\/p>\n","protected":false},"excerpt":{"rendered":"La Moncloa Ministra de Educaci\u00f3n, Formaci\u00f3n Profesional y Deportes y portavoz del Gobierno, Pilar Alegr\u00eda. &#8211; (INAUDIBLE) &#8230;por&hellip;\n","protected":false},"author":2,"featured_media":121663,"comment_status":"","ping_status":"","sticky":false,"template":"","format":"standard","meta":{"footnotes":""},"categories":[5],"tags":[17,18,25,24,13,14,11,19,20,9,10,15,16,23,12,21,22],"class_list":{"0":"post-137471","1":"post","2":"type-post","3":"status-publish","4":"format-standard","5":"has-post-thumbnail","7":"category-titulares","8":"tag-breaking-news","9":"tag-breakingnews","10":"tag-es","11":"tag-espana","12":"tag-featured-news","13":"tag-featurednews","14":"tag-headlines","15":"tag-latest-news","16":"tag-latestnews","17":"tag-news","18":"tag-noticias","19":"tag-noticias-destacadas","20":"tag-noticiasdestacadas","21":"tag-spain","22":"tag-titulares","23":"tag-ultimas-noticias","24":"tag-ultimasnoticias"},"share_on_mastodon":{"url":"","error":""},"_links":{"self":[{"href":"https:\/\/www.europesays.com\/es\/wp-json\/wp\/v2\/posts\/137471","targetHints":{"allow":["GET"]}}],"collection":[{"href":"https:\/\/www.europesays.com\/es\/wp-json\/wp\/v2\/posts"}],"about":[{"href":"https:\/\/www.europesays.com\/es\/wp-json\/wp\/v2\/types\/post"}],"author":[{"embeddable":true,"href":"https:\/\/www.europesays.com\/es\/wp-json\/wp\/v2\/users\/2"}],"replies":[{"embeddable":true,"href":"https:\/\/www.europesays.com\/es\/wp-json\/wp\/v2\/comments?post=137471"}],"version-history":[{"count":0,"href":"https:\/\/www.europesays.com\/es\/wp-json\/wp\/v2\/posts\/137471\/revisions"}],"wp:featuredmedia":[{"embeddable":true,"href":"https:\/\/www.europesays.com\/es\/wp-json\/wp\/v2\/media\/121663"}],"wp:attachment":[{"href":"https:\/\/www.europesays.com\/es\/wp-json\/wp\/v2\/media?parent=137471"}],"wp:term":[{"taxonomy":"category","embeddable":true,"href":"https:\/\/www.europesays.com\/es\/wp-json\/wp\/v2\/categories?post=137471"},{"taxonomy":"post_tag","embeddable":true,"href":"https:\/\/www.europesays.com\/es\/wp-json\/wp\/v2\/tags?post=137471"}],"curies":[{"name":"wp","href":"https:\/\/api.w.org\/{rel}","templated":true}]}}