{"id":137475,"date":"2025-09-25T08:10:09","date_gmt":"2025-09-25T08:10:09","guid":{"rendered":"https:\/\/www.europesays.com\/es\/137475\/"},"modified":"2025-09-25T08:10:09","modified_gmt":"2025-09-25T08:10:09","slug":"inscripciones-xi-prueba-del-circuito-senior-de-castilla-y-leon-en-la-galera-federacion-de-golf-de-castilla-y-leon","status":"publish","type":"post","link":"https:\/\/www.europesays.com\/es\/137475\/","title":{"rendered":"INSCRIPCIONES \u2013 XI Prueba del Circuito Senior de Castilla y Le\u00f3n en La Galera \u2013 Federaci\u00f3n de Golf de Castilla y Le\u00f3n"},"content":{"rendered":"<p>\t\t\t\t\t\t<a href=\"https:\/\/fgolfcyl.org\/2025\/09\/25\/siete-parejas-castellanoleonesas-en-el-campeonato-de-espana-dobles-senior-femenino-que-se-celebra-en-la-valmuza\/\" rel=\"nofollow noopener\" target=\"_blank\">&#13;<br \/>\n\t\t\t\t\t\t\t\t\t <img decoding=\"async\" src=\"https:\/\/www.europesays.com\/es\/wp-content\/uploads\/2025\/09\/la-valmuza-golf.jpeg\" alt=\"Siete parejas castellanoleonesas, en el Campeonato de Espa\u00f1a Dobles Senior Femenino que se celebra en La Valmuza\"\/>&#13;<br \/>\n\t\t\t\t\t\t\t<\/a><\/p>\n<p>\t\tSiete parejas castellanoleonesas, en el Campeonato de Espa\u00f1a Dobles Senior Femenino que se celebra en La Valmuza <\/p>\n<p>Siete parejas integradas por jugadoras castellanoleonesas est\u00e1n presentes en el Campeonato de Espa\u00f1a Dobles Senior Femenino, que se celebra en el recorrido salmantino de La Valmuza los d\u00edas 27 y\u2026<\/p>\n","protected":false},"excerpt":{"rendered":"&#13; &#13; Siete parejas castellanoleonesas, en el Campeonato de Espa\u00f1a Dobles Senior Femenino que se celebra en La&hellip;\n","protected":false},"author":2,"featured_media":137476,"comment_status":"","ping_status":"","sticky":false,"template":"","format":"standard","meta":{"footnotes":""},"categories":[275],"tags":[168,25,24,329,23,167],"class_list":{"0":"post-137475","1":"post","2":"type-post","3":"status-publish","4":"format-standard","5":"has-post-thumbnail","7":"category-golf","8":"tag-deportes","9":"tag-es","10":"tag-espana","11":"tag-golf","12":"tag-spain","13":"tag-sports"},"share_on_mastodon":{"url":"","error":""},"_links":{"self":[{"href":"https:\/\/www.europesays.com\/es\/wp-json\/wp\/v2\/posts\/137475","targetHints":{"allow":["GET"]}}],"collection":[{"href":"https:\/\/www.europesays.com\/es\/wp-json\/wp\/v2\/posts"}],"about":[{"href":"https:\/\/www.europesays.com\/es\/wp-json\/wp\/v2\/types\/post"}],"author":[{"embeddable":true,"href":"https:\/\/www.europesays.com\/es\/wp-json\/wp\/v2\/users\/2"}],"replies":[{"embeddable":true,"href":"https:\/\/www.europesays.com\/es\/wp-json\/wp\/v2\/comments?post=137475"}],"version-history":[{"count":0,"href":"https:\/\/www.europesays.com\/es\/wp-json\/wp\/v2\/posts\/137475\/revisions"}],"wp:featuredmedia":[{"embeddable":true,"href":"https:\/\/www.europesays.com\/es\/wp-json\/wp\/v2\/media\/137476"}],"wp:attachment":[{"href":"https:\/\/www.europesays.com\/es\/wp-json\/wp\/v2\/media?parent=137475"}],"wp:term":[{"taxonomy":"category","embeddable":true,"href":"https:\/\/www.europesays.com\/es\/wp-json\/wp\/v2\/categories?post=137475"},{"taxonomy":"post_tag","embeddable":true,"href":"https:\/\/www.europesays.com\/es\/wp-json\/wp\/v2\/tags?post=137475"}],"curies":[{"name":"wp","href":"https:\/\/api.w.org\/{rel}","templated":true}]}}