{"id":137497,"date":"2025-09-25T08:24:24","date_gmt":"2025-09-25T08:24:24","guid":{"rendered":"https:\/\/www.europesays.com\/es\/137497\/"},"modified":"2025-09-25T08:24:24","modified_gmt":"2025-09-25T08:24:24","slug":"es-mi-nina-pequena-que-nunca-tuve","status":"publish","type":"post","link":"https:\/\/www.europesays.com\/es\/137497\/","title":{"rendered":"Es mi ni\u00f1a peque\u00f1a que nunca tuve"},"content":{"rendered":"<p id=\"euYgWMpfeS\" data-wc=\"100\">Despu\u00e9s de tantos a\u00f1os siendo protagonista de mil y una historias sobre su vida personal, <strong>Mar Flores<\/strong> ha decidido tomar la palabra para contar su verdad. Y lo ha hecho a trav\u00e9s de sus memorias, Mar en calma, escritas en primera persona para recordar todo lo que ha vivido. \u00abNo he escrito este libro para provocar ninguna reacci\u00f3n en los dem\u00e1s, ni para llamar la atenci\u00f3n de nadie. <strong>Si lo he escrito es porque ahora estoy preparada<\/strong>.<strong>\u00a0<\/strong><a class=\"hm-link ho-link\" href=\"https:\/\/www.hola.com\/actualidad\/20250910854663\/mar-flores-entrevista-definitiva-para-mi-alessandro-lequio-persona-no-existe\/\" data-mrf-recirculation=\"article-body-link\" rel=\"nofollow noopener\" target=\"_blank\">Esta es la historia de mi vida y, por primera vez, la cuento yo<\/a>\u00ab, nos dec\u00eda tajante en su \u00faltima entrevista con \u00a1HOLA!.\u00a0<\/p>\n<p> <img src=\"https:\/\/www.europesays.com\/es\/wp-content\/uploads\/2025\/09\/21f38f44e2e0-dlu591837037.jpg\"   width=\"682\" height=\"1024\" loading=\"lazy\" decoding=\"async\" alt=\"Mar Flores en la presentaci\u00f3n de su libro, Mar en Calma, en Madrid el 24 de septiembre de 2025\" fetchpriority=\"auto\" class=\"image ho-image\"\/>\u00a9 GTRES<\/p>\n<p id=\"ebQsyaYOngP\" data-wc=\"80\">El d\u00eda m\u00e1s esperado ha llegado y la modelo y empresaria ha presentado sus memorias en un concurrido acto en Madrid donde ha estado arropada por amigos, seguidores y alguien muy especial para ella: <a class=\"hm-link ho-link\" href=\"https:\/\/www.hola.com\/actualidad\/20250922857227\/laura-matamoros-separacion-benji-maternidad\/\" data-mrf-recirculation=\"article-body-link\" rel=\"nofollow noopener\" target=\"_blank\">su sobrina Laura Matamoros<\/a>, que una vez m\u00e1s le mostr\u00f3 su apoyo incondicional. La influencer\u00a0no quiso faltar porque era consciente de lo importante que era este d\u00eda para su t\u00eda, y as\u00ed lo confes\u00f3: \u00ab<strong>Ya no solo apoyarla, sino a demostrarle que estamos aqu\u00ed todos<\/strong>\u00ab.\u00a0<\/p>\n<p> <img src=\"https:\/\/www.europesays.com\/es\/wp-content\/uploads\/2025\/09\/09af30aaea4a-dlu591837048.jpg\"   width=\"681\" height=\"1024\" loading=\"lazy\" decoding=\"async\" alt=\"Laura Matamoros en la presentaci\u00f3n de las memorias de su t\u00eda, Mar Flores\" fetchpriority=\"auto\" class=\"image ho-image\"\/>\u00a9 GTRES<\/p>\n<p id=\"eImmdxtocXZ\" data-wc=\"70\">De hecho, reconoci\u00f3 que le hab\u00eda sorprendido la ausencia de su primo, <strong>Carlo Constanzia,\u00a0<\/strong>despu\u00e9s de que hace unos d\u00edas estuviera en la fiesta del <a class=\"hm-link ho-link\" href=\"https:\/\/www.hola.com\/actualidad\/20250917856468\/terelu-campos-celebra-cumplanos-alejandra-rubio-carlo-costanzia\/\" data-mrf-recirculation=\"article-body-link\" rel=\"nofollow noopener\" target=\"_blank\">60\u00ba cumplea\u00f1os de Terelu Campos<\/a>. \u00abDesde luego que s\u00ed, no voy a decir que no&#8230; pero <strong>cada uno sabe d\u00f3nde tiene que estar y cu\u00e1ndo tiene que estar<\/strong>. A lo mejor apoyar en silencio tambi\u00e9n es su opci\u00f3n, no lo s\u00e9&#8230;\u00bb, confes\u00f3 a los medios.\u00a0<\/p>\n<p id=\"e9qfg-ZfQmI\" data-wc=\"46\">\u00ab<strong>Yo no puedo hablar por el resto, ni mucho menos por \u00e9l<\/strong>&#8230; La sensaci\u00f3n que a m\u00ed me genera es estar y apoyar estando, ya que tambi\u00e9n soy una cara conocida y, para mi t\u00eda, estar de esta manera yo creo que tambi\u00e9n es apoyar\u00bb, concluy\u00f3.\u00a0<\/p>\n<p> <img src=\"https:\/\/www.europesays.com\/es\/wp-content\/uploads\/2025\/09\/6203bf0f06f3-europapress6979871marflores1.jpg\"   width=\"1024\" height=\"746\" loading=\"lazy\" decoding=\"async\" alt=\"Mar Flores con su sobrina Laura Matamoros en la presentaci\u00f3n de su libro, Mar en Calma, en Madrid el 24 de septiembre de 2025\" fetchpriority=\"auto\" class=\"image ho-image\"\/>\u00a9 Europa Press<\/p>\n<p> <img src=\"https:\/\/www.europesays.com\/es\/wp-content\/uploads\/2025\/09\/76caab77793c-europapress6979875marflores2.jpg\"   width=\"1024\" height=\"663\" loading=\"lazy\" decoding=\"async\" alt=\"Mar Flores con su sobrina Laura Matamoros en la presentaci\u00f3n de su libro, Mar en Calma, en Madrid el 24 de septiembre de 2025\" fetchpriority=\"auto\" class=\"image ho-image\"\/>\u00a9 Europa Press<\/p>\n<p id=\"elRcG__eWH7\" data-wc=\"80\">\u00abCreo que es su momento. Yo lo digo siempre, hay que tocar fondo para empezar a volver a vivir y vivir de una manera tranquila y serena. <strong>Mar tambi\u00e9n tiene derecho a contarlo todo con sus palabras y a hablarlo, igual que lo ha hablado todo el mundo. No creo por eso que se tenga que fisurar nada m\u00e1s<\/strong>\u00ab, dijo haciendo referencia a las pol\u00e9micas o tensiones familiares que podr\u00eda provocar que ciertos episodios de su vida vieran la luz.\u00a0<\/p>\n<p> <img src=\"https:\/\/www.europesays.com\/es\/wp-content\/uploads\/2025\/09\/47c95d06f1bc-dlu591837071.jpg\"   width=\"1024\" height=\"682\" loading=\"lazy\" decoding=\"async\" alt=\"Mar Flores con su sobrina Laura Matamoros en la presentaci\u00f3n de su libro, Mar en Calma, en Madrid el 24 de septiembre de 2025\" fetchpriority=\"auto\" class=\"image ho-image\"\/>\u00a9 GTRES<\/p>\n<p id=\"eim2KjNMSzi\" data-wc=\"73\">\u00abSi la familia ya estaba dividida, no hace falta un libro&#8230;\u00bb, brome\u00f3, dejando claro que: \u00abLos que hemos estado unidos desde el principio hasta el final, no considero que desuna. <strong>No entiendo que alguien se moleste<\/strong>, porque es algo que ya todo el mundo conoc\u00eda\u00bb. La colaboradora de televisi\u00f3n aprovech\u00f3 para firmarle un ejemplar y que pudiera leer el libro, ya que Laura hab\u00eda confesado que a\u00fan no hab\u00eda tenido ocasi\u00f3n de leerlo.\u00a0<\/p>\n<p> <img src=\"https:\/\/www.europesays.com\/es\/wp-content\/uploads\/2025\/09\/f5b17dc140d6-dlu591837069.jpg\"   width=\"1024\" height=\"682\" loading=\"lazy\" decoding=\"async\" alt=\"Mar Flores con su sobrina Laura Matamoros en la presentaci\u00f3n de su libro, Mar en Calma, en Madrid el 24 de septiembre de 2025\" fetchpriority=\"auto\" class=\"image ho-image\"\/>\u00a9 GTRES<\/p>\n<p id=\"eOGMRSeG8X\" data-wc=\"91\">T\u00eda y sobrina <strong>se fundieron en un cari\u00f1oso abrazo\u00a0<\/strong>y solo hay que ver la sonrisa de Mar Flores para darse cuenta de la ilusi\u00f3n que le hizo verla en la presentaci\u00f3n. La modelo estaba especialmente emocionada en este d\u00eda tan importante para ella y agradeci\u00f3 enormemente el apoyo de Laura. \u00abSon momentos en los que todo el mundo est\u00e1 trabajando y es complicad\u00edsimo las horas y todo&#8230; Al final ha podido venir y me ha hecho much\u00edsima ilusi\u00f3n. Es mi ni\u00f1a peque\u00f1a que no tuve porque tengo todo varones\u00bb, afirm\u00f3.<\/p>\n<p> <img src=\"https:\/\/www.europesays.com\/es\/wp-content\/uploads\/2025\/09\/aeaff0f73f3a-dlu591837004.jpg\"   width=\"682\" height=\"1024\" loading=\"lazy\" decoding=\"async\" alt=\"Mar Flores en la presentaci\u00f3n de su libro, Mar en Calma, en Madrid el 24 de septiembre de 2025\" fetchpriority=\"auto\" class=\"image ho-image\"\/>\u00a9 GTRES<\/p>\n<p class=\"\" id=\"ea1v87MVHu1\" data-wc=\"73\">Respecto a que <a class=\"hm-link ho-link\" href=\"https:\/\/www.hola.com\/actualidad\/20250923857353\/carlo-costanzia-se-pronuncia-en-medio-de-la-dura-batalla-que-mantienen-sus-padres\/\" data-mrf-recirculation=\"article-body-link\" rel=\"nofollow noopener\" target=\"_blank\">su hijo no hubiera ido<\/a> a la presentaci\u00f3n, Mar asegur\u00f3 que: \u00abSomos una familia unida y tengo una relaci\u00f3n estupenda con mi hijo. De hecho, <a class=\"hm-link ho-link\" href=\"https:\/\/www.hola.com\/actualidad\/20250731847509\/mar-flores-primeras-palabras-nuevo-proyecto-television-hijo-carlo-costanzia\/\" data-mrf-recirculation=\"article-body-link\" rel=\"nofollow noopener\" target=\"_blank\">estamos trabajando en equipo en un programa de televisi\u00f3n<\/a> y es que el pobre est\u00e1 trabajando hoy\u00bb. \u00ab<strong>Tampoco han venido otros hijos m\u00edos, \u00a1que es que tengo m\u00e1s! Y no por eso no me quieren<\/strong>\u00ab, dijo con una sonrisa para dar por zanjado el tema.<\/p>\n<p><\/p>\n<p>Mar Flores y Laura M. Flores se someten al test de complicidad de \u00a1HOLA!<\/p>\n","protected":false},"excerpt":{"rendered":"Despu\u00e9s de tantos a\u00f1os siendo protagonista de mil y una historias sobre su vida personal, Mar Flores ha&hellip;\n","protected":false},"author":2,"featured_media":137498,"comment_status":"","ping_status":"","sticky":false,"template":"","format":"standard","meta":{"footnotes":""},"categories":[91],"tags":[517,146,147,25,24,24819,9892,23],"class_list":{"0":"post-137497","1":"post","2":"type-post","3":"status-publish","4":"format-standard","5":"has-post-thumbnail","7":"category-entretenimiento","8":"tag-actualidad","9":"tag-entertainment","10":"tag-entretenimiento","11":"tag-es","12":"tag-espana","13":"tag-laura-matamoros","14":"tag-mar-flores","15":"tag-spain"},"share_on_mastodon":{"url":"","error":""},"_links":{"self":[{"href":"https:\/\/www.europesays.com\/es\/wp-json\/wp\/v2\/posts\/137497","targetHints":{"allow":["GET"]}}],"collection":[{"href":"https:\/\/www.europesays.com\/es\/wp-json\/wp\/v2\/posts"}],"about":[{"href":"https:\/\/www.europesays.com\/es\/wp-json\/wp\/v2\/types\/post"}],"author":[{"embeddable":true,"href":"https:\/\/www.europesays.com\/es\/wp-json\/wp\/v2\/users\/2"}],"replies":[{"embeddable":true,"href":"https:\/\/www.europesays.com\/es\/wp-json\/wp\/v2\/comments?post=137497"}],"version-history":[{"count":0,"href":"https:\/\/www.europesays.com\/es\/wp-json\/wp\/v2\/posts\/137497\/revisions"}],"wp:featuredmedia":[{"embeddable":true,"href":"https:\/\/www.europesays.com\/es\/wp-json\/wp\/v2\/media\/137498"}],"wp:attachment":[{"href":"https:\/\/www.europesays.com\/es\/wp-json\/wp\/v2\/media?parent=137497"}],"wp:term":[{"taxonomy":"category","embeddable":true,"href":"https:\/\/www.europesays.com\/es\/wp-json\/wp\/v2\/categories?post=137497"},{"taxonomy":"post_tag","embeddable":true,"href":"https:\/\/www.europesays.com\/es\/wp-json\/wp\/v2\/tags?post=137497"}],"curies":[{"name":"wp","href":"https:\/\/api.w.org\/{rel}","templated":true}]}}