{"id":137503,"date":"2025-09-25T08:27:09","date_gmt":"2025-09-25T08:27:09","guid":{"rendered":"https:\/\/www.europesays.com\/es\/137503\/"},"modified":"2025-09-25T08:27:09","modified_gmt":"2025-09-25T08:27:09","slug":"trump-denuncia-un-triple-sabotaje-en-la-asamblea-general-de-la-onu-y-exige-una-investigacion-inmediata","status":"publish","type":"post","link":"https:\/\/www.europesays.com\/es\/137503\/","title":{"rendered":"Trump denuncia un \u00abtriple sabotaje\u00bb en la Asamblea General de la ONU y exige una investigaci\u00f3n \u00abinmediata\u00bb"},"content":{"rendered":"<p class=\"voc-p\" style=\"\">El presidente de <strong>Estados Unidos<\/strong>, <a href=\"https:\/\/www.abc.es\/noticias\/donald-trump\/\" title=\"www.abc.es\" data-voc-vtm-id=\"in-text-traffic\" data-mrf-link=\"www.abc.es\" rel=\"nofollow noopener\" target=\"_blank\">Donald Trump<\/a>, ha anunciado en la noche de este mi\u00e9rcoles el env\u00edo de una misiva al secretario general de Naciones Unidas, Ant\u00f3nio Guterres, exigiendo \u00abuna investigaci\u00f3n inmediata\u00bb acerca del \u00abtriple sabotaje \u00bb conformado por <strong>\u00abtres sucesos muy siniestros\u00bb<\/strong>, en referencia a los incidentes con una escalera mec\u00e1nica en el acceso de la sede y, momentos despu\u00e9s, con un telepr\u00f3mpter y con el sonido del sal\u00f3n de sesiones.<\/p>\n<p class=\"voc-p\" style=\"\">\u00abAyer (este martes) ocurri\u00f3 una verdadera desgracia en Naciones Unidas. \u00a1No uno, ni dos, sino tres sucesos siniestros!\u00bb, ha lamentado el inquilino de la<strong> Casa Blanca <\/strong>en una publicaci\u00f3n en su red social, Truth Social, en donde ha afirmado que <strong>\u00abesto no fue una coincidencia, fue un triple sabotaje en la ONU\u00bb<\/strong>.<\/p>\n<p class=\"voc-p\" style=\"\">Trump ha anunciado as\u00ed el env\u00edo de \u00abuna copia de esta carta\u00bb al secretario general de la <a href=\"https:\/\/www.abc.es\/noticias\/onu\/\" title=\"www.abc.es\" data-voc-vtm-id=\"in-text-traffic\" data-mrf-link=\"www.abc.es\" rel=\"nofollow noopener\" target=\"_blank\">ONU<\/a>, cuyos representantes, seg\u00fan el dirigente estadounidense <strong>\u00abdeber\u00edan estar avergonzados\u00bb<\/strong>. \u00abNo me extra\u00f1a que Naciones Unidas no haya podido cumplir con la funci\u00f3n para la que fue creada\u00bb, a\u00f1adi\u00f3.<\/p>\n<p class=\"voc-p\" style=\"\">Asimismo, ha indicado que el Servicio Secreto est\u00e1 involucrado en el an\u00e1lisis de los hechos y <strong>ha exigido \u00abuna investigaci\u00f3n inmediata\u00bb<\/strong>, instando a que se guardan \u00abtodas las cintas de seguridad de la escalera mec\u00e1nica, especialmente el bot\u00f3n de parada de emergencia\u00bb.<\/p>\n<p class=\"voc-p\" style=\"\">\u00abSe detuvo de golpe. Se par\u00f3 en seco. Es incre\u00edble que Melania (Trump, la primera dama) y yo no nos cay\u00e9ramos de bruces sobre los bordes afilados de esos escalones de acero\u00bb, ha relatado.<strong> \u00abDe no ser porque nos agarr\u00e1bamos firmemente al pasarmanos, habr\u00eda sido un desastre\u00bb<\/strong>, ha asegurado acerca de un hecho que califica de \u00ab sabotaje absoluto\u00bb, reclamando la detenci\u00f3n de sus responsables.<\/p>\n<p class=\"voc-p\" style=\"\">Momentos despu\u00e9s, el inquilino de la Casa Blanca tuvo problemas tambi\u00e9n con el telepr\u00f3mpter, en un incidente que hizo saber entonces a los dem\u00e1s representantes y ante el cu\u00e1l se ha preguntado \u00abqu\u00e9 clase de lugar\u00bb es la sede de la ONU.<\/p>\n<p class=\"voc-p\" style=\"\">\u00abLa buena noticia es que el discurso recibi\u00f3 excelentes cr\u00edticas. Quiz\u00e1s apreciaron que muy pocas personas pudieron haber hecho lo que yo hice\u00bb, ha a\u00f1adido en defensa de su comparancia. Durante el tiempo que dur\u00f3 \u00e9sta, tambi\u00e9n el sonido de la sala habr\u00eda sido problem\u00e1tico: <strong>\u00ablos l\u00edderes mundiales, a menos que usaran los auriculares de los int\u00e9rpretes, no pod\u00edan o\u00edr nada\u00bb<\/strong>, se ha lamentado.<\/p>\n<p class=\"voc-p\" style=\"\">Con todo, Naciones Unidas ha presentado versiones contrarias a las alegaciones del presidente de Estados Unidos. Por una parte, el portavoz de Guterres, St\u00e9phane Dujarric, ha indicado en una nota de prensa que la escalera mec\u00e1nica se habr\u00eda detenido despu\u00e9s de que una c\u00e1mara de la delegaci\u00f3n estadounidense pisara \u00absin darse cuenta\u00bb de un mecanismo de seguridad en la parte superior tras adelantarse al matrimonio Trump documentar su llegada.<\/p>\n<p class=\"voc-p\" style=\"\">Por otro lado, la presidenta de la Asamblea General de la ONU, Annalena Baerbock, asegur\u00f3 tras la intervenci\u00f3n de Trump que \u00ablos telepr\u00f3mpter de Naciones Unidas funcionan perfectamente\u00bb, sin que se sepa si la delegaci\u00f3n llev\u00f3 uno propio para el discurso de Trump, que comenz\u00f3 apoy\u00e1ndose en notas escritas.<\/p>\n<p>Reportar un error<\/p>\n","protected":false},"excerpt":{"rendered":"El presidente de Estados Unidos, Donald Trump, ha anunciado en la noche de este mi\u00e9rcoles el env\u00edo de&hellip;\n","protected":false},"author":2,"featured_media":137504,"comment_status":"","ping_status":"","sticky":false,"template":"","format":"standard","meta":{"footnotes":""},"categories":[42],"tags":[19345,17,18,6775,5820,13,14,3015,11,7153,61,62,63,64,1294,19,20,9,10,15,16,732,25943,12,13890,936,21,22,65,66,67],"class_list":{"0":"post-137503","1":"post","2":"type-post","3":"status-publish","4":"format-standard","5":"has-post-thumbnail","7":"category-internacional","8":"tag-asamblea","9":"tag-breaking-news","10":"tag-breakingnews","11":"tag-denuncia","12":"tag-exige","13":"tag-featured-news","14":"tag-featurednews","15":"tag-general","16":"tag-headlines","17":"tag-inmediata","18":"tag-internacional","19":"tag-international","20":"tag-international-news","21":"tag-internationalnews","22":"tag-investigacion","23":"tag-latest-news","24":"tag-latestnews","25":"tag-news","26":"tag-noticias","27":"tag-noticias-destacadas","28":"tag-noticiasdestacadas","29":"tag-onu","30":"tag-sabotaje","31":"tag-titulares","32":"tag-triple","33":"tag-trump","34":"tag-ultimas-noticias","35":"tag-ultimasnoticias","36":"tag-world","37":"tag-world-news","38":"tag-worldnews"},"share_on_mastodon":{"url":"","error":""},"_links":{"self":[{"href":"https:\/\/www.europesays.com\/es\/wp-json\/wp\/v2\/posts\/137503","targetHints":{"allow":["GET"]}}],"collection":[{"href":"https:\/\/www.europesays.com\/es\/wp-json\/wp\/v2\/posts"}],"about":[{"href":"https:\/\/www.europesays.com\/es\/wp-json\/wp\/v2\/types\/post"}],"author":[{"embeddable":true,"href":"https:\/\/www.europesays.com\/es\/wp-json\/wp\/v2\/users\/2"}],"replies":[{"embeddable":true,"href":"https:\/\/www.europesays.com\/es\/wp-json\/wp\/v2\/comments?post=137503"}],"version-history":[{"count":0,"href":"https:\/\/www.europesays.com\/es\/wp-json\/wp\/v2\/posts\/137503\/revisions"}],"wp:featuredmedia":[{"embeddable":true,"href":"https:\/\/www.europesays.com\/es\/wp-json\/wp\/v2\/media\/137504"}],"wp:attachment":[{"href":"https:\/\/www.europesays.com\/es\/wp-json\/wp\/v2\/media?parent=137503"}],"wp:term":[{"taxonomy":"category","embeddable":true,"href":"https:\/\/www.europesays.com\/es\/wp-json\/wp\/v2\/categories?post=137503"},{"taxonomy":"post_tag","embeddable":true,"href":"https:\/\/www.europesays.com\/es\/wp-json\/wp\/v2\/tags?post=137503"}],"curies":[{"name":"wp","href":"https:\/\/api.w.org\/{rel}","templated":true}]}}