{"id":137505,"date":"2025-09-25T08:28:09","date_gmt":"2025-09-25T08:28:09","guid":{"rendered":"https:\/\/www.europesays.com\/es\/137505\/"},"modified":"2025-09-25T08:28:09","modified_gmt":"2025-09-25T08:28:09","slug":"mostoles-acoge-la-clausura-del-madrid-investment-forum-2025-en-el-teatro-del-bosque","status":"publish","type":"post","link":"https:\/\/www.europesays.com\/es\/137505\/","title":{"rendered":"M\u00f3stoles acoge la clausura del Madrid Investment Forum 2025, en el Teatro del Bosque"},"content":{"rendered":"<ul>\n<li class=\" cmAlignjustify\"><strong>El <\/strong><strong>municipio puso el broche de oro a tres d\u00edas de encuentro entre inversores, comercios y grandes empresas punteras en emprendimiento e innovaci\u00f3n.<\/strong><\/li>\n<\/ul>\n<ul>\n<li class=\" cmAlignjustify\"><strong>El acto cont\u00f3 con la presencia del alcalde de M\u00f3stoles, Manuel Bautista, el presidente de la Asamblea de Madrid, Enrique Ossorio; la consejera de Econom\u00eda, Hacienda y Empleo de la Comunidad de Madrid, Roc\u00edo Albert; el consejero de Digitalizaci\u00f3n, Miguel L\u00f3pez-Valverde y representantes de empresas, entidades y municipios de toda la Comunidad de Madrid.<\/strong><\/li>\n<\/ul>\n<p class=\"cmParagraph cmAlignjustify\"><img loading=\"lazy\" decoding=\"async\" src=\"https:\/\/www.europesays.com\/es\/wp-content\/uploads\/2025\/09\/1390528-destacada M\u00f3stoles acoge la clausura del Madrid Investment Forum 2025 (6) copia.jpg\" width=\"400\" height=\"225\" alt=\"destacada M\u00f3stoles acoge la clausura del Madrid Investment Forum 2025 (6) copia\"\/>El Ayuntamiento de M\u00f3stoles, participa en el Madrid Investment Forum 2025, que se ha celebrado los d\u00edas 22, 23 y 24 septiembre en distintos municipios de la Comunidad de Madrid, y que supone un punto de encuentro para acoger inversores, comercios y grandes empresas, punteras en el sector de la innovaci\u00f3n y el emprendimiento. <\/p>\n<p class=\"cmParagraph cmAlignjustify\">El acto de clausura, celebrado ayer, tuvo lugar en M\u00f3stoles, en el Teatro del Bosque, con numerosas personalidades. La apertura institucional del acto, que comenz\u00f3 a las 18:00 h, cont\u00f3 con las intervenciones del alcalde de M\u00f3stoles, Manuel Bautista, y con el presidente de la Asamblea de Madrid, Enrique Ossorio. <\/p>\n<p class=\"cmParagraph cmAlignjustify\">Tambi\u00e9n participaron el consejero de Digitalizaci\u00f3n, Miguel L\u00f3pez-Valverde, el director ejecutivo de Invest in Madrid, Luis Soc\u00edas y alcaldes y representantes de otros municipios de la Comunidad de Madrid. <\/p>\n<p class=\"cmParagraph cmAlignjustify\">Por su parte, la consejera de Econom\u00eda, Hacienda y Empleo de la Comunidad de Madrid, Roc\u00edo Albert intervino en M\u00f3stoles poniendo el punto y final a estas jornadas que fomentan iniciativas de inversi\u00f3n en la regi\u00f3n. Albert destac\u00f3 que \u00abestos reconocimientos permiten visibilizar el esfuerzo de las empresas espa\u00f1olas y su papel fundamental en el crecimiento econ\u00f3mico, tanto por su contribuci\u00f3n a la creaci\u00f3n de riqueza y empleo como por su impulso a la innovaci\u00f3n\u00bb. <\/p>\n<p class=\"cmParagraph cmAlignjustify\">Posteriormente, diversos ponentes, pertenecientes a empresas destacadas del sector, participaron en una mesa redonda sobre emprendimiento e inversi\u00f3n. <\/p>\n<p class=\"cmParagraph cmAlignjustify\">A continuaci\u00f3n, se procedi\u00f3 a una entrega de reconocimientos a la inversi\u00f3n y el emprendimiento a los alcaldes de los municipios organizadores del foro y se premi\u00f3 a las empresas en la categor\u00eda de Innovaci\u00f3n a Vertiports Networks; en la de Talento, a ARRK Engineering; en la de Visi\u00f3n 179, a la Fundaci\u00f3n MTP; el de Trayectoria Empresarial, al Grupo VIPS; el de Impacto Social, a tuTECHO; el de Proyecci\u00f3n Internacional, a IE University y el de Puente Madrid-Hispanoam\u00e9rica para la Casa de M\u00e9xico en Espa\u00f1a.<\/p>\n<p class=\"cmParagraph cmAlignjustify\"><strong>Madrid Investment Forum 2025<\/strong> <\/p>\n<p class=\"cmParagraph cmAlignjustify\">Los d\u00edas previos, el lunes 22, tuvo lugar la inauguraci\u00f3n por la ma\u00f1ana, en el Club Financiero G\u00e9nova, a cargo de la Presidenta de la Comunidad de Madrid, Isabel D\u00edaz Ayuso y del alcalde de Madrid, Jos\u00e9 Luis Mart\u00ednez-Almeida. Por la tarde, en el municipio de Arganda del Rey, el foro tuvo lugar en Finanzauto. <\/p>\n<p class=\"cmParagraph cmAlignjustify\">El martes 23, el bloque de ma\u00f1ana se celebr\u00f3 en Colmenar Viejo, en la Sala de Cristal, edificio La Estaci\u00f3n, y, el bloque de tarde, en Boadilla del Monte, en el Palacio del Infante Don Luis. <\/p>\n<p class=\"cmParagraph cmAlignjustify\">Finalmente, la jornada de clausura tuvo lugar el d\u00eda 24 en Colmenar de Oreja, concretamente en las Bodegas Peral, por la ma\u00f1ana, y en el Teatro del Bosque de M\u00f3stoles, por la tarde, poniendo el broche final a tres d\u00edas de encuentro de atracci\u00f3n de inversi\u00f3n para la regi\u00f3n madrile\u00f1a.<\/p>\n<p class=\"cmParagraph cmAlignjustify\"><strong>M\u00f3stoles, polo de atracci\u00f3n de inversi\u00f3n<\/strong><\/p>\n<p class=\"cmParagraph cmAlignjustify\">El Alcalde de M\u00f3stoles, Manuel Bautista, destac\u00f3 en su intervenci\u00f3n los datos de M\u00f3stoles en materia de inversi\u00f3n y empresas que \u00abno son fruto de un esfuerzo puntual, sino de una estrategia sostenida que coloca a nuestra ciudad a la vanguardia en empleo, formaci\u00f3n y desarrollo econ\u00f3mico en la Comunidad de Madrid\u00bb. <\/p>\n<p class=\"cmParagraph cmAlignjustify\">\u00abEn M\u00f3stoles tenemos un ecosistema y un tejido empresarial integrado por 11.000 empresas; asociaciones o entidades que lo representan, con diferentes modelos empresariales de pymes, micropymes, startups, aut\u00f3nomos, que nos posicionan como referente en la regi\u00f3n\u00bb, explic\u00f3. <\/p>\n<p class=\"cmParagraph cmAlignjustify\">\u00abNuestro Vivero de Empresas es un claro ejemplo de colaboraci\u00f3n entre entidades p\u00fablicas. Un vivero que logr\u00f3 el primer puesto en el ranking de viveros de la Comunidad de Madrid y el 4\u00ba en el ranking nacional de viveros avanzados\u00bb, a\u00f1adi\u00f3.   <\/p>\n<p class=\"cmParagraph cmAlignjustify\">\u00abAdem\u00e1s, fomentamos iniciativas de apoyo al emprendimiento, como el MIEB, un proyecto pionero que ha consolidado a M\u00f3stoles como un polo de innovaci\u00f3n en el sur de Madrid, que requiere de medidas complementarias orientadas al desarrollo de suelo. As\u00ed, junto a la Comunidad de Madrid, este Gobierno municipal ha creado el consorcio M\u00f3stoles Puerta Oeste, un eje industrial y log\u00edstico de casi 2 millones de metros cuadrados donde empresas que requieran parcelas de gran tama\u00f1o podr\u00e1n desarrollar su actividad. Esto, unido a una pol\u00edtica fiscal liberal, convierten a M\u00f3stoles en un ecosistema id\u00f3neo para la inversi\u00f3n y la generaci\u00f3n de empleo\u00bb. <\/p>\n<p class=\"cmParagraph cmAlignjustify\">Por \u00faltimo, agradeci\u00f3 a la presidenta de la Comunidad de Madrid \u00absu apuesta decidida por la innovaci\u00f3n, emprendimiento, por la b\u00fasqueda del pleno empleo\u2026por llevar, en definitiva, a la Comunidad de Madrid a su m\u00e1xima cota y por apostar por M\u00f3stoles con los casi 200 millones de euros de inversi\u00f3n\u00bb.<\/p>\n","protected":false},"excerpt":{"rendered":"El municipio puso el broche de oro a tres d\u00edas de encuentro entre inversores, comercios y grandes empresas&hellip;\n","protected":false},"author":2,"featured_media":137506,"comment_status":"","ping_status":"","sticky":false,"template":"","format":"standard","meta":{"footnotes":""},"categories":[8],"tags":[1201,6853,1250,17,18,6854,777,2800,5509,25,24,13,14,11,6852,1928,6850,19,20,6849,9,10,15,16,4111,6851,23,12,21,22,6855],"class_list":{"0":"post-137505","1":"post","2":"type-post","3":"status-publish","4":"format-standard","5":"has-post-thumbnail","7":"category-espana","8":"tag-alcalde","9":"tag-atencioacuten-ciudadana","10":"tag-ayuntamiento","11":"tag-breaking-news","12":"tag-breakingnews","13":"tag-callejero","14":"tag-ciudad","15":"tag-distritos","16":"tag-empleo","17":"tag-es","18":"tag-espana","19":"tag-featured-news","20":"tag-featurednews","21":"tag-headlines","22":"tag-inversioacuten","23":"tag-joven","24":"tag-juventud","25":"tag-latest-news","26":"tag-latestnews","27":"tag-moacutestoles","28":"tag-news","29":"tag-noticias","30":"tag-noticias-destacadas","31":"tag-noticiasdestacadas","32":"tag-presupuestos","33":"tag-sede-electroacutenica","34":"tag-spain","35":"tag-titulares","36":"tag-ultimas-noticias","37":"tag-ultimasnoticias","38":"tag-webs-municipales"},"share_on_mastodon":{"url":"","error":""},"_links":{"self":[{"href":"https:\/\/www.europesays.com\/es\/wp-json\/wp\/v2\/posts\/137505","targetHints":{"allow":["GET"]}}],"collection":[{"href":"https:\/\/www.europesays.com\/es\/wp-json\/wp\/v2\/posts"}],"about":[{"href":"https:\/\/www.europesays.com\/es\/wp-json\/wp\/v2\/types\/post"}],"author":[{"embeddable":true,"href":"https:\/\/www.europesays.com\/es\/wp-json\/wp\/v2\/users\/2"}],"replies":[{"embeddable":true,"href":"https:\/\/www.europesays.com\/es\/wp-json\/wp\/v2\/comments?post=137505"}],"version-history":[{"count":0,"href":"https:\/\/www.europesays.com\/es\/wp-json\/wp\/v2\/posts\/137505\/revisions"}],"wp:featuredmedia":[{"embeddable":true,"href":"https:\/\/www.europesays.com\/es\/wp-json\/wp\/v2\/media\/137506"}],"wp:attachment":[{"href":"https:\/\/www.europesays.com\/es\/wp-json\/wp\/v2\/media?parent=137505"}],"wp:term":[{"taxonomy":"category","embeddable":true,"href":"https:\/\/www.europesays.com\/es\/wp-json\/wp\/v2\/categories?post=137505"},{"taxonomy":"post_tag","embeddable":true,"href":"https:\/\/www.europesays.com\/es\/wp-json\/wp\/v2\/tags?post=137505"}],"curies":[{"name":"wp","href":"https:\/\/api.w.org\/{rel}","templated":true}]}}