{"id":137507,"date":"2025-09-25T08:29:39","date_gmt":"2025-09-25T08:29:39","guid":{"rendered":"https:\/\/www.europesays.com\/es\/137507\/"},"modified":"2025-09-25T08:29:39","modified_gmt":"2025-09-25T08:29:39","slug":"la-politica-agricola-europea-en-cifras-infografias-temas","status":"publish","type":"post","link":"https:\/\/www.europesays.com\/es\/137507\/","title":{"rendered":"La pol\u00edtica agr\u00edcola europea en cifras (infograf\u00edas) | Temas"},"content":{"rendered":"<p>\u00bfQu\u00e9 parte del presupuesto de la UE se destina a la agricultura?<\/p>\n<p data-start=\"175\" data-end=\"374\">La Pol\u00edtica Agr\u00edcola Com\u00fan cuenta con 387 000 millones de euros de financiaci\u00f3n para el per\u00edodo 2021-2027. En 2023, el gasto agr\u00edcola represent\u00f3 una cuarta parte del total del presupuesto de la UE.<\/p>\n<p data-start=\"376\" data-end=\"604\">De esta financiaci\u00f3n, dos tercios (67 %) se destinaron a ayudas directas a la renta de las y los agricultores, un 28 % al desarrollo de las zonas rurales y el 5 % restante a intervenciones en el mercado de productos agr\u00edcolas.<\/p>\n<p class=\"ep-wysiwig_paragraph\">Las reglas que establecen la distribuci\u00f3n de los fondos de la PAC est\u00e1n vinculadas al <a href=\"https:\/\/www.europarl.europa.eu\/news\/es\/headlines\/priorities\/presupuesto-de-la-ue\/20200131STO71519\/explicacion-del-presupuesto-de-la-ue-a-largo-plazo\" target=\"_blank\" rel=\"noopener nofollow\">presupuesto de la UE a largo plazo<\/a>. Las normas actuales tendr\u00e1n validez hasta diciembre de 2027. A partir de entonces, se tendr\u00e1n que ajustar al nuevo presupuesto que comenzar\u00e1 en 2028.<\/p>\n<p data-start=\"115\" data-end=\"622\">En septiembre de 2025,<a href=\"https:\/\/www.europarl.europa.eu\/news\/es\/press-room\/20250905IPR30180\/el-parlamento-fija-posicion-sobre-el-futuro-de-la-politica-agricola-de-la-ue\" target=\"_blank\" rel=\"noopener nofollow\">el Parlamento Europeo fij\u00f3 su posici\u00f3n sobre el futuro de la pol\u00edtica agr\u00edcola de la UE<\/a>. Los eurodiputados se opusieron a la propuesta de la Comisi\u00f3n Europea de integrar la financiaci\u00f3n agr\u00edcola con otras \u00e1reas de actuaci\u00f3n y reclamaron, en su lugar, un presupuesto agr\u00edcola independiente y reforzado. Tambi\u00e9n pidieron que las ayudas directas a la renta se garanticen a todas las y los agricultores activos y profesionales, as\u00ed como una reducci\u00f3n de la carga administrativa.<\/p>\n<p>\u00bfCu\u00e1ntas personas se benefician del presupuesto agr\u00edcola de la Uni\u00f3n Europea?<\/p>\n<p data-start=\"708\" data-end=\"819\">Los fondos agr\u00edcolas de la UE apoyan a <a href=\"https:\/\/agriculture.ec.europa.eu\/common-agricultural-policy\/financing-cap\/beneficiaries_es\" target=\"_blank\" rel=\"noopener nofollow\">casi siete millones<\/a> de beneficiarios en toda la Uni\u00f3n.<\/p>\n<p>Ayudas a la renta para agricultoras y agricultores<\/p>\n<p data-start=\"879\" data-end=\"1018\">En 2022, m\u00e1s de 5,9 millones de agricultoras y agricultores recibieron ayudas directas a la renta a trav\u00e9s de la Pol\u00edtica Agr\u00edcola Com\u00fan.<\/p>\n<p data-start=\"1020\" data-end=\"1225\">Estas ayudas garantizan la estabilidad de los ingresos y recompensan la gesti\u00f3n del medio rural y del entorno natural. El importe de la ayuda depende en general del tama\u00f1o de la explotaci\u00f3n en hect\u00e1reas.<\/p>\n<p data-start=\"1227\" data-end=\"1493\">Adem\u00e1s del pago b\u00e1sico, la UE ofrece pagos adicionales para promover pr\u00e1cticas agr\u00edcolas sostenibles que contribuyan a la acci\u00f3n por el clima, a la protecci\u00f3n del medio ambiente y al bienestar animal. Estos denominados <strong data-start=\"1446\" data-end=\"1463\">eco-reg\u00edmenes<\/strong> son de car\u00e1cter voluntario.<\/p>\n<p>Desarrollo rural<\/p>\n<p data-start=\"1519\" data-end=\"1882\">En 2022, alrededor de 3,5 millones de personas se beneficiaron de proyectos de la UE relacionados con el desarrollo rural. Estos proyectos contribuyen a garantizar la competitividad de la agricultura y la silvicultura, apoyan la gesti\u00f3n sostenible de los recursos naturales y la acci\u00f3n clim\u00e1tica, y fomentan el desarrollo de las econom\u00edas y comunidades rurales.<\/p>\n<p>Apoyo al mercado agr\u00edcola<\/p>\n<p data-start=\"1917\" data-end=\"2213\">En 2022, unas 110 000 personas se beneficiaron de medidas de mercado. Estas medidas tienen como objetivo estabilizar los mercados agr\u00edcolas, evitar que las crisis de mercado se agraven, estimular la demanda y ayudar a los sectores agr\u00edcolas de la UE a adaptarse mejor a los cambios del mercado.<\/p>\n","protected":false},"excerpt":{"rendered":"\u00bfQu\u00e9 parte del presupuesto de la UE se destina a la agricultura? La Pol\u00edtica Agr\u00edcola Com\u00fan cuenta con&hellip;\n","protected":false},"author":2,"featured_media":137508,"comment_status":"","ping_status":"","sticky":false,"template":"","format":"standard","meta":{"footnotes":""},"categories":[5],"tags":[17,18,25,24,13,14,11,19,20,9,10,15,16,43340,23,12,21,22],"class_list":{"0":"post-137507","1":"post","2":"type-post","3":"status-publish","4":"format-standard","5":"has-post-thumbnail","7":"category-titulares","8":"tag-breaking-news","9":"tag-breakingnews","10":"tag-es","11":"tag-espana","12":"tag-featured-news","13":"tag-featurednews","14":"tag-headlines","15":"tag-latest-news","16":"tag-latestnews","17":"tag-news","18":"tag-noticias","19":"tag-noticias-destacadas","20":"tag-noticiasdestacadas","21":"tag-producttypestory","22":"tag-spain","23":"tag-titulares","24":"tag-ultimas-noticias","25":"tag-ultimasnoticias"},"share_on_mastodon":{"url":"","error":""},"_links":{"self":[{"href":"https:\/\/www.europesays.com\/es\/wp-json\/wp\/v2\/posts\/137507","targetHints":{"allow":["GET"]}}],"collection":[{"href":"https:\/\/www.europesays.com\/es\/wp-json\/wp\/v2\/posts"}],"about":[{"href":"https:\/\/www.europesays.com\/es\/wp-json\/wp\/v2\/types\/post"}],"author":[{"embeddable":true,"href":"https:\/\/www.europesays.com\/es\/wp-json\/wp\/v2\/users\/2"}],"replies":[{"embeddable":true,"href":"https:\/\/www.europesays.com\/es\/wp-json\/wp\/v2\/comments?post=137507"}],"version-history":[{"count":0,"href":"https:\/\/www.europesays.com\/es\/wp-json\/wp\/v2\/posts\/137507\/revisions"}],"wp:featuredmedia":[{"embeddable":true,"href":"https:\/\/www.europesays.com\/es\/wp-json\/wp\/v2\/media\/137508"}],"wp:attachment":[{"href":"https:\/\/www.europesays.com\/es\/wp-json\/wp\/v2\/media?parent=137507"}],"wp:term":[{"taxonomy":"category","embeddable":true,"href":"https:\/\/www.europesays.com\/es\/wp-json\/wp\/v2\/categories?post=137507"},{"taxonomy":"post_tag","embeddable":true,"href":"https:\/\/www.europesays.com\/es\/wp-json\/wp\/v2\/tags?post=137507"}],"curies":[{"name":"wp","href":"https:\/\/api.w.org\/{rel}","templated":true}]}}